{"id":3530,"date":"2025-03-10T19:10:34","date_gmt":"2025-03-10T18:10:34","guid":{"rendered":"https:\/\/www.dmoz.fr\/tendances\/accident-grave-joinville\/"},"modified":"2025-03-10T19:10:34","modified_gmt":"2025-03-10T18:10:34","slug":"accident-grave-joinville","status":"publish","type":"post","link":"https:\/\/www.dmoz.fr\/tendances\/accident-grave-joinville\/","title":{"rendered":"Accident grave \u00e0 Joinville : ce que vous devez savoir pour comprendre les enjeux"},"content":{"rendered":"<h2>Accident grave \u00e0 Joinville : les t\u00e9moignages bouleversants des proches<\/h2>\n<p>Le drame survenu \u00e0 Joinville a laiss\u00e9 une empreinte ind\u00e9l\u00e9bile dans le c\u0153ur des familles touch\u00e9es. Les proches des victimes se sont exprim\u00e9s, partageant des r\u00e9cits empreints d\u2019\u00e9motion et de douleur. \u00ab C&rsquo;\u00e9tait un jour comme les autres, je ne m&rsquo;attendais pas \u00e0 recevoir ce coup de t\u00e9l\u00e9phone \u00bb, confie Marie, la s\u0153ur de l&rsquo;une des victimes. Ses larmes trahissent l&rsquo;angoisse et la tristesse qu&rsquo;elle ressent depuis ce jour fatidique. Les t\u00e9moignages affluent, chacun r\u00e9v\u00e9lant une facette de la trag\u00e9die. Pierre, ami de longue date de la victime, \u00e9voque des souvenirs d&rsquo;une jeunesse insouciante : \u00ab On rigolait ensemble, on faisait les 400 coups. Je ne peux pas croire que tout cela soit fini. \u00bb La communaut\u00e9 se retrouve soud\u00e9e dans cette \u00e9preuve, et les mots des proches r\u00e9sonnent comme un cri de d\u00e9sespoir, mais aussi comme un hommage \u00e0 ceux qui ont perdu la vie dans cet accident.<\/p>\n<p>Les histoires se croisent, se compl\u00e8tent et dressent un tableau poignant de la vie des victimes. \u00ab Il avait tant de projets, tant de r\u00eaves \u00bb, d\u00e9clare Sophie, la compagne de l&rsquo;une des personnes impliqu\u00e9es. Les r\u00eaves bris\u00e9s se m\u00ealent \u00e0 la r\u00e9alit\u00e9 douloureuse de l&rsquo;absence. Les proches se rem\u00e9morent des moments simples, des \u00e9clats de rire, des instants de bonheur partag\u00e9s. Le r\u00e9cit de Marc, un voisin, est particuli\u00e8rement touchant : \u00ab Je l&rsquo;ai vu grandir, il \u00e9tait toujours souriant. Jamais je n&rsquo;aurais pens\u00e9 qu&rsquo;il partirait si vite. \u00bb Les t\u00e9moignages r\u00e9v\u00e8lent une humanit\u00e9 profonde, une lutte contre l&rsquo;incompr\u00e9hension et la col\u00e8re face \u00e0 l&rsquo;injustice d&rsquo;une vie interrompue. Les proches se regroupent, organisent des veill\u00e9es, des hommages pour honorer la m\u00e9moire des disparus. Chaque mot prononc\u00e9, chaque larme vers\u00e9e est un pas vers la gu\u00e9rison, un moyen de faire face \u00e0 la douleur.<\/p>\n<h3>Des questions qui hantent les esprits<\/h3>\n<ul>\n<li><b>Comment cet accident a-t-il pu se produire ?<\/b><\/li>\n<li><b>Quelles mesures seront prises pour \u00e9viter de tels drames \u00e0 l&rsquo;avenir ?<\/b><\/li>\n<li><b>Comment les proches peuvent-ils trouver du soutien dans une telle \u00e9preuve ?<\/b><\/li>\n<\/ul>\n<h3>Des souvenirs grav\u00e9s \u00e0 jamais<\/h3>\n<p>Les souvenirs des victimes ne s&rsquo;effaceront jamais, ils demeureront grav\u00e9s dans les c\u0153urs. \u00ab Chaque jour qui passe est un rappel de son absence \u00bb, d\u00e9clare un ami proche, les yeux embu\u00e9s de larmes. Les t\u00e9moignages des proches sont un appel \u00e0 la m\u00e9moire collective, une fa\u00e7on de dire que ces vies, bien que fauch\u00e9es trop t\u00f4t, ont eu un impact ind\u00e9l\u00e9bile sur ceux qui les entouraient. Les r\u00e9cits de vie, de rires et de complicit\u00e9 sont autant de t\u00e9moignages d&rsquo;une humanit\u00e9 r\u00e9siliente, qui malgr\u00e9 la douleur, continue de se battre pour que la m\u00e9moire des disparus soit honor\u00e9e. Dans cette qu\u00eate de sens, la solidarit\u00e9 entre les proches s&rsquo;intensifie, les aidant \u00e0 surmonter l&rsquo;absence et \u00e0 trouver un chemin vers la paix int\u00e9rieure.<\/p>\n<h3>Des \u00e9chos de solidarit\u00e9<\/h3>\n<p>Au sein de la communaut\u00e9, une dynamique de soutien s&rsquo;est mise en place. Les voisins, les amis, tous unis dans la douleur, organisent des rencontres pour partager leurs souvenirs et se soutenir mutuellement. \u00ab Nous avons besoin les uns des autres, c&rsquo;est dans ces moments-l\u00e0 que l&rsquo;on r\u00e9alise \u00e0 quel point la vie est pr\u00e9cieuse \u00bb, d\u00e9clare un membre de la famille. Des actions collectives, des collectes de fonds pour les familles touch\u00e9es, et des veill\u00e9es en m\u00e9moire des victimes t\u00e9moignent de cette solidarit\u00e9. Les t\u00e9moignages continuent d\u2019affluer, chacun ajoutant une pierre \u00e0 l&rsquo;\u00e9difice de la m\u00e9moire collective. <\/p>\n<h3>Des interrogations qui perdurent<\/h3>\n<p>Les proches se posent de nombreuses questions sur les circonstances de l&rsquo;accident. \u00ab Pourquoi lui ? Pourquoi maintenant ? \u00bb Ces interrogations r\u00e9sonnent dans leurs esprits, amplifiant la douleur de la perte. Les enqu\u00eates en cours visent \u00e0 \u00e9tablir les faits, mais elles ne peuvent apaiser la souffrance. \u00ab Nous voulons juste comprendre, savoir ce qui s&rsquo;est pass\u00e9 \u00bb, exprime un parent, le visage marqu\u00e9 par l&rsquo;angoisse. La qu\u00eate de r\u00e9ponses est un parcours difficile, mais n\u00e9cessaire pour avancer et trouver une forme de r\u00e9confort. <\/p>\n<h3>Un hommage \u00e0 la vie<\/h3>\n<p>Les hommages se multiplient, les gestes de solidarit\u00e9 se font ressentir. Les proches s&rsquo;engagent \u00e0 faire vivre la m\u00e9moire des disparus \u00e0 travers des actions concr\u00e8tes, des \u0153uvres caritatives, et des \u00e9v\u00e9nements en leur honneur. Les t\u00e9moignages continuent d\u2019\u00eatre partag\u00e9s, et chaque r\u00e9cit devient un hommage vibrant \u00e0 la vie, \u00e0 l&rsquo;amour et \u00e0 l&rsquo;amiti\u00e9. Les voix des proches r\u00e9sonnent, port\u00e9es par la douleur, mais aussi par l&rsquo;espoir de ne jamais oublier ceux qui ont quitt\u00e9 ce monde trop t\u00f4t.<\/p>\n<h2>Pr\u00e9venir les accidents graves \u00e0 Joinville : initiatives et solutions \u00e0 envisager<\/h2>\n<p>\u00c0 Joinville, la s\u00e9curit\u00e9 des citoyens est un enjeu crucial qui n\u00e9cessite une attention particuli\u00e8re. Plusieurs initiatives peuvent \u00eatre mises en \u0153uvre pour pr\u00e9venir les accidents graves, qu&rsquo;ils soient li\u00e9s \u00e0 la circulation, aux activit\u00e9s sportives ou aux \u00e9v\u00e9nements publics. Par exemple, la mise en place de campagnes de sensibilisation sur les dangers de la vitesse et de l&rsquo;alcool au volant peut avoir un impact significatif. <b>Des ateliers \u00e9ducatifs<\/b> dans les \u00e9coles et les centres communautaires peuvent \u00e9galement permettre de sensibiliser les jeunes sur l&rsquo;importance de la s\u00e9curit\u00e9 routi\u00e8re. En outre, la collaboration avec des associations locales pour organiser des \u00e9v\u00e9nements de pr\u00e9vention pourrait favoriser une prise de conscience collective. <\/p>\n<p>Un autre aspect essentiel est l&rsquo;am\u00e9lioration des infrastructures. La cr\u00e9ation de <b>zones pi\u00e9tonnes<\/b> s\u00e9curis\u00e9es et de pistes cyclables bien signal\u00e9es peut contribuer \u00e0 r\u00e9duire les risques d&rsquo;accidents. De plus, l&rsquo;installation de dispositifs de s\u00e9curit\u00e9 tels que des ralentisseurs et des feux de circulation intelligents peut \u00e9galement jouer un r\u00f4le pr\u00e9ventif. Les autorit\u00e9s locales doivent \u00e9galement envisager de renforcer la pr\u00e9sence polici\u00e8re dans les zones \u00e0 risque, tout en int\u00e9grant des <b>technologies modernes<\/b> pour surveiller le trafic et d\u00e9tecter les comportements dangereux. En adoptant une approche proactive, Joinville peut devenir un mod\u00e8le de s\u00e9curit\u00e9 pour les autres villes.<\/p>\n<h3>Questions fr\u00e9quentes sur la pr\u00e9vention des accidents \u00e0 Joinville<\/h3>\n<p><b>Quels types d&rsquo;accidents sont les plus fr\u00e9quents \u00e0 Joinville ?<\/b><br \/>\nLes accidents de la route, notamment ceux impliquant des pi\u00e9tons et des cyclistes, ainsi que les incidents li\u00e9s aux \u00e9v\u00e9nements publics, sont parmi les plus courants.<\/p>\n<p><b>Comment la communaut\u00e9 peut-elle s&rsquo;impliquer dans la pr\u00e9vention ?<\/b><br \/>\nLes citoyens peuvent participer \u00e0 des initiatives de sensibilisation, rejoindre des groupes de pr\u00e9vention et s&rsquo;engager dans des actions locales visant \u00e0 am\u00e9liorer la s\u00e9curit\u00e9.<\/p>\n<p><b>Quelles sont les mesures prises par la municipalit\u00e9 ?<\/b><br \/>\nLa municipalit\u00e9 a mis en place des campagnes de sensibilisation, am\u00e9lior\u00e9 les infrastructures routi\u00e8res et renforc\u00e9 la s\u00e9curit\u00e9 lors des \u00e9v\u00e9nements publics.<\/p>\n","protected":false},"excerpt":{"rendered":"<p>Accident grave \u00e0 Joinville : les t\u00e9moignages bouleversants des proches Le drame survenu \u00e0 Joinville a laiss\u00e9 une empreinte ind\u00e9l\u00e9bile dans le c\u0153ur des familles touch\u00e9es. Les proches des victimes se sont exprim\u00e9s, partageant des r\u00e9cits empreints d\u2019\u00e9motion et de douleur. \u00ab C&rsquo;\u00e9tait un jour comme les autres, je ne m&rsquo;attendais pas \u00e0 recevoir ce&#8230;<\/p>\n","protected":false},"author":1,"featured_media":0,"comment_status":"","ping_status":"","sticky":false,"template":"","format":"standard","meta":{"_kad_post_transparent":"","_kad_post_title":"","_kad_post_layout":"","_kad_post_sidebar_id":"","_kad_post_content_style":"","_kad_post_vertical_padding":"","_kad_post_feature":"","_kad_post_feature_position":"","_kad_post_header":false,"_kad_post_footer":false,"_kad_post_classname":"","iawp_total_views":1,"footnotes":""},"categories":[1],"tags":[],"class_list":["post-3530","post","type-post","status-publish","format-standard","hentry","category-actualites"],"_links":{"self":[{"href":"https:\/\/www.dmoz.fr\/tendances\/wp-json\/wp\/v2\/posts\/3530","targetHints":{"allow":["GET"]}}],"collection":[{"href":"https:\/\/www.dmoz.fr\/tendances\/wp-json\/wp\/v2\/posts"}],"about":[{"href":"https:\/\/www.dmoz.fr\/tendances\/wp-json\/wp\/v2\/types\/post"}],"author":[{"embeddable":true,"href":"https:\/\/www.dmoz.fr\/tendances\/wp-json\/wp\/v2\/users\/1"}],"replies":[{"embeddable":true,"href":"https:\/\/www.dmoz.fr\/tendances\/wp-json\/wp\/v2\/comments?post=3530"}],"version-history":[{"count":0,"href":"https:\/\/www.dmoz.fr\/tendances\/wp-json\/wp\/v2\/posts\/3530\/revisions"}],"wp:attachment":[{"href":"https:\/\/www.dmoz.fr\/tendances\/wp-json\/wp\/v2\/media?parent=3530"}],"wp:term":[{"taxonomy":"category","embeddable":true,"href":"https:\/\/www.dmoz.fr\/tendances\/wp-json\/wp\/v2\/categories?post=3530"},{"taxonomy":"post_tag","embeddable":true,"href":"https:\/\/www.dmoz.fr\/tendances\/wp-json\/wp\/v2\/tags?post=3530"}],"curies":[{"name":"wp","href":"https:\/\/api.w.org\/{rel}","templated":true}]}}