{"id":3547,"date":"2025-03-10T23:08:55","date_gmt":"2025-03-10T22:08:55","guid":{"rendered":"https:\/\/www.dmoz.fr\/tendances\/valerie-benaim-jeune\/"},"modified":"2025-03-10T23:08:55","modified_gmt":"2025-03-10T22:08:55","slug":"valerie-benaim-jeune","status":"publish","type":"post","link":"https:\/\/www.dmoz.fr\/tendances\/valerie-benaim-jeune\/","title":{"rendered":"Val\u00e9rie Benaim jeune : d\u00e9couvrez le visage surprenant de l&rsquo;animatrice d&rsquo;hier \u00e0 aujourd&rsquo;hui !"},"content":{"rendered":"<h2>Val\u00e9rie Benaim jeune : un regard sur ses d\u00e9buts dans le monde m\u00e9diatique<\/h2>\n<p>Val\u00e9rie Benaim, figure embl\u00e9matique du paysage m\u00e9diatique fran\u00e7ais, a commenc\u00e9 son parcours avec une \u00e9nergie d\u00e9bordante et une passion pour la communication. N\u00e9e en 1970, elle a fait ses premiers pas dans le monde de la t\u00e9l\u00e9vision \u00e0 la fin des ann\u00e9es 90. \u00c0 cette \u00e9poque, Val\u00e9rie n\u2019\u00e9tait pas encore la personnalit\u00e9 charismatique que nous connaissons aujourd\u2019hui, mais une jeune femme pleine d\u2019ambitions. Son premier grand r\u00f4le a \u00e9t\u00e9 sur la cha\u00eene \u00ab\u00a0M6\u00a0\u00bb, o\u00f9 elle a su se faire remarquer gr\u00e2ce \u00e0 sa vivacit\u00e9 d\u2019esprit et son humour d\u00e9capant. Elle a rapidement su s\u2019imposer dans un milieu o\u00f9 la concurrence est rude, prouvant que son talent et sa d\u00e9termination \u00e9taient des atouts majeurs.<\/p>\n<p>D\u00e8s ses d\u00e9buts, Val\u00e9rie Benaim a cultiv\u00e9 un style unique qui lui a permis de se d\u00e9marquer. Son sourire contagieux et sa capacit\u00e9 \u00e0 cr\u00e9er un lien avec le public ont \u00e9t\u00e9 des \u00e9l\u00e9ments d\u00e9terminants dans son ascension. \u00c0 l\u2019\u00e9poque, elle a anim\u00e9 plusieurs \u00e9missions, touchant \u00e0 divers genres allant de la culture \u00e0 l&rsquo;actualit\u00e9. En 2004, elle a rejoint l\u2019\u00e9quipe de \u00ab\u00a0Touche pas \u00e0 mon poste\u00a0!\u00a0\u00bb, une \u00e9mission qui a propuls\u00e9 sa carri\u00e8re vers de nouveaux sommets. Ce passage a \u00e9t\u00e9 crucial, car il a permis \u00e0 Val\u00e9rie de s&rsquo;affirmer en tant que chroniqueuse incontournable, et de montrer au grand public l\u2019\u00e9tendue de son talent. Elle a su apporter une touche personnelle \u00e0 chaque intervention, m\u00ealant humour et r\u00e9flexion, captivant ainsi les t\u00e9l\u00e9spectateurs.<\/p>\n<h3>Les \u00e9l\u00e9ments cl\u00e9s de son ascension<\/h3>\n<ul>\n<li><b>\u00c9nergie et passion<\/b> : Val\u00e9rie a toujours eu une \u00e9nergie d\u00e9bordante qui lui a permis de captiver son public.<\/li>\n<li><b>Humour et esprit critique<\/b> : Son sens de l&rsquo;humour a su s\u00e9duire de nombreux t\u00e9l\u00e9spectateurs, tout en abordant des sujets s\u00e9rieux avec une approche l\u00e9g\u00e8re.<\/li>\n<li><b>Polyvalence<\/b> : Capable d&rsquo;animer des \u00e9missions vari\u00e9es, elle a su s&rsquo;adapter aux diff\u00e9rents formats m\u00e9diatiques.<\/li>\n<li><b>\u00c9quipe et collaborations<\/b> : Travailler avec des personnalit\u00e9s influentes du monde de la t\u00e9l\u00e9vision a \u00e9galement jou\u00e9 un r\u00f4le essentiel dans sa carri\u00e8re.<\/li>\n<\/ul>\n<h3>Les d\u00e9fis rencontr\u00e9s<\/h3>\n<p>Val\u00e9rie Benaim a \u00e9galement d\u00fb faire face \u00e0 des d\u00e9fis importants au cours de sa carri\u00e8re. Le monde m\u00e9diatique est souvent impitoyable, et chaque erreur peut \u00eatre scrut\u00e9e \u00e0 la loupe. Malgr\u00e9 cela, elle a toujours su rebondir et apprendre de ses exp\u00e9riences. Sa capacit\u00e9 \u00e0 naviguer dans les m\u00e9andres de la t\u00e9l\u00e9vision fran\u00e7aise, \u00e0 la fois en tant qu&rsquo;animatrice et chroniqueuse, t\u00e9moigne de sa r\u00e9silience. Sa jeunesse, loin d\u2019\u00eatre un obstacle, a \u00e9t\u00e9 un atout, lui permettant d&rsquo;apporter une perspective fra\u00eeche et dynamique \u00e0 ses projets.<\/p>\n<h3>Une influence grandissante<\/h3>\n<p>La notori\u00e9t\u00e9 de Val\u00e9rie Benaim a grandi avec le temps, et ses d\u00e9buts dans le monde m\u00e9diatique ont \u00e9t\u00e9 le fondement d&rsquo;une carri\u00e8re riche et vari\u00e9e. Gr\u00e2ce \u00e0 son authenticit\u00e9 et sa capacit\u00e9 \u00e0 cr\u00e9er des liens, elle a su s&rsquo;imposer comme une voix influente dans le paysage audiovisuel fran\u00e7ais. Son parcours inspire de nombreuses jeunes femmes qui r\u00eavent de faire carri\u00e8re dans les m\u00e9dias, prouvant qu\u2019avec du travail et de la d\u00e9termination, tout est possible.<\/p>\n<h3>Questions fr\u00e9quentes sur Val\u00e9rie Benaim<\/h3>\n<ul>\n<li><b>Quel est le premier emploi de Val\u00e9rie Benaim dans les m\u00e9dias ?<\/b> Elle a d\u00e9but\u00e9 sur M6, o\u00f9 elle a rapidement su se faire un nom.<\/li>\n<li><b>Comment Val\u00e9rie a-t-elle r\u00e9ussi \u00e0 se faire conna\u00eetre ?<\/b> Son humour et son charisme l\u2019ont aid\u00e9e \u00e0 capter l\u2019attention des t\u00e9l\u00e9spectateurs.<\/li>\n<li><b>Quelles \u00e9missions a-t-elle anim\u00e9es ?<\/b> Elle a particip\u00e9 \u00e0 plusieurs \u00e9missions, dont \u00ab\u00a0Touche pas \u00e0 mon poste\u00a0!\u00a0\u00bb, qui a \u00e9t\u00e9 d\u00e9terminante pour sa carri\u00e8re.<\/li>\n<li><b>Quels d\u00e9fis a-t-elle rencontr\u00e9s ?<\/b> Comme tout professionnel des m\u00e9dias, elle a d\u00fb faire face \u00e0 des critiques et \u00e0 la pression, mais elle a toujours su rebondir.<\/li>\n<\/ul>\n<h2>Les secrets de la jeunesse de Val\u00e9rie Benaim : entre passion et d\u00e9termination<\/h2>\n<p>Val\u00e9rie Benaim, cette figure embl\u00e9matique du paysage m\u00e9diatique fran\u00e7ais, a su allier sa passion pour le journalisme \u00e0 une d\u00e9termination sans faille. Depuis ses d\u00e9buts, elle s&rsquo;est impos\u00e9e par son authenticit\u00e9 et sa capacit\u00e9 \u00e0 captiver un public avide d&rsquo;histoires humaines. Ce qui distingue Val\u00e9rie, c&rsquo;est sa capacit\u00e9 \u00e0 transformer chaque exp\u00e9rience en une le\u00e7on de vie. \u00c0 l&rsquo;\u00e9poque o\u00f9 elle commen\u00e7ait sa carri\u00e8re, elle ne se contentait pas de suivre les tendances, mais cherchait \u00e0 les comprendre et \u00e0 les questionner. Sa curiosit\u00e9 insatiable pour le monde qui l&rsquo;entoure l&rsquo;a pouss\u00e9e \u00e0 explorer des th\u00e9matiques vari\u00e9es, allant de la culture pop aux enjeux soci\u00e9taux. Son parcours est une v\u00e9ritable mosa\u00efque, o\u00f9 chaque pi\u00e8ce contribue \u00e0 son identit\u00e9 unique. <\/p>\n<p>La jeunesse de Val\u00e9rie Benaim est \u00e9galement marqu\u00e9e par des choix audacieux, qui t\u00e9moignent de son esprit combatif. Elle a toujours su naviguer \u00e0 travers les d\u00e9fis avec une \u00e9nergie renouvel\u00e9e, se lan\u00e7ant dans des projets qui lui tenaient \u00e0 c\u0153ur. Par exemple, son engagement dans des causes sociales et son soutien aux jeunes talents refl\u00e8tent cette volont\u00e9 d&rsquo;impacter positivement son environnement. En parall\u00e8le, elle a su s&rsquo;entourer de personnes inspirantes, des mentors qui l&rsquo;ont guid\u00e9e et des pairs qui l&rsquo;ont encourag\u00e9e \u00e0 d\u00e9passer ses limites. Cette dynamique de partage et de collaboration a \u00e9t\u00e9 essentielle dans son ascension. En d&rsquo;autres termes, la passion de Val\u00e9rie pour son m\u00e9tier, coupl\u00e9e \u00e0 sa d\u00e9termination, lui a permis de construire une carri\u00e8re solide, tout en restant fid\u00e8le \u00e0 ses valeurs.<\/p>\n<h3>Les piliers de la r\u00e9ussite de Val\u00e9rie Benaim<\/h3>\n<ul>\n<li><b>Passion pour le journalisme :<\/b> Une curiosit\u00e9 insatiable pour le monde.<\/li>\n<li><b>D\u00e9termination :<\/b> Un esprit combatif face aux d\u00e9fis.<\/li>\n<li><b>Engagement social :<\/b> Soutien aux causes qui lui tiennent \u00e0 c\u0153ur.<\/li>\n<li><b>R\u00e9seau inspirant :<\/b> Collaboration avec des mentors et pairs.<\/li>\n<\/ul>\n<h3>Les cl\u00e9s de sa long\u00e9vit\u00e9 dans les m\u00e9dias<\/h3>\n<ul>\n<li><b>Authenticit\u00e9 :<\/b> Rester fid\u00e8le \u00e0 soi-m\u00eame tout en \u00e9voluant.<\/li>\n<li><b>Adaptabilit\u00e9 :<\/b> Savoir s&rsquo;ajuster aux changements du paysage m\u00e9diatique.<\/li>\n<li><b>Cr\u00e9ativit\u00e9 :<\/b> Apporter une touche personnelle \u00e0 chaque projet.<\/li>\n<\/ul>\n<h3>D\u00e9couvrez ses inspirations<\/h3>\n<ul>\n<li><b>Figures embl\u00e9matiques :<\/b> Des journalistes et artistes qui l&rsquo;ont influenc\u00e9e.<\/li>\n<li><b>Livres et films :<\/b> Oeuvres qui nourrissent sa r\u00e9flexion et sa cr\u00e9ativit\u00e9.<\/li>\n<\/ul>\n<h3>Ce que l&rsquo;on peut apprendre de son parcours<\/h3>\n<ul>\n<li><b>Pers\u00e9v\u00e9rance :<\/b> Ne jamais abandonner face \u00e0 l&rsquo;adversit\u00e9.<\/li>\n<li><b>Passion :<\/b> Suivre ses r\u00eaves et aspirations sans rel\u00e2che.<\/li>\n<\/ul>\n<h3>Curieux d&rsquo;en savoir plus ?<\/h3>\n<p>Vous souhaitez d\u00e9couvrir d&rsquo;autres facettes de Val\u00e9rie Benaim et les secrets qui l&rsquo;ont men\u00e9e au succ\u00e8s ? N&rsquo;h\u00e9sitez pas \u00e0 explorer ses projets r\u00e9cents et ses engagements, car chaque \u00e9tape de son parcours est une invitation \u00e0 s&rsquo;inspirer et \u00e0 se surpasser.<\/p>\n","protected":false},"excerpt":{"rendered":"<p>Val\u00e9rie Benaim jeune : un regard sur ses d\u00e9buts dans le monde m\u00e9diatique Val\u00e9rie Benaim, figure embl\u00e9matique du paysage m\u00e9diatique fran\u00e7ais, a commenc\u00e9 son parcours avec une \u00e9nergie d\u00e9bordante et une passion pour la communication. N\u00e9e en 1970, elle a fait ses premiers pas dans le monde de la t\u00e9l\u00e9vision \u00e0 la fin des ann\u00e9es&#8230;<\/p>\n","protected":false},"author":1,"featured_media":0,"comment_status":"","ping_status":"","sticky":false,"template":"","format":"standard","meta":{"_kad_post_transparent":"","_kad_post_title":"","_kad_post_layout":"","_kad_post_sidebar_id":"","_kad_post_content_style":"","_kad_post_vertical_padding":"","_kad_post_feature":"","_kad_post_feature_position":"","_kad_post_header":false,"_kad_post_footer":false,"_kad_post_classname":"","iawp_total_views":5,"footnotes":""},"categories":[1],"tags":[],"class_list":["post-3547","post","type-post","status-publish","format-standard","hentry","category-actualites"],"_links":{"self":[{"href":"https:\/\/www.dmoz.fr\/tendances\/wp-json\/wp\/v2\/posts\/3547","targetHints":{"allow":["GET"]}}],"collection":[{"href":"https:\/\/www.dmoz.fr\/tendances\/wp-json\/wp\/v2\/posts"}],"about":[{"href":"https:\/\/www.dmoz.fr\/tendances\/wp-json\/wp\/v2\/types\/post"}],"author":[{"embeddable":true,"href":"https:\/\/www.dmoz.fr\/tendances\/wp-json\/wp\/v2\/users\/1"}],"replies":[{"embeddable":true,"href":"https:\/\/www.dmoz.fr\/tendances\/wp-json\/wp\/v2\/comments?post=3547"}],"version-history":[{"count":0,"href":"https:\/\/www.dmoz.fr\/tendances\/wp-json\/wp\/v2\/posts\/3547\/revisions"}],"wp:attachment":[{"href":"https:\/\/www.dmoz.fr\/tendances\/wp-json\/wp\/v2\/media?parent=3547"}],"wp:term":[{"taxonomy":"category","embeddable":true,"href":"https:\/\/www.dmoz.fr\/tendances\/wp-json\/wp\/v2\/categories?post=3547"},{"taxonomy":"post_tag","embeddable":true,"href":"https:\/\/www.dmoz.fr\/tendances\/wp-json\/wp\/v2\/tags?post=3547"}],"curies":[{"name":"wp","href":"https:\/\/api.w.org\/{rel}","templated":true}]}}