{"id":3602,"date":"2025-03-11T09:20:11","date_gmt":"2025-03-11T08:20:11","guid":{"rendered":"https:\/\/www.dmoz.fr\/tendances\/waris-dirie-jeune\/"},"modified":"2025-03-11T09:20:11","modified_gmt":"2025-03-11T08:20:11","slug":"waris-dirie-jeune","status":"publish","type":"post","link":"https:\/\/www.dmoz.fr\/tendances\/waris-dirie-jeune\/","title":{"rendered":"Waris Dirie jeune : les secrets d&rsquo;une ic\u00f4ne de la beaut\u00e9 et de la r\u00e9silience"},"content":{"rendered":"<p><\/p>\n<div id='video-container' data-video-id='Y-0k4FDlAPs' style='width:100%; height:auto; max-width:587px; position: relative;'>\n<div class='image-video-plugin' style='background:url(\"https:\/\/img.youtube.com\/vi\/Y-0k4FDlAPs\/0.jpg\") center no-repeat; background-size: cover;'><\/div>\n<p>        <span class='youtube-play-button'><\/span><br \/>\n        <noscript><a href=\"https:\/\/www.youtube.com\/watch?v=Y-0k4FDlAPs\" target=\"_blank\" rel=\"noopener\">Play on YouTube<\/a><\/noscript>\n    <\/div>\n<p><\/p>\n<h2>Waris dirie jeune : une enfance marqu\u00e9e par la r\u00e9silience<\/h2>\n<p>Waris Dirie, cette figure embl\u00e9matique, a vu le jour dans un environnement o\u00f9 la lutte \u00e9tait le quotidien. N\u00e9e en Somalie en 1965, elle a grandi dans un contexte o\u00f9 les traditions et les contraintes socioculturelles pesaient lourdement sur les femmes. D\u00e8s son plus jeune \u00e2ge, elle a \u00e9t\u00e9 confront\u00e9e \u00e0 des d\u00e9fis inimaginables, notamment la pratique de l\u2019excision, qui a marqu\u00e9 son corps et son esprit. Cette \u00e9preuve, loin de la d\u00e9truire, a cultiv\u00e9 en elle une force int\u00e9rieure remarquable. Elle a d\u00fb naviguer entre les attentes de sa famille et son d\u00e9sir d\u2019\u00e9mancipation, forgeant ainsi son caract\u00e8re r\u00e9silient. Waris a \u00e9galement \u00e9t\u00e9 t\u00e9moin des difficult\u00e9s \u00e9conomiques de sa communaut\u00e9, ce qui a renforc\u00e9 son envie de se battre pour un avenir meilleur, non seulement pour elle-m\u00eame, mais aussi pour toutes les femmes de son pays. <\/p>\n<p>La jeunesse de Waris est aussi marqu\u00e9e par des voyages. \u00c0 l&rsquo;\u00e2ge de 13 ans, elle a \u00e9t\u00e9 envoy\u00e9e \u00e0 Mogadiscio pour vivre avec des membres de sa famille. Cette transition a \u00e9t\u00e9 un tournant dans sa vie, car elle a d\u00e9couvert un monde bien diff\u00e9rent de celui de son enfance. La ville, avec ses opportunit\u00e9s et ses d\u00e9fis, lui a ouvert les yeux sur la r\u00e9alit\u00e9 de la vie urbaine. Elle a d\u00fb s&rsquo;adapter rapidement, faisant preuve d&rsquo;une agilit\u00e9 mentale qui la caract\u00e9rise encore aujourd&rsquo;hui. \u00c0 travers des \u00e9preuves, elle a appris \u00e0 se battre pour ses r\u00eaves, se lan\u00e7ant dans le mannequinat, puis dans l&rsquo;activisme. Waris Dirie a ainsi transform\u00e9 son enfance difficile en une source d&rsquo;inspiration, prouvant que la r\u00e9silience peut mener \u00e0 des accomplissements extraordinaires.<\/p>\n<h3>Des questions qui intriguent<\/h3>\n<ul>\n<li><b>Comment Waris Dirie a-t-elle surmont\u00e9 son enfance difficile ?<\/b><\/li>\n<li><b>Quels \u00e9v\u00e9nements marquants ont fa\u00e7onn\u00e9 sa personnalit\u00e9 ?<\/b><\/li>\n<li><b>Quelles le\u00e7ons de vie peut-on tirer de son parcours ?<\/b><\/li>\n<\/ul>\n<h2>Les d\u00e9buts de waris dirie jeune dans le monde de la mode<\/h2>\n<p>Waris Dirie, figure embl\u00e9matique de la mode, a su s&rsquo;imposer d\u00e8s son jeune \u00e2ge par son charisme et sa d\u00e9termination. Originaire de Somalie, elle a \u00e9t\u00e9 d\u00e9couverte \u00e0 l&rsquo;\u00e2ge de 13 ans alors qu&rsquo;elle se trouvait \u00e0 Londres. Son parcours est marqu\u00e9 par un m\u00e9lange d&rsquo;innocence et de force, une dualit\u00e9 qui va la mener sur les podiums les plus prestigieux. <b>Waris<\/b> ne se contente pas d&rsquo;\u00eatre une simple mannequin ; elle devient rapidement le symbole d&rsquo;une beaut\u00e9 unique et authentique. Elle attire l&rsquo;attention des grandes maisons de couture gr\u00e2ce \u00e0 sa stature \u00e9lanc\u00e9e et son regard per\u00e7ant, traits qui lui conf\u00e8rent une aura particuli\u00e8re. En d\u00e9filant pour des marques renomm\u00e9es, elle r\u00e9ussit \u00e0 faire tomber les barri\u00e8res et \u00e0 briser les st\u00e9r\u00e9otypes li\u00e9s \u00e0 l&rsquo;image de la femme noire dans l&rsquo;industrie de la mode.<\/p>\n<p>En parall\u00e8le de sa carri\u00e8re, Waris Dirie fait face \u00e0 des d\u00e9fis personnels, notamment son engagement contre les pratiques n\u00e9fastes comme l&rsquo;excision, qui touchent encore de nombreuses femmes dans son pays d&rsquo;origine. Ce combat pour les droits des femmes ne fait que renforcer son image dans le milieu de la mode, o\u00f9 elle devient un mod\u00e8le de r\u00e9silience. Les designers qui la choisissent ne recherchent pas seulement une belle apparence, mais aussi une histoire inspirante. <b>Waris<\/b> incarne une voix qui r\u00e9sonne au-del\u00e0 des podiums, faisant \u00e9cho \u00e0 des luttes sociales importantes. Son ascension dans le monde de la mode est ainsi le reflet d&rsquo;un parcours atypique, marquant les esprits et ouvrant la voie \u00e0 d&rsquo;autres mannequins d&rsquo;origine africaine.<\/p>\n<h3>Questions que vous vous posez sur Waris Dirie<\/h3>\n<ul>\n<li><b>Comment Waris Dirie a-t-elle \u00e9t\u00e9 d\u00e9couverte ?<\/b> Elle a \u00e9t\u00e9 rep\u00e9r\u00e9e \u00e0 Londres \u00e0 l&rsquo;\u00e2ge de 13 ans.<\/li>\n<li><b>Quels d\u00e9fis a-t-elle rencontr\u00e9s dans sa carri\u00e8re ?<\/b> Elle a d\u00fb faire face \u00e0 des st\u00e9r\u00e9otypes et \u00e0 des luttes personnelles, notamment contre l&rsquo;excision.<\/li>\n<li><b>Qu&rsquo;est-ce qui rend Waris Dirie unique dans le monde de la mode ?<\/b> Son histoire personnelle et son engagement social font d&rsquo;elle un mod\u00e8le inspirant.<\/li>\n<\/ul>\n","protected":false},"excerpt":{"rendered":"<p>Play on YouTube Waris dirie jeune : une enfance marqu\u00e9e par la r\u00e9silience Waris Dirie, cette figure embl\u00e9matique, a vu le jour dans un environnement o\u00f9 la lutte \u00e9tait le quotidien. N\u00e9e en Somalie en 1965, elle a grandi dans un contexte o\u00f9 les traditions et les contraintes socioculturelles pesaient lourdement sur les femmes. D\u00e8s&#8230;<\/p>\n","protected":false},"author":1,"featured_media":3603,"comment_status":"","ping_status":"","sticky":false,"template":"","format":"standard","meta":{"_kad_post_transparent":"","_kad_post_title":"","_kad_post_layout":"","_kad_post_sidebar_id":"","_kad_post_content_style":"","_kad_post_vertical_padding":"","_kad_post_feature":"","_kad_post_feature_position":"","_kad_post_header":false,"_kad_post_footer":false,"_kad_post_classname":"","iawp_total_views":0,"footnotes":""},"categories":[1],"tags":[],"class_list":["post-3602","post","type-post","status-publish","format-standard","has-post-thumbnail","hentry","category-actualites"],"_links":{"self":[{"href":"https:\/\/www.dmoz.fr\/tendances\/wp-json\/wp\/v2\/posts\/3602","targetHints":{"allow":["GET"]}}],"collection":[{"href":"https:\/\/www.dmoz.fr\/tendances\/wp-json\/wp\/v2\/posts"}],"about":[{"href":"https:\/\/www.dmoz.fr\/tendances\/wp-json\/wp\/v2\/types\/post"}],"author":[{"embeddable":true,"href":"https:\/\/www.dmoz.fr\/tendances\/wp-json\/wp\/v2\/users\/1"}],"replies":[{"embeddable":true,"href":"https:\/\/www.dmoz.fr\/tendances\/wp-json\/wp\/v2\/comments?post=3602"}],"version-history":[{"count":0,"href":"https:\/\/www.dmoz.fr\/tendances\/wp-json\/wp\/v2\/posts\/3602\/revisions"}],"wp:featuredmedia":[{"embeddable":true,"href":"https:\/\/www.dmoz.fr\/tendances\/wp-json\/wp\/v2\/media\/3603"}],"wp:attachment":[{"href":"https:\/\/www.dmoz.fr\/tendances\/wp-json\/wp\/v2\/media?parent=3602"}],"wp:term":[{"taxonomy":"category","embeddable":true,"href":"https:\/\/www.dmoz.fr\/tendances\/wp-json\/wp\/v2\/categories?post=3602"},{"taxonomy":"post_tag","embeddable":true,"href":"https:\/\/www.dmoz.fr\/tendances\/wp-json\/wp\/v2\/tags?post=3602"}],"curies":[{"name":"wp","href":"https:\/\/api.w.org\/{rel}","templated":true}]}}