{"id":3695,"date":"2025-03-11T17:11:39","date_gmt":"2025-03-11T16:11:39","guid":{"rendered":"https:\/\/www.dmoz.fr\/tendances\/patron-des-metallurgistes\/"},"modified":"2025-03-11T17:11:39","modified_gmt":"2025-03-11T16:11:39","slug":"patron-des-metallurgistes","status":"publish","type":"post","link":"https:\/\/www.dmoz.fr\/tendances\/patron-des-metallurgistes\/","title":{"rendered":"Le patron des m\u00e9tallurgistes : un h\u00e9ros m\u00e9connu de l&rsquo;industrie \u00e0 d\u00e9couvrir !"},"content":{"rendered":"<h2>Qui est le patron des metallurgistes ?<\/h2>\n<p>Dans le monde de la m\u00e9tallurgie, le titre de \u00ab patron des m\u00e9tallurgistes \u00bb renvoie \u00e0 une figure embl\u00e9matique : le Saint \u00c9loi. En effet, ce saint est consid\u00e9r\u00e9 comme le protecteur des artisans travaillant les m\u00e9taux, qu&rsquo;il s&rsquo;agisse de forgerons, d&rsquo;orf\u00e8vres ou de m\u00e9tallurgistes en g\u00e9n\u00e9ral. Saint \u00c9loi, n\u00e9 au VIIe si\u00e8cle, \u00e9tait \u00e9galement un homme d&rsquo;\u00c9glise et un conseiller royal, connu pour ses comp\u00e9tences exceptionnelles dans le travail du m\u00e9tal. Il a \u00e9t\u00e9 canonis\u00e9, et sa f\u00eate est c\u00e9l\u00e9br\u00e9e le 1er d\u00e9cembre. Les m\u00e9tallurgistes lui rendent hommage, souvent en organisant des processions ou en portant des m\u00e9dailles \u00e0 son effigie, t\u00e9moignant ainsi de leur d\u00e9votion et de leur reconnaissance envers ce saint patron. <\/p>\n<p>Dans le cadre des traditions, les m\u00e9tallurgistes se r\u00e9unissent chaque ann\u00e9e pour c\u00e9l\u00e9brer leur m\u00e9tier et honorer Saint \u00c9loi. Cette c\u00e9l\u00e9bration est l&rsquo;occasion de rassembler les artisans autour d&rsquo;une m\u00eame passion, mais aussi de faire entendre leurs revendications et d&rsquo;\u00e9voquer les enjeux contemporains de la m\u00e9tallurgie. Les rituels comprennent des b\u00e9n\u00e9dictions d&rsquo;outils et des pri\u00e8res pour prot\u00e9ger les travailleurs des accidents et des maladies. De plus, la communaut\u00e9 des m\u00e9tallurgistes s&rsquo;engage \u00e0 transmettre ce savoir-faire aux g\u00e9n\u00e9rations futures, faisant de Saint \u00c9loi un symbole non seulement de protection, mais aussi de transmission des traditions. Ainsi, le patron des m\u00e9tallurgistes incarne \u00e0 la fois la fiert\u00e9 d&rsquo;un m\u00e9tier et la solidarit\u00e9 entre les artisans, unis par leur amour du m\u00e9tal.<\/p>\n<h3>Questions fr\u00e9quentes sur Saint \u00c9loi<\/h3>\n<ul>\n<li><b>Pourquoi Saint \u00c9loi est-il consid\u00e9r\u00e9 comme le patron des m\u00e9tallurgistes ?<\/b><br \/>\n    Saint \u00c9loi est reconnu pour ses comp\u00e9tences en m\u00e9tallurgie et son engagement envers les artisans, ce qui lui a valu d&rsquo;\u00eatre canonis\u00e9 et c\u00e9l\u00e9br\u00e9 par les m\u00e9tallurgistes.<\/li>\n<li><b>Quelles sont les traditions li\u00e9es \u00e0 la f\u00eate de Saint \u00c9loi ?<\/b><br \/>\n    Les m\u00e9tallurgistes c\u00e9l\u00e8brent Saint \u00c9loi avec des processions, des b\u00e9n\u00e9dictions d&rsquo;outils et des pri\u00e8res, renfor\u00e7ant ainsi leur communaut\u00e9 et leur savoir-faire.<\/li>\n<li><b>Comment Saint \u00c9loi influence-t-il le m\u00e9tier de m\u00e9tallurgiste aujourd&rsquo;hui ?<\/b><br \/>\n    Saint \u00c9loi inspire les m\u00e9tallurgistes \u00e0 pr\u00e9server leur patrimoine tout en s&rsquo;engageant dans des luttes contemporaines pour leur m\u00e9tier.<\/li>\n<\/ul>\n<h2>Les enjeux du m\u00e9tier de metallurgiste aujourd&rsquo;hui<\/h2>\n<p>Le m\u00e9tier de m\u00e9tallurgiste est en pleine mutation, un peu comme un fer qui se fa\u00e7onne sous le marteau. Aujourd&rsquo;hui, les m\u00e9tallurgistes se retrouvent face \u00e0 des d\u00e9fis \u00e0 la fois techniques et environnementaux. L&rsquo;innovation est au c\u0153ur de leur activit\u00e9, et ils doivent sans cesse s&rsquo;adapter aux nouvelles technologies. Par exemple, l&rsquo;int\u00e9gration de l&rsquo;intelligence artificielle et des proc\u00e9d\u00e9s automatis\u00e9s r\u00e9volutionne la mani\u00e8re dont les m\u00e9taux sont trait\u00e9s et utilis\u00e9s. En effet, ces avanc\u00e9es permettent non seulement d&rsquo;optimiser la production, mais aussi de r\u00e9duire les d\u00e9chets et l&#8217;empreinte carbone. Les enjeux li\u00e9s \u00e0 la durabilit\u00e9 deviennent donc cruciaux, car les m\u00e9tallurgistes doivent non seulement r\u00e9pondre \u00e0 la demande croissante de mat\u00e9riaux, mais aussi le faire de mani\u00e8re responsable.<\/p>\n<p>En parall\u00e8le, la mondialisation joue un r\u00f4le cl\u00e9 dans l&rsquo;\u00e9volution de ce m\u00e9tier. Les m\u00e9tallurgistes doivent naviguer dans un environnement \u00e9conomique complexe, o\u00f9 la concurrence internationale est f\u00e9roce. Cela implique une constante mise \u00e0 jour de leurs comp\u00e9tences et une connaissance approfondie des march\u00e9s globaux. De plus, la gestion des ressources devient un enjeu majeur, car les mati\u00e8res premi\u00e8res se rar\u00e9fient et leur extraction engendre des impacts environnementaux consid\u00e9rables. Ainsi, les m\u00e9tallurgistes sont appel\u00e9s \u00e0 innover, \u00e0 rechercher des alternatives et \u00e0 d\u00e9velopper des mat\u00e9riaux recycl\u00e9s ou bio-sourc\u00e9s. En somme, le m\u00e9tier de m\u00e9tallurgiste d&rsquo;aujourd&rsquo;hui ne se limite plus \u00e0 la simple transformation des m\u00e9taux, mais englobe \u00e9galement des responsabilit\u00e9s \u00e9thiques et \u00e9cologiques.<\/p>\n<h3>Questions br\u00fblantes sur le m\u00e9tier de m\u00e9tallurgiste<\/h3>\n<ul>\n<li><b>Quels sont les principaux d\u00e9fis auxquels les m\u00e9tallurgistes font face aujourd&rsquo;hui ?<\/b><\/li>\n<li><b>Comment la technologie impacte-t-elle le travail des m\u00e9tallurgistes ?<\/b><\/li>\n<li><b>Quelles sont les comp\u00e9tences cl\u00e9s n\u00e9cessaires pour r\u00e9ussir dans ce m\u00e9tier ?<\/b><\/li>\n<li><b>Comment les m\u00e9tallurgistes peuvent-ils contribuer \u00e0 la durabilit\u00e9 environnementale ?<\/b><\/li>\n<li><b>Quelle est l&rsquo;importance de la formation continue pour les m\u00e9tallurgistes ?<\/b><\/li>\n<\/ul>\n","protected":false},"excerpt":{"rendered":"<p>Qui est le patron des metallurgistes ? Dans le monde de la m\u00e9tallurgie, le titre de \u00ab patron des m\u00e9tallurgistes \u00bb renvoie \u00e0 une figure embl\u00e9matique : le Saint \u00c9loi. En effet, ce saint est consid\u00e9r\u00e9 comme le protecteur des artisans travaillant les m\u00e9taux, qu&rsquo;il s&rsquo;agisse de forgerons, d&rsquo;orf\u00e8vres ou de m\u00e9tallurgistes en g\u00e9n\u00e9ral. Saint&#8230;<\/p>\n","protected":false},"author":1,"featured_media":0,"comment_status":"","ping_status":"","sticky":false,"template":"","format":"standard","meta":{"_kad_post_transparent":"","_kad_post_title":"","_kad_post_layout":"","_kad_post_sidebar_id":"","_kad_post_content_style":"","_kad_post_vertical_padding":"","_kad_post_feature":"","_kad_post_feature_position":"","_kad_post_header":false,"_kad_post_footer":false,"_kad_post_classname":"","iawp_total_views":21,"footnotes":""},"categories":[1],"tags":[],"class_list":["post-3695","post","type-post","status-publish","format-standard","hentry","category-actualites"],"_links":{"self":[{"href":"https:\/\/www.dmoz.fr\/tendances\/wp-json\/wp\/v2\/posts\/3695","targetHints":{"allow":["GET"]}}],"collection":[{"href":"https:\/\/www.dmoz.fr\/tendances\/wp-json\/wp\/v2\/posts"}],"about":[{"href":"https:\/\/www.dmoz.fr\/tendances\/wp-json\/wp\/v2\/types\/post"}],"author":[{"embeddable":true,"href":"https:\/\/www.dmoz.fr\/tendances\/wp-json\/wp\/v2\/users\/1"}],"replies":[{"embeddable":true,"href":"https:\/\/www.dmoz.fr\/tendances\/wp-json\/wp\/v2\/comments?post=3695"}],"version-history":[{"count":0,"href":"https:\/\/www.dmoz.fr\/tendances\/wp-json\/wp\/v2\/posts\/3695\/revisions"}],"wp:attachment":[{"href":"https:\/\/www.dmoz.fr\/tendances\/wp-json\/wp\/v2\/media?parent=3695"}],"wp:term":[{"taxonomy":"category","embeddable":true,"href":"https:\/\/www.dmoz.fr\/tendances\/wp-json\/wp\/v2\/categories?post=3695"},{"taxonomy":"post_tag","embeddable":true,"href":"https:\/\/www.dmoz.fr\/tendances\/wp-json\/wp\/v2\/tags?post=3695"}],"curies":[{"name":"wp","href":"https:\/\/api.w.org\/{rel}","templated":true}]}}