{"id":380,"date":"2025-02-10T00:11:24","date_gmt":"2025-02-09T23:11:24","guid":{"rendered":"https:\/\/www.dmoz.fr\/tendances\/restaurant-vatel-a-nantes-lart-de-la-gastronomie\/"},"modified":"2025-02-10T00:11:24","modified_gmt":"2025-02-09T23:11:24","slug":"restaurant-vatel-a-nantes-lart-de-la-gastronomie","status":"publish","type":"post","link":"https:\/\/www.dmoz.fr\/tendances\/restaurant-vatel-a-nantes-lart-de-la-gastronomie\/","title":{"rendered":"Restaurant Vatel \u00e0 Nantes : l&rsquo;art de la gastronomie"},"content":{"rendered":"\n<figure class='wp-block-image size-full'>\n<img width=\"1792\" height=\"1024\" src=\"https:\/\/www.dmoz.fr\/tendances\/wp-content\/uploads\/2025\/02\/Restaurant-Vatel-a-Nantes-lart-de-la-gastronomie.png\" class=\"attachment-full size-full\" alt=\"d\u00e9couvrez le restaurant vatel \u00e0 nantes, o\u00f9 l&#039;art de la gastronomie s&#039;exprime \u00e0 travers des plats raffin\u00e9s et des saveurs exquises. plongez dans une exp\u00e9rience culinaire unique, alliant tradition et innovation, pour \u00e9veiller vos sens dans un cadre \u00e9l\u00e9gant.\" decoding=\"async\" srcset=\"https:\/\/www.dmoz.fr\/tendances\/wp-content\/uploads\/2025\/02\/Restaurant-Vatel-a-Nantes-lart-de-la-gastronomie.png 1792w, https:\/\/www.dmoz.fr\/tendances\/wp-content\/uploads\/2025\/02\/Restaurant-Vatel-a-Nantes-lart-de-la-gastronomie-300x171.png 300w, https:\/\/www.dmoz.fr\/tendances\/wp-content\/uploads\/2025\/02\/Restaurant-Vatel-a-Nantes-lart-de-la-gastronomie-1024x585.png 1024w, https:\/\/www.dmoz.fr\/tendances\/wp-content\/uploads\/2025\/02\/Restaurant-Vatel-a-Nantes-lart-de-la-gastronomie-768x439.png 768w, https:\/\/www.dmoz.fr\/tendances\/wp-content\/uploads\/2025\/02\/Restaurant-Vatel-a-Nantes-lart-de-la-gastronomie-1536x878.png 1536w\" sizes=\"(max-width: 1792px) 100vw, 1792px\" title=\"\">\n<\/figure>\n\n\n\n<p>Le <strong>Restaurant Vatel \u00e0 Nantes<\/strong> n\u2019est pas qu\u2019un simple \u00e9tablissement culinaire ; c&rsquo;est un v\u00e9ritable temple d\u00e9di\u00e9 \u00e0 l\u2019art gastronomique. Dans cette institution, les \u00e9l\u00e8ves de l&rsquo;\u00e9cole de restauration Vatel, sous l&rsquo;\u0153il attentif de chefs chevronn\u00e9s, s&rsquo;affairent \u00e0 concocter des plats dignes d\u2019un grand restaurant, tout en apprenant les rudiments du m\u00e9tier. Entre une atmosph\u00e8re feutr\u00e9e et des mets \u00e9labor\u00e9s avec soin, chaque repas se transforme en une exp\u00e9rience inoubliable, \u00e0 l&rsquo;image de ce que la gastronomie fran\u00e7aise peut offrir de mieux.<\/p>\n\n\n<h2 class=\"wp-block-heading\">Un cadre id\u00e9al : lumi\u00e8re et modernit\u00e9<\/h2>\n\n\n<p>Il serait pitoyable de mentionner le <strong>Restaurant Vatel<\/strong> sans parler de son cadre lumineux et moderne. Imaginez des salons modulables, dot\u00e9s de technologies audiovisuelles dernier cri, o\u00f9 l\u2019on peut organiser des \u00e9v\u00e9nements allant de r\u00e9unions professionnelles \u00e0 des d\u00eeners gastronomiques. Tout cela dans un d\u00e9cor chatoyant, o\u00f9 la climatisation vous \u00e9pargne l&rsquo;effroi d&rsquo;une chaleur estivale. Oui, chers amis, ici, m\u00eame la temp\u00e9rature est plac\u00e9e sous le signe du chic et du confort.<\/p>\n\n\n<h2 class=\"wp-block-heading\">Des r\u00e9flexions culinaires \u00e0 chaque bouch\u00e9e<\/h2>\n\n\n<p>La carte du <strong>Restaurant Vatel<\/strong> m\u00e9rite une standing ovation \u2013 si tant est que les assiettes puissent entendre vos applaudissements. \u00c9labor\u00e9e par l&rsquo;\u00e9quipe du Chef de Cuisine <strong>Eric Chisvert<\/strong> et de la Chef P\u00e2tissi\u00e8re <strong>Sophie Garnier<\/strong>, chaque plat s&rsquo;impose comme une cr\u00e9ation unique. Et, attention, tout est fait maison, avec des ingr\u00e9dients frais. Vous pensiez que \u00ab\u00a0faits maison\u00a0\u00bb signifiait \u00ab\u00a0micro-ondes\u00a0\u00bb? D\u00e9trompez-vous, ici ce mot a un sens.<\/p>\n\n\n<h2 class=\"wp-block-heading\">Une exp\u00e9rience culinaire par des \u00e9tudiants professionnels<\/h2>\n\n\n<p>Il serait audacieux de croire que seuls de vieux chefs exp\u00e9riment\u00e9s r\u00e8gnent dans cette cuisine. En fait, ce sont des \u00e9l\u00e8ves, encore en formation, qui s&rsquo;y affairent. Mais ne vous laissez pas berner par leur jeunesse, car leur professionnalisme est palpable. Ils jonglent avec les couteaux et les casseroles comme des artistes de cirque avec leurs balles. D\u00e9gustez un plat raffin\u00e9 tout en les observant dans cette ambiance \u00e0 la fois feutr\u00e9e et \u00e9l\u00e9gante \u2013 une performance \u00e0 ne pas manquer.<\/p>\n\n\n<h2 class=\"wp-block-heading\">Des plats \u00e0 l\u2019image de Nantes : classiques, mais pas trop<\/h2>\n\n\n<p>La carte, bien que souvent adress\u00e9e aux gastronomes classiques, n&rsquo;est pas exempte de l\u00e9g\u00e8res critiques concernant le manque de l\u00e9gumes \u2013 un d\u00e9bat \u00e9ternel entre tradition et modernit\u00e9, bien que l\u2019on soit en droit de s&rsquo;interroger : qui peut vraiment \u00eatre contre la lotte ou le foie gras? Les m\u00e9daillons de lotte, en particulier, sont un v\u00e9ritable d\u00e9lice, salu\u00e9s par tous ceux qui ont eu la chance de les appr\u00e9cier. Quant au chariot de desserts, il se pr\u00e9sente comme un festival visuel et gustatif qui fait chavirer m\u00eame les c\u0153urs les plus endurcis.<\/p>\n\n\n<h2 class=\"wp-block-heading\">Une r\u00e9putation qui ne faiblit pas<\/h2>\n\n\n<p>Si certaines critiques trouvent le moyen de se montrer un peu acerbes, cela n\u2019emp\u00eache pas le <strong>Restaurant Vatel<\/strong> d&rsquo;afficher des avis \u00e9logieux \u00e0 gogo sur des plateformes comme <a href=\"https:\/\/www.thefork.fr\/restaurant\/restaurant-vatel-nantes-r576373\/menu\" rel=\"nofollow noopener\" target=\"_blank\">TheFork<\/a>. Le restaurant s\u2019affiche en bonne position dans les classements nantais et fait l\u2019objet de louanges tout aussi appuy\u00e9es sur des sites comme <a href=\"https:\/\/www.petitfute.com\/v27598-nantes-44000\/c1165-restaurants\/c4-cuisine-francaise\/c1-bistrot-brasserie\/2062758-vatel-restaurant.html\" rel=\"nofollow noopener\" target=\"_blank\">Petit Fut\u00e9<\/a>. Ne soyez pas surpris si vous avez du mal \u00e0 obtenir une r\u00e9servation, car le bouche-\u00e0-oreille fonctionne \u00e0 merveille. Et m\u00eame si on peut l\u00e9gitimement contester quelques petites choses, la qualit\u00e9 globale est ind\u00e9niable.<\/p>\n\n\n<h2 class=\"wp-block-heading\">Un lieu pour tous les \u00e9v\u00e9nements<\/h2>\n\n\n<p>Le <strong>Restaurant Vatel<\/strong> ne se r\u00e9sume pas \u00e0 \u00eatre un simple restaurant : c&rsquo;est aussi un espace adaptable pour tous vos \u00e9v\u00e9nements. Que ce soit une r\u00e9union d&rsquo;entreprise en petit comit\u00e9 ou un banquet soign\u00e9, son cadre exceptionnel s&rsquo;adapte \u00e0 toutes les ambition. Qui aurait cru qu\u2019un lieu de formation pourrait devenir un haut lieu de la gastronomie nantaise? C\u2019est un peu comme si l\u2019\u00e9cole s\u2019\u00e9tait transform\u00e9e en un <strong>mus\u00e9e de la gastronomie<\/strong>, exposant au grand jour l\u2019art culinaire pr\u00e9par\u00e9 par de futurs chefs talentueux.<\/p>\n\n\n<p>Pour ceux qui souhaitent en apprendre davantage sur cette exp\u00e9rience, n\u2019h\u00e9sitez pas \u00e0 consulter leur site web ou \u00e0 explorer des plateformes gastronomiques qui vous en diront plus. Quoi qu&rsquo;il en soit, une visite au <strong>Restaurant Vatel \u00e0 Nantes<\/strong> s&rsquo;annonce comme un voyage gustatif sans pareil. Allez-y, et faites-vous plaisir \u2013 vos papilles vous remercieront !<\/p>\n","protected":false},"excerpt":{"rendered":"<p>Le Restaurant Vatel \u00e0 Nantes n\u2019est pas qu\u2019un simple \u00e9tablissement culinaire ; c&rsquo;est un v\u00e9ritable temple d\u00e9di\u00e9 \u00e0 l\u2019art gastronomique. Dans cette institution, les \u00e9l\u00e8ves de l&rsquo;\u00e9cole de restauration Vatel, sous l&rsquo;\u0153il attentif de chefs chevronn\u00e9s, s&rsquo;affairent \u00e0 concocter des plats dignes d\u2019un grand restaurant, tout en apprenant les rudiments du m\u00e9tier. Entre une atmosph\u00e8re&#8230;<\/p>\n","protected":false},"author":1,"featured_media":381,"comment_status":"","ping_status":"","sticky":false,"template":"","format":"standard","meta":{"_kad_post_transparent":"","_kad_post_title":"","_kad_post_layout":"","_kad_post_sidebar_id":"","_kad_post_content_style":"","_kad_post_vertical_padding":"","_kad_post_feature":"","_kad_post_feature_position":"","_kad_post_header":false,"_kad_post_footer":false,"_kad_post_classname":"","iawp_total_views":1,"footnotes":""},"categories":[1],"tags":[],"class_list":["post-380","post","type-post","status-publish","format-standard","has-post-thumbnail","hentry","category-actualites"],"_links":{"self":[{"href":"https:\/\/www.dmoz.fr\/tendances\/wp-json\/wp\/v2\/posts\/380","targetHints":{"allow":["GET"]}}],"collection":[{"href":"https:\/\/www.dmoz.fr\/tendances\/wp-json\/wp\/v2\/posts"}],"about":[{"href":"https:\/\/www.dmoz.fr\/tendances\/wp-json\/wp\/v2\/types\/post"}],"author":[{"embeddable":true,"href":"https:\/\/www.dmoz.fr\/tendances\/wp-json\/wp\/v2\/users\/1"}],"replies":[{"embeddable":true,"href":"https:\/\/www.dmoz.fr\/tendances\/wp-json\/wp\/v2\/comments?post=380"}],"version-history":[{"count":0,"href":"https:\/\/www.dmoz.fr\/tendances\/wp-json\/wp\/v2\/posts\/380\/revisions"}],"wp:featuredmedia":[{"embeddable":true,"href":"https:\/\/www.dmoz.fr\/tendances\/wp-json\/wp\/v2\/media\/381"}],"wp:attachment":[{"href":"https:\/\/www.dmoz.fr\/tendances\/wp-json\/wp\/v2\/media?parent=380"}],"wp:term":[{"taxonomy":"category","embeddable":true,"href":"https:\/\/www.dmoz.fr\/tendances\/wp-json\/wp\/v2\/categories?post=380"},{"taxonomy":"post_tag","embeddable":true,"href":"https:\/\/www.dmoz.fr\/tendances\/wp-json\/wp\/v2\/tags?post=380"}],"curies":[{"name":"wp","href":"https:\/\/api.w.org\/{rel}","templated":true}]}}