{"id":3805,"date":"2025-03-12T12:01:49","date_gmt":"2025-03-12T11:01:49","guid":{"rendered":"https:\/\/www.dmoz.fr\/tendances\/les-enfants-de-jacques-verges\/"},"modified":"2025-03-12T12:01:49","modified_gmt":"2025-03-12T11:01:49","slug":"les-enfants-de-jacques-verges","status":"publish","type":"post","link":"https:\/\/www.dmoz.fr\/tendances\/les-enfants-de-jacques-verges\/","title":{"rendered":"Les enfants de Jacques Verg\u00e8s : r\u00e9v\u00e9lations sur une l\u00e9gende controvers\u00e9e"},"content":{"rendered":"<p><\/p>\n<div id='video-container' data-video-id='-mtO6bC071Y' style='width:100%; height:auto; max-width:587px; position: relative;'>\n<div class='image-video-plugin' style='background:url(\"https:\/\/img.youtube.com\/vi\/-mtO6bC071Y\/0.jpg\") center no-repeat; background-size: cover;'><\/div>\n<p>        <span class='youtube-play-button'><\/span><br \/>\n        <noscript><a href=\"https:\/\/www.youtube.com\/watch?v=-mtO6bC071Y\" target=\"_blank\" rel=\"noopener\">Play on YouTube<\/a><\/noscript>\n    <\/div>\n<p><\/p>\n<h2>Les enfants de Jacques Verg\u00e8s : h\u00e9ritiers d&rsquo;un esprit libre<\/h2>\n<p>Les enfants de Jacques Verg\u00e8s portent en eux un h\u00e9ritage aussi lourd qu&rsquo;\u00e9clatant. Fils d&rsquo;un homme qui a d\u00e9fi\u00e9 les normes, ces h\u00e9ritiers naviguent dans les eaux tumultueuses de l&rsquo;intellect et de la contestation. Jacques Verg\u00e8s, avocat et pol\u00e9miste, a toujours su se d\u00e9marquer par sa pens\u00e9e audacieuse et son engagement pour des causes controvers\u00e9es. Ses enfants, impr\u00e9gn\u00e9s de cette philosophie, continuent d\u2019explorer les fronti\u00e8res de la libert\u00e9 d\u2019expression et de la justice. Ils s&rsquo;illustrent dans divers domaines, que ce soit l&rsquo;art, la litt\u00e9rature ou le militantisme, chacun \u00e0 leur mani\u00e8re, mais tous avec cette \u00e9tincelle de r\u00e9bellion qui les unit. Ils s&rsquo;inspirent de l&rsquo;esprit libre de leur p\u00e8re, cherchant \u00e0 remettre en question les conventions \u00e9tablies, \u00e0 revendiquer des voix souvent \u00e9touff\u00e9es, et \u00e0 porter le flambeau d&rsquo;une pens\u00e9e critique.<\/p>\n<p>La qu\u00eate de v\u00e9rit\u00e9 et d&rsquo;authenticit\u00e9 est au c\u0153ur de leur d\u00e9marche. Les enfants de Jacques Verg\u00e8s ne se contentent pas de marcher sur les traces de leur p\u00e8re ; ils les red\u00e9finissent. Que ce soit par des \u0153uvres artistiques audacieuses ou des \u00e9crits percutants, ils s&rsquo;efforcent de mettre en lumi\u00e8re des injustices souvent ignor\u00e9es. <b>Leur h\u00e9ritage ne se limite pas \u00e0 un nom prestigieux<\/b>, mais s&rsquo;\u00e9tend \u00e0 une responsabilit\u00e9 : celle de d\u00e9fendre les valeurs de libert\u00e9, d&rsquo;\u00e9galit\u00e9 et de justice. Ils incarnent un m\u00e9lange de passion et de r\u00e9flexion, cherchant \u00e0 provoquer des d\u00e9bats, \u00e0 bousculer les consciences et \u00e0 inspirer les g\u00e9n\u00e9rations futures. La voix de Jacques Verg\u00e8s r\u00e9sonne \u00e0 travers eux, mais chaque enfant apporte une nuance, une couleur diff\u00e9rente \u00e0 ce tableau d\u00e9j\u00e0 riche en contrastes.<\/p>\n<h3>Questions fr\u00e9quentes sur l&rsquo;h\u00e9ritage de Jacques Verg\u00e8s<\/h3>\n<ul>\n<li><b>Quels sont les domaines d&rsquo;engagement des enfants de Jacques Verg\u00e8s ?<\/b><br \/>\n        Les enfants de Jacques Verg\u00e8s s&rsquo;investissent dans des domaines vari\u00e9s tels que l&rsquo;art, la litt\u00e9rature et le militantisme, chacun apportant sa propre vision du monde.<\/li>\n<li><b>Comment l&rsquo;esprit libre de Jacques Verg\u00e8s influence-t-il ses enfants ?<\/b><br \/>\n        L&rsquo;esprit libre de Jacques Verg\u00e8s continue d&rsquo;inspirer ses enfants, qui cherchent \u00e0 remettre en question les normes et \u00e0 d\u00e9fendre des causes justes.<\/li>\n<li><b>Y a-t-il des \u0153uvres notables cr\u00e9\u00e9es par ses enfants ?<\/b><br \/>\n        Oui, plusieurs de ses enfants ont produit des \u0153uvres artistiques et litt\u00e9raires qui refl\u00e8tent leurs engagements et leur vision critique de la soci\u00e9t\u00e9.<\/li>\n<li><b>Comment les enfants de Verg\u00e8s per\u00e7oivent-ils l&rsquo;h\u00e9ritage de leur p\u00e8re ?<\/b><br \/>\n        Ils voient cet h\u00e9ritage comme une responsabilit\u00e9 et un d\u00e9fi, cherchant \u00e0 prolonger son combat pour la libert\u00e9 et la justice.<\/li>\n<\/ul>\n<h2>Le parcours fascinant des enfants de Jacques Verg\u00e8s dans l&rsquo;ombre d&rsquo;un avocat controvers\u00e9<\/h2>\n<p>Le nom de Jacques Verg\u00e8s r\u00e9sonne comme un \u00e9cho lointain, charg\u00e9 de controverses et de myst\u00e8res. En tant qu\u2019avocat, il a d\u00e9fendu des figures aussi embl\u00e9matiques que sulfureuses, et son parcours est parsem\u00e9 d\u2019\u00e9clats et d\u2019ombres. Mais au-del\u00e0 de cet homme aux multiples facettes, se trouvent ses enfants, qui ont grandi dans l\u2019ombre d\u2019un p\u00e8re \u00e0 la r\u00e9putation tumultueuse. Leurs vies, marqu\u00e9es par cette filiation unique, nous plongent dans un univers o\u00f9 la justice, la morale et l\u2019h\u00e9ritage familial se croisent de mani\u00e8re inattendue. Chacun d&rsquo;eux a su trouver sa voie, souvent en naviguant \u00e0 travers les turbulences d&rsquo;un pass\u00e9 familial lourd de sens. <\/p>\n<p><b>Leur histoire est une mosa\u00efque de choix et de renoncements<\/b>. D&rsquo;un c\u00f4t\u00e9, il y a ceux qui ont embrass\u00e9 la carri\u00e8re juridique, cherchant \u00e0 red\u00e9finir l\u2019image de la justice loin des controverses paternelles. De l&rsquo;autre, certains ont opt\u00e9 pour des voies artistiques ou militantes, d\u00e9sirant s&rsquo;affranchir de l&rsquo;ombre imposante de Jacques Verg\u00e8s. \u00c0 travers des t\u00e9moignages et des r\u00e9cits, on d\u00e9couvre des personnalit\u00e9s qui, tout en portant le poids de leur h\u00e9ritage, s&rsquo;efforcent de forger leur propre identit\u00e9. Les enfants de Verg\u00e8s incarnent un paradoxe fascinant : ils aspirent \u00e0 la lumi\u00e8re tout en \u00e9tant inextricablement li\u00e9s \u00e0 l\u2019obscurit\u00e9 de leur g\u00e9niteur. Ainsi, leurs parcours, bien que distincts, se rejoignent dans cette qu\u00eate d&rsquo;authenticit\u00e9 et de sens, face \u00e0 l&rsquo;h\u00e9ritage complexe d&rsquo;un avocat dont les choix ont marqu\u00e9 l&rsquo;histoire du droit.<\/p>\n<h3>Les choix de vie des enfants de Jacques Verg\u00e8s<\/h3>\n<ul>\n<li><b>Engagement juridique :<\/b> Certains ont choisi de suivre les traces de leur p\u00e8re, mais avec une approche diff\u00e9rente, plus \u00e9thique et respectueuse des droits humains.<\/li>\n<li><b>Carri\u00e8re artistique :<\/b> D&rsquo;autres ont trouv\u00e9 leur voix dans l&rsquo;art, utilisant leur cr\u00e9ativit\u00e9 pour exprimer leurs opinions sur la justice et la soci\u00e9t\u00e9.<\/li>\n<li><b>Activisme social :<\/b> Une partie de la fratrie s&rsquo;est engag\u00e9e dans des causes militantes, cherchant \u00e0 faire entendre les voix des opprim\u00e9s et \u00e0 d\u00e9fendre les valeurs qu&rsquo;ils estiment justes.<\/li>\n<\/ul>\n<p><b>Leurs parcours ne sont pas que des r\u00e9pliques de l\u2019histoire paternelle<\/b>, mais des tentatives de r\u00e9\u00e9crire un r\u00e9cit familial souvent per\u00e7u comme conflictuel. Chaque enfant, \u00e0 sa mani\u00e8re, interroge l\u2019h\u00e9ritage de Jacques Verg\u00e8s, red\u00e9finissant ce que cela signifie d&rsquo;\u00eatre un Verg\u00e8s \u00e0 l&rsquo;\u00e8re contemporaine. L&rsquo;impact de leur p\u00e8re, bien qu&rsquo;in\u00e9luctable, n&rsquo;est pas un carcan, mais plut\u00f4t un point de d\u00e9part pour explorer des questions de justice, d&rsquo;identit\u00e9 et de responsabilit\u00e9. <\/p>\n<h3>Les r\u00e9percussions sur leur vie personnelle<\/h3>\n<p>Le poids du nom Verg\u00e8s n&rsquo;est pas seulement une question de r\u00e9putation, mais aussi de perceptions sociales. Les enfants ont souvent d\u00fb faire face \u00e0 des pr\u00e9jug\u00e9s et \u00e0 des attentes li\u00e9es \u00e0 leur h\u00e9ritage. Cela a fa\u00e7onn\u00e9 leurs relations personnelles et professionnelles, leur imposant une sorte de double vie o\u00f9 la recherche de l&rsquo;acceptation se heurte \u00e0 la n\u00e9cessit\u00e9 de se d\u00e9marquer. <b>Chaque rencontre, chaque relation est teint\u00e9e de cette histoire familiale<\/b>, rendant parfois difficile la construction d&rsquo;une identit\u00e9 propre, d\u00e9tach\u00e9e des controverses de leur p\u00e8re. <\/p>\n<h3>La qu\u00eate d&rsquo;identit\u00e9 face \u00e0 l&rsquo;h\u00e9ritage<\/h3>\n<p>Les enfants de Jacques Verg\u00e8s incarnent un d\u00e9fi fascinant : comment vivre et se construire lorsqu&rsquo;on est l&rsquo;h\u00e9ritier d&rsquo;un homme dont le nom \u00e9voque autant d&rsquo;admiration que de rejet ? Ils se retrouvent \u00e0 jongler avec les perceptions, \u00e0 naviguer entre l&rsquo;ombre et la lumi\u00e8re, tout en cherchant \u00e0 cr\u00e9er leur propre espace d&rsquo;expression. <b>Leur parcours est une le\u00e7on sur la r\u00e9silience et la capacit\u00e9 \u00e0 se r\u00e9inventer<\/b>, malgr\u00e9 les lourdeurs du pass\u00e9. <\/p>\n<h3>\u00c0 quoi ressemble leur vie aujourd&rsquo;hui ?<\/h3>\n<p>Il est essentiel de comprendre comment ces h\u00e9ritiers d\u2019un avocat controvers\u00e9 ont su transformer les d\u00e9fis en opportunit\u00e9s. Ils s\u2019impliquent dans des initiatives qui leur tiennent \u00e0 c\u0153ur, cherchant \u00e0 cr\u00e9er un impact positif dans leur communaut\u00e9. Leurs choix de vie, qu&rsquo;ils soient artistiques, sociaux ou juridiques, t\u00e9moignent d&rsquo;une volont\u00e9 d&rsquo;\u00e9crire leur propre histoire, loin des ombres du pass\u00e9. <\/p>\n<h3>Les \u00e9chos d&rsquo;un h\u00e9ritage complexe<\/h3>\n<p><b>Le parcours des enfants de Jacques Verg\u00e8s est bien plus qu&rsquo;une simple histoire familiale<\/b>; c&rsquo;est un reflet des luttes et des espoirs d&rsquo;une g\u00e9n\u00e9ration qui souhaite se lib\u00e9rer des cha\u00eenes du pass\u00e9 tout en honorant ce qu&rsquo;il a \u00e9t\u00e9. Chaque choix, chaque engagement, est une affirmation de leur volont\u00e9 d&rsquo;exister par eux-m\u00eames, d&rsquo;\u00e9crire leur propre r\u00e9cit, malgr\u00e9 les \u00e9chos d\u2019un nom qui continuera toujours \u00e0 les suivre.<\/p>\n","protected":false},"excerpt":{"rendered":"<p>Play on YouTube Les enfants de Jacques Verg\u00e8s : h\u00e9ritiers d&rsquo;un esprit libre Les enfants de Jacques Verg\u00e8s portent en eux un h\u00e9ritage aussi lourd qu&rsquo;\u00e9clatant. Fils d&rsquo;un homme qui a d\u00e9fi\u00e9 les normes, ces h\u00e9ritiers naviguent dans les eaux tumultueuses de l&rsquo;intellect et de la contestation. Jacques Verg\u00e8s, avocat et pol\u00e9miste, a toujours su&#8230;<\/p>\n","protected":false},"author":1,"featured_media":3806,"comment_status":"","ping_status":"","sticky":false,"template":"","format":"standard","meta":{"_kad_post_transparent":"","_kad_post_title":"","_kad_post_layout":"","_kad_post_sidebar_id":"","_kad_post_content_style":"","_kad_post_vertical_padding":"","_kad_post_feature":"","_kad_post_feature_position":"","_kad_post_header":false,"_kad_post_footer":false,"_kad_post_classname":"","iawp_total_views":6,"footnotes":""},"categories":[1],"tags":[],"class_list":["post-3805","post","type-post","status-publish","format-standard","has-post-thumbnail","hentry","category-actualites"],"_links":{"self":[{"href":"https:\/\/www.dmoz.fr\/tendances\/wp-json\/wp\/v2\/posts\/3805","targetHints":{"allow":["GET"]}}],"collection":[{"href":"https:\/\/www.dmoz.fr\/tendances\/wp-json\/wp\/v2\/posts"}],"about":[{"href":"https:\/\/www.dmoz.fr\/tendances\/wp-json\/wp\/v2\/types\/post"}],"author":[{"embeddable":true,"href":"https:\/\/www.dmoz.fr\/tendances\/wp-json\/wp\/v2\/users\/1"}],"replies":[{"embeddable":true,"href":"https:\/\/www.dmoz.fr\/tendances\/wp-json\/wp\/v2\/comments?post=3805"}],"version-history":[{"count":0,"href":"https:\/\/www.dmoz.fr\/tendances\/wp-json\/wp\/v2\/posts\/3805\/revisions"}],"wp:featuredmedia":[{"embeddable":true,"href":"https:\/\/www.dmoz.fr\/tendances\/wp-json\/wp\/v2\/media\/3806"}],"wp:attachment":[{"href":"https:\/\/www.dmoz.fr\/tendances\/wp-json\/wp\/v2\/media?parent=3805"}],"wp:term":[{"taxonomy":"category","embeddable":true,"href":"https:\/\/www.dmoz.fr\/tendances\/wp-json\/wp\/v2\/categories?post=3805"},{"taxonomy":"post_tag","embeddable":true,"href":"https:\/\/www.dmoz.fr\/tendances\/wp-json\/wp\/v2\/tags?post=3805"}],"curies":[{"name":"wp","href":"https:\/\/api.w.org\/{rel}","templated":true}]}}