{"id":3853,"date":"2025-03-12T15:02:12","date_gmt":"2025-03-12T14:02:12","guid":{"rendered":"https:\/\/www.dmoz.fr\/tendances\/quand-est-ne-christophe-colomb\/"},"modified":"2025-03-12T15:02:12","modified_gmt":"2025-03-12T14:02:12","slug":"quand-est-ne-christophe-colomb","status":"publish","type":"post","link":"https:\/\/www.dmoz.fr\/tendances\/quand-est-ne-christophe-colomb\/","title":{"rendered":"Quand est n\u00e9 Christophe Colomb : d\u00e9couvrez la date qui a chang\u00e9 l&rsquo;histoire !"},"content":{"rendered":"<p><\/p>\n<div id='video-container' data-video-id='hdW-BSHyEpo' style='width:100%; height:auto; max-width:587px; position: relative;'>\n<div class='image-video-plugin' style='background:url(\"https:\/\/img.youtube.com\/vi\/hdW-BSHyEpo\/0.jpg\") center no-repeat; background-size: cover;'><\/div>\n<p>        <span class='youtube-play-button'><\/span><br \/>\n        <noscript><a href=\"https:\/\/www.youtube.com\/watch?v=hdW-BSHyEpo\" target=\"_blank\" rel=\"noopener\">Play on YouTube<\/a><\/noscript>\n    <\/div>\n<p><\/p>\n<h2>Quand est n\u00e9 Christophe Colomb ? Une date qui a chang\u00e9 le monde<\/h2>\n<p>Christophe Colomb, ce nom r\u00e9sonne dans l&rsquo;histoire comme une cloche qui annonce une \u00e8re nouvelle. N\u00e9 le 31 octobre 1451 \u00e0 G\u00eanes, en Italie, sa date de naissance n&rsquo;est pas seulement une donn\u00e9e chronologique, c&rsquo;est un v\u00e9ritable marqueur d&rsquo;une \u00e9poque. \u00c0 cette \u00e9poque, l&rsquo;Europe \u00e9tait en pleine effervescence, avide de d\u00e9couvertes et d&rsquo;explorations. Les mers \u00e9taient encore des territoires myst\u00e9rieux, et le monde tel qu&rsquo;on le connaissait \u00e9tait bien plus petit qu&rsquo;aujourd&rsquo;hui. Colomb, avec son esprit aventureux et son d\u00e9sir de d\u00e9couvrir de nouveaux horizons, allait bient\u00f4t transformer cette vision du monde. Sa naissance, sous le ciel de G\u00eanes, co\u00efncide avec un moment o\u00f9 l&rsquo;esprit humain \u00e9tait en qu\u00eate de r\u00e9ponses, d&rsquo;aventures et de richesses. En fait, il est fascinant de constater que, sans ce jour d&rsquo;octobre, l&rsquo;histoire des Am\u00e9riques et des \u00e9changes culturels aurait pris un tout autre tournant.<\/p>\n<p><b>Les cons\u00e9quences de sa naissance<\/b> sont incommensurables. En effet, il n&rsquo;est pas exag\u00e9r\u00e9 de dire que l&rsquo;ann\u00e9e 1492, marqu\u00e9e par son premier voyage vers les nouvelles terres, a red\u00e9fini les contours du monde. Colomb a ouvert la voie \u00e0 des explorations qui allaient mener \u00e0 la colonisation et \u00e0 un \u00e9change culturel sans pr\u00e9c\u00e9dent entre l&rsquo;Ancien et le Nouveau Monde. Cette ann\u00e9e-l\u00e0, il a d\u00e9couvert l&rsquo;\u00eele de San Salvador, marquant ainsi le d\u00e9but d&rsquo;une \u00e8re d&rsquo;exploration qui a chang\u00e9 la face de la plan\u00e8te. Il est int\u00e9ressant de noter que, bien que Colomb ne soit pas le premier Europ\u00e9en \u00e0 poser le pied sur le continent am\u00e9ricain \u2014 les Vikings avaient d\u00e9j\u00e0 fait des incursions \u2014, son voyage a eu un impact durable sur l&rsquo;histoire. Il a suscit\u00e9 un int\u00e9r\u00eat sans pr\u00e9c\u00e9dent pour les voyages transatlantiques, entra\u00eenant d&rsquo;autres explorateurs \u00e0 suivre ses traces. En somme, la date de sa naissance, tout comme ses voyages, est un symbole d&rsquo;un tournant dans l&rsquo;histoire de l&rsquo;humanit\u00e9.<\/p>\n<h3>Des questions sur la vie de Christophe Colomb ? Voici des r\u00e9ponses !<\/h3>\n<ul>\n<li><b>Pourquoi Christophe Colomb est-il c\u00e9l\u00e8bre ?<\/b> Il est connu pour avoir d\u00e9couvert l&rsquo;Am\u00e9rique en 1492, bien qu&rsquo;il pensait avoir atteint les Indes.<\/li>\n<li><b>Quel \u00e9tait le but de ses voyages ?<\/b> Colomb cherchait une nouvelle route vers les Indes pour le commerce des \u00e9pices et d&rsquo;autres richesses.<\/li>\n<li><b>Quels \u00e9taient les impacts de ses d\u00e9couvertes ?<\/b> Elles ont conduit \u00e0 l&rsquo;\u00e9tablissement de colonies europ\u00e9ennes en Am\u00e9rique et \u00e0 un \u00e9change culturel entre les continents.<\/li>\n<li><b>Combien de voyages a-t-il effectu\u00e9s ?<\/b> Il a r\u00e9alis\u00e9 quatre voyages entre 1492 et 1504.<\/li>\n<li><b>Quel \u00e9tait son h\u00e9ritage ?<\/b> Bien que controvers\u00e9, son h\u00e9ritage est immense, engendrant des discussions sur la colonisation et ses effets.<\/li>\n<\/ul>\n<h2>Les myst\u00e8res autour de la naissance de Christophe Colomb<\/h2>\n<p>La naissance de Christophe Colomb, figure embl\u00e9matique de l&rsquo;histoire maritime, est entour\u00e9e d&rsquo;une aura de myst\u00e8re qui intrigue historiens et passionn\u00e9s depuis des si\u00e8cles. Bien que la date de sa naissance soit g\u00e9n\u00e9ralement accept\u00e9e comme \u00e9tant le 31 octobre 1451, \u00e0 G\u00eanes, en Italie, de nombreuses zones d&rsquo;ombre persistent. En effet, les documents de l&rsquo;\u00e9poque sont souvent contradictoires, et plusieurs th\u00e9ories s&rsquo;affrontent quant \u00e0 son origine. Certaines sources sugg\u00e8rent qu&rsquo;il pourrait \u00eatre n\u00e9 dans une autre r\u00e9gion, comme Savone ou m\u00eame \u00e0 Cuccaro, un petit village des Apennins. Ces incertitudes alimentent les sp\u00e9culations sur son identit\u00e9, sa famille et ses v\u00e9ritables motivations.<\/p>\n<p>Un autre aspect fascinant r\u00e9side dans le nom m\u00eame de Christophe Colomb. Le patronyme \u00ab Colomb \u00bb pourrait \u00eatre d\u00e9riv\u00e9 du mot latin \u00ab columbus \u00bb, signifiant \u00ab colomb \u00bb ou \u00ab pigeon voyageur \u00bb, un symbole de paix et de d\u00e9couverte. Cependant, certains chercheurs avancent que ce nom pourrait cacher des racines juives, ce qui aurait des implications profondes sur sa vie et ses voyages. En parall\u00e8le, des documents historiques \u00e9voquent des liens possibles entre Colomb et des familles nobles de la r\u00e9gion, ce qui soul\u00e8ve la question de ses v\u00e9ritables origines sociales. Ainsi, les myst\u00e8res entourant la naissance de Christophe Colomb ne se limitent pas \u00e0 des simples d\u00e9tails biographiques ; ils refl\u00e8tent une qu\u00eate d&rsquo;identit\u00e9, une exploration des racines et une r\u00e9flexion sur l&rsquo;h\u00e9ritage que cet explorateur a laiss\u00e9 \u00e0 l&rsquo;humanit\u00e9.<\/p>\n<h3>Les questions qui persistent<\/h3>\n<ul>\n<li><b>O\u00f9 exactement est n\u00e9 Christophe Colomb ?<\/b><\/li>\n<li><b>Quel \u00e9tait le statut social de sa famille ?<\/b><\/li>\n<li><b>Comment ses origines ont-elles influenc\u00e9 ses voyages ?<\/b><\/li>\n<li><b>Y a-t-il des documents in\u00e9dits qui pourraient \u00e9claircir son histoire ?<\/b><\/li>\n<\/ul>\n<h3>Les th\u00e9ories sur ses origines<\/h3>\n<p>Les th\u00e9ories concernant les origines de Christophe Colomb sont aussi diverses que fascinantes. Certains historiens sugg\u00e8rent qu&rsquo;il pourrait avoir des liens avec la couronne portugaise, ce qui expliquerait son int\u00e9r\u00eat pour les voyages maritimes et les explorations. D&rsquo;autres avancent que Colomb aurait \u00e9t\u00e9 influenc\u00e9 par des contacts avec des explorateurs arabes, ce qui pourrait \u00e9galement \u00e9clairer ses motivations et sa vision du monde. Ces sp\u00e9culations alimentent les d\u00e9bats, mais aucune preuve concr\u00e8te n&rsquo;a encore \u00e9merg\u00e9 pour \u00e9tablir une version d\u00e9finitive de son histoire.<\/p>\n<h3>Les enjeux identitaires<\/h3>\n<p>L&rsquo;identit\u00e9 de Christophe Colomb est \u00e9galement un enjeu majeur dans la compr\u00e9hension de son parcours. Si ses origines \u00e9taient effectivement li\u00e9es \u00e0 des familles nobles, cela soul\u00e8ve des questions sur les privil\u00e8ges dont il aurait pu b\u00e9n\u00e9ficier. De plus, si des liens juifs \u00e9taient \u00e9tablis, cela ajouterait une couche de complexit\u00e9 \u00e0 son personnage, notamment dans le contexte historique de l&rsquo;\u00e9poque o\u00f9 les Juifs faisaient face \u00e0 des pers\u00e9cutions. Ces \u00e9l\u00e9ments soulignent l&rsquo;importance de l&rsquo;identit\u00e9 dans la vie de Colomb et la mani\u00e8re dont elle a pu influencer ses d\u00e9cisions.<\/p>\n<h3>Un homme aux multiples facettes<\/h3>\n<p>Les myst\u00e8res entourant la naissance de Christophe Colomb r\u00e9v\u00e8lent un homme aux multiples facettes, dont l&rsquo;histoire est encore \u00e0 d\u00e9couvrir. Chaque nouvelle recherche, chaque document retrouv\u00e9, peut potentiellement changer notre compr\u00e9hension de sa vie et de ses voyages. Les historiens continuent d&rsquo;explorer ces questions avec passion, esp\u00e9rant qu&rsquo;un jour, la v\u00e9rit\u00e9 sur les origines de cet explorateur embl\u00e9matique sera enfin r\u00e9v\u00e9l\u00e9e.<\/p>\n<h3>Les \u00e9nigmes de son enfance<\/h3>\n<p>Les r\u00e9cits de l&rsquo;enfance de Christophe Colomb sont tout aussi \u00e9nigmatiques que sa naissance. Peu d&rsquo;informations pr\u00e9cises circulent sur sa jeunesse, et les anecdotes qui existent sont souvent teint\u00e9es de l\u00e9gende. On parle d&rsquo;un jeune homme passionn\u00e9 par la mer, naviguant d\u00e9j\u00e0 \u00e0 l&rsquo;\u00e2ge de 14 ans, mais que sait-on r\u00e9ellement de ses premiers pas dans le monde maritime ? Les influences qui ont fa\u00e7onn\u00e9 ses ambitions restent floues, et les t\u00e9moignages de contemporains sont rares. Cette absence de clart\u00e9 renforce le myst\u00e8re qui entoure sa personnalit\u00e9, ajoutant une dimension presque mythologique \u00e0 son parcours.<\/p>\n<h3>Les v\u00e9rit\u00e9s historiques et les l\u00e9gendes<\/h3>\n<p>Il est crucial de distinguer entre les v\u00e9rit\u00e9s historiques et les l\u00e9gendes qui se sont d\u00e9velopp\u00e9es autour de Christophe Colomb. Les r\u00e9cits de ses exploits sont souvent embellis par la tradition orale et les r\u00e9cits post\u00e9rieurs. Les r\u00e9cits de sa d\u00e9couverte des Am\u00e9riques, par exemple, sont empreints de glorification, mais ils masquent souvent les complexit\u00e9s de ses motivations et les cons\u00e9quences de ses actions. Ainsi, la recherche de la v\u00e9rit\u00e9 sur la naissance de Colomb est indissociable de la n\u00e9cessit\u00e9 de remettre en question les narrations \u00e9tablies, d&rsquo;examiner les documents avec un regard critique et de chercher \u00e0 comprendre l&rsquo;homme derri\u00e8re le mythe.<\/p>\n<h3>Les r\u00e9v\u00e9lations potentielles<\/h3>\n<p>Enfin, il est int\u00e9ressant de se demander si des d\u00e9couvertes futures pourraient enfin lever le voile sur les myst\u00e8res de la naissance de Christophe Colomb. Les avanc\u00e9es technologiques, notamment dans le domaine de l&rsquo;arch\u00e9ologie et de l&rsquo;analyse g\u00e9n\u00e9tique, pourraient offrir de nouvelles pistes d&rsquo;exploration. Des fouilles dans des archives anciennes ou des d\u00e9couvertes de documents in\u00e9dits pourraient permettre de mieux comprendre le contexte de sa naissance et les influences qui ont jalonn\u00e9 sa vie. Ainsi, les myst\u00e8res entourant la naissance de Christophe Colomb continuent d&rsquo;alimenter l&rsquo;imaginaire collectif, tout en ouvrant la voie \u00e0 de futures recherches qui pourraient, un jour, apporter des r\u00e9ponses tant attendues.<\/p>\n<h3>Des interrogations persistantes<\/h3>\n<p>Ces interrogations persistent, laissant une empreinte ind\u00e9l\u00e9bile dans l&rsquo;histoire. Le myst\u00e8re de la naissance de Christophe Colomb est une invitation \u00e0 explorer non seulement les racines de cet explorateur, mais aussi les dynamiques historiques, sociales et culturelles de son \u00e9poque. La qu\u00eate de v\u00e9rit\u00e9, en fin de compte, reste un voyage en soi, une exploration des m\u00e9andres du temps et de l&rsquo;identit\u00e9 humaine.<\/p>\n","protected":false},"excerpt":{"rendered":"<p>Play on YouTube Quand est n\u00e9 Christophe Colomb ? Une date qui a chang\u00e9 le monde Christophe Colomb, ce nom r\u00e9sonne dans l&rsquo;histoire comme une cloche qui annonce une \u00e8re nouvelle. N\u00e9 le 31 octobre 1451 \u00e0 G\u00eanes, en Italie, sa date de naissance n&rsquo;est pas seulement une donn\u00e9e chronologique, c&rsquo;est un v\u00e9ritable marqueur d&rsquo;une&#8230;<\/p>\n","protected":false},"author":1,"featured_media":3854,"comment_status":"","ping_status":"","sticky":false,"template":"","format":"standard","meta":{"_kad_post_transparent":"","_kad_post_title":"","_kad_post_layout":"","_kad_post_sidebar_id":"","_kad_post_content_style":"","_kad_post_vertical_padding":"","_kad_post_feature":"","_kad_post_feature_position":"","_kad_post_header":false,"_kad_post_footer":false,"_kad_post_classname":"","iawp_total_views":10,"footnotes":""},"categories":[1],"tags":[],"class_list":["post-3853","post","type-post","status-publish","format-standard","has-post-thumbnail","hentry","category-actualites"],"_links":{"self":[{"href":"https:\/\/www.dmoz.fr\/tendances\/wp-json\/wp\/v2\/posts\/3853","targetHints":{"allow":["GET"]}}],"collection":[{"href":"https:\/\/www.dmoz.fr\/tendances\/wp-json\/wp\/v2\/posts"}],"about":[{"href":"https:\/\/www.dmoz.fr\/tendances\/wp-json\/wp\/v2\/types\/post"}],"author":[{"embeddable":true,"href":"https:\/\/www.dmoz.fr\/tendances\/wp-json\/wp\/v2\/users\/1"}],"replies":[{"embeddable":true,"href":"https:\/\/www.dmoz.fr\/tendances\/wp-json\/wp\/v2\/comments?post=3853"}],"version-history":[{"count":0,"href":"https:\/\/www.dmoz.fr\/tendances\/wp-json\/wp\/v2\/posts\/3853\/revisions"}],"wp:featuredmedia":[{"embeddable":true,"href":"https:\/\/www.dmoz.fr\/tendances\/wp-json\/wp\/v2\/media\/3854"}],"wp:attachment":[{"href":"https:\/\/www.dmoz.fr\/tendances\/wp-json\/wp\/v2\/media?parent=3853"}],"wp:term":[{"taxonomy":"category","embeddable":true,"href":"https:\/\/www.dmoz.fr\/tendances\/wp-json\/wp\/v2\/categories?post=3853"},{"taxonomy":"post_tag","embeddable":true,"href":"https:\/\/www.dmoz.fr\/tendances\/wp-json\/wp\/v2\/tags?post=3853"}],"curies":[{"name":"wp","href":"https:\/\/api.w.org\/{rel}","templated":true}]}}