{"id":3872,"date":"2025-03-12T18:42:23","date_gmt":"2025-03-12T17:42:23","guid":{"rendered":"https:\/\/www.dmoz.fr\/tendances\/jeune-careme\/"},"modified":"2025-03-12T18:42:23","modified_gmt":"2025-03-12T17:42:23","slug":"jeune-careme","status":"publish","type":"post","link":"https:\/\/www.dmoz.fr\/tendances\/jeune-careme\/","title":{"rendered":"Jeune careme : d\u00e9couvrez les secrets d&rsquo;une tradition myst\u00e9rieuse et fascinante !"},"content":{"rendered":"<h2>Jeune careme : une tradition aux multiples saveurs<\/h2>\n<p>Le Jeune Careme, c&rsquo;est un v\u00e9ritable festival de go\u00fbts et de couleurs, o\u00f9 chaque plat raconte une histoire. Traditionnellement observ\u00e9 par les chr\u00e9tiens, ce moment de je\u00fbne et de r\u00e9flexion s&rsquo;accompagne d&rsquo;une riche palette culinaire. La gastronomie prend alors des allures de c\u00e9l\u00e9bration, invitant \u00e0 red\u00e9couvrir des recettes ancestrales. Au c\u0153ur de cette tradition, les l\u00e9gumes de saison s&rsquo;imposent comme les v\u00e9ritables stars. On retrouve ainsi les carottes croquantes, les poireaux fondants et les radis piquants, qui se marient dans des plats color\u00e9s, vibrants et pleins de vie. La cr\u00e9ativit\u00e9 des cuisiniers est mise \u00e0 l&rsquo;\u00e9preuve, et chaque repas devient une occasion de savourer des combinaisons audacieuses, o\u00f9 les \u00e9pices et les herbes aromatiques s&rsquo;entrelacent pour cr\u00e9er une symphonie de saveurs.<\/p>\n<p>Les desserts, quant \u00e0 eux, ne sont pas en reste. On se r\u00e9gale avec des douceurs \u00e9labor\u00e9es \u00e0 partir de fruits frais, comme les pommes juteuses et les poires d\u00e9licates. Les tartes aux fruits, les compotes maison et les crumbles croustillants \u00e9mergent sur les tables, offrant un contraste parfait avec les plats sal\u00e9s. En plus des plats principaux et des douceurs, les boissons jouent un r\u00f4le essentiel dans cette tradition. Les infusions de plantes et les jus de fruits naturels apportent une touche de fra\u00eecheur, tout en honorant l&rsquo;esprit du Jeune Careme. <b>Cette p\u00e9riode de je\u00fbne<\/b> se transforme ainsi en un voyage gustatif, o\u00f9 chaque repas devient une c\u00e9l\u00e9bration des saveurs, des couleurs et des ar\u00f4mes, invitant chacun \u00e0 appr\u00e9cier la richesse de la nature.<\/p>\n<h3>Les incontournables du Jeune Careme<\/h3>\n<ul>\n<li><b>Soupe de l\u00e9gumes<\/b> : un classique r\u00e9confortant, fait maison avec des l\u00e9gumes de saison.<\/li>\n<li><b>Salades vari\u00e9es<\/b> : un m\u00e9lange croquant de l\u00e9gumes frais, assaisonn\u00e9 d&rsquo;huiles aromatiques.<\/li>\n<li><b>Tartes aux fruits<\/b> : une douceur sucr\u00e9e, parfaite pour terminer un repas en beaut\u00e9.<\/li>\n<li><b>Infusions<\/b> : des boissons apaisantes, \u00e0 base de plantes, pour accompagner chaque plat.<\/li>\n<\/ul>\n<h3>Les bienfaits de cette tradition culinaire<\/h3>\n<p>Le Jeune Careme ne se limite pas seulement \u00e0 un d\u00e9fi alimentaire, il se transforme en une v\u00e9ritable d\u00e9marche de bien-\u00eatre. En privil\u00e9giant les aliments naturels et en r\u00e9duisant la consommation de produits transform\u00e9s, cette p\u00e9riode encourage un mode de vie sain. Les familles se rassemblent autour de la table, partageant des moments conviviaux, renfor\u00e7ant ainsi les liens sociaux. La cuisine devient un acte de cr\u00e9ation, o\u00f9 chacun peut exprimer sa personnalit\u00e9 \u00e0 travers les plats. Les enfants apprennent \u00e0 appr\u00e9cier les saveurs authentiques, \u00e0 respecter les saisons et \u00e0 comprendre l&rsquo;importance d&rsquo;une alimentation \u00e9quilibr\u00e9e. C&rsquo;est un retour aux sources, une reconnexion avec la terre et les produits qu&rsquo;elle offre.<\/p>\n<h3>Une tradition qui \u00e9volue<\/h3>\n<p>Au fil des ans, le Jeune Careme a su s&rsquo;adapter aux nouvelles tendances culinaires. Les chefs contemporains r\u00e9interpr\u00e8tent les recettes traditionnelles, int\u00e9grant des influences du monde entier. On voit appara\u00eetre des plats fusion, alliant les saveurs locales \u00e0 des techniques culinaires d&rsquo;ailleurs. Cette \u00e9volution enrichit encore davantage l&rsquo;exp\u00e9rience gastronomique, tout en respectant l&rsquo;esprit de la tradition. De plus, la mont\u00e9e en puissance des r\u00e9gimes v\u00e9g\u00e9tariens et v\u00e9ganes a \u00e9galement influenc\u00e9 les menus durant cette p\u00e9riode. La cr\u00e9ativit\u00e9 culinaire n\u2019a jamais \u00e9t\u00e9 aussi florissante, et le Jeune Careme devient alors un terrain d&rsquo;exp\u00e9rimentation pour les gourmets en qu\u00eate de nouvelles sensations.<\/p>\n<h3>Questions \u00e0 se poser sur le Jeune Careme<\/h3>\n<p>&#8211; <b>Comment adapter les recettes traditionnelles aux go\u00fbts modernes ?<\/b><br \/>\n&#8211; <b>Quelles sont les alternatives v\u00e9g\u00e9tales aux plats classiques ?<\/b><br \/>\n&#8211; <b>Comment impliquer les enfants dans la pr\u00e9paration des repas ?<\/b><br \/>\n&#8211; <b>Quels ingr\u00e9dients de saison privil\u00e9gier pour un menu \u00e9quilibr\u00e9 ?<\/b><\/p>\n<h2>Les secrets du jeune careme r\u00e9v\u00e9l\u00e9s<\/h2>\n<p>Le jeune car\u00eame, cette p\u00e9riode mystique et profonde, est bien plus qu&rsquo;une simple abstinence alimentaire. C&rsquo;est un voyage int\u00e9rieur, une qu\u00eate spirituelle qui se d\u00e9voile \u00e0 travers des pratiques mill\u00e9naires. Dans le cadre de cette p\u00e9riode de r\u00e9flexion, les secrets du jeune car\u00eame s\u2019articulent autour de trois grands axes : la purification, la m\u00e9ditation et la solidarit\u00e9. Chaque aspect joue un r\u00f4le crucial dans l&rsquo;\u00e9panouissement personnel et collectif. La purification, par exemple, ne se limite pas \u00e0 un simple je\u00fbne. Elle englobe \u00e9galement le d\u00e9sencombrement de l&rsquo;esprit, l&rsquo;\u00e9limination des pens\u00e9es n\u00e9gatives et la recherche d&rsquo;un \u00e9quilibre \u00e9motionnel. C&rsquo;est un processus qui nous invite \u00e0 nous reconnecter \u00e0 notre essence, \u00e0 notre moi profond.<\/p>\n<p>La m\u00e9ditation, quant \u00e0 elle, s&rsquo;av\u00e8re \u00eatre une pratique incontournable durant le jeune car\u00eame. Elle permet d&rsquo;atteindre une clart\u00e9 mentale et une s\u00e9r\u00e9nit\u00e9 inestimables. En prenant le temps de s&rsquo;asseoir en silence, d&rsquo;\u00e9couter son souffle et d&rsquo;observer ses pens\u00e9es, on d\u00e9couvre des tr\u00e9sors insoup\u00e7onn\u00e9s de sagesse int\u00e9rieure. Ce moment de recueillement favorise \u00e9galement la cr\u00e9ativit\u00e9 et l&rsquo;inspiration, des \u00e9l\u00e9ments essentiels pour vivre cette p\u00e9riode de mani\u00e8re authentique. Enfin, la solidarit\u00e9, souvent n\u00e9glig\u00e9e, se r\u00e9v\u00e8le \u00eatre un pilier fondamental. Participer \u00e0 des actions caritatives, donner de son temps ou de ses ressources aux plus d\u00e9munis, enrichit non seulement notre exp\u00e9rience personnelle, mais cr\u00e9e \u00e9galement un lien fort avec notre communaut\u00e9. Ces trois \u00e9l\u00e9ments forment une alchimie parfaite qui nous guide tout au long du jeune car\u00eame, r\u00e9v\u00e9lant des secrets qui transcendent le simple aspect physique du je\u00fbne.<\/p>\n<h3>Les bienfaits cach\u00e9s du jeune careme<\/h3>\n<ul>\n<li><b>Am\u00e9lioration de la sant\u00e9 physique :<\/b> Un jeune bien encadr\u00e9 peut contribuer \u00e0 une meilleure digestion et \u00e0 une d\u00e9toxification naturelle.<\/li>\n<li><b>Renforcement de la volont\u00e9 :<\/b> La discipline acquise durant cette p\u00e9riode se traduit par une meilleure gestion des habitudes quotidiennes.<\/li>\n<li><b>Clart\u00e9 spirituelle :<\/b> Le temps de r\u00e9flexion permet de mieux comprendre ses aspirations et de se recentrer sur ses valeurs essentielles.<\/li>\n<li><b>Cr\u00e9ation de liens sociaux :<\/b> Les actions solidaires renforcent les connexions avec les autres et favorisent un esprit de communaut\u00e9.<\/li>\n<\/ul>\n<h3>Des questions sur le jeune careme ?<\/h3>\n<p>Il est normal d&rsquo;avoir des interrogations sur cette p\u00e9riode particuli\u00e8re. Voici quelques \u00e9claircissements pour mieux comprendre les enjeux du jeune car\u00eame.<\/p>\n<p><b>Quelle est la dur\u00e9e id\u00e9ale du jeune car\u00eame ?<\/b><br \/>\nLa dur\u00e9e peut varier selon les traditions, mais g\u00e9n\u00e9ralement, elle s&rsquo;\u00e9tend sur 40 jours, permettant une immersion profonde dans cette exp\u00e9rience spirituelle.<\/p>\n<p><b>Peut-on je\u00fbner sans renoncer \u00e0 tout ?<\/b><br \/>\nAbsolument ! Le je\u00fbne peut \u00eatre adapt\u00e9 \u00e0 chacun. L&rsquo;important est de trouver un \u00e9quilibre qui respecte son corps tout en favorisant la r\u00e9flexion personnelle.<\/p>\n<p><b>Le jeune car\u00eame est-il uniquement religieux ?<\/b><br \/>\nPas du tout. Bien que ses origines soient spirituelles, de nombreuses personnes l&rsquo;adoptent comme un moyen de se ressourcer, d&rsquo;am\u00e9liorer leur bien-\u00eatre et de se reconnecter \u00e0 eux-m\u00eames, ind\u00e9pendamment de leurs croyances.<\/p>\n<p><b>Comment int\u00e9grer la solidarit\u00e9 dans le jeune car\u00eame ?<\/b><br \/>\nIl existe de nombreuses fa\u00e7ons d&rsquo;int\u00e9grer la solidarit\u00e9, que ce soit en faisant du b\u00e9n\u00e9volat, en soutenant des \u0153uvres caritatives ou en participant \u00e0 des actions communautaires.<\/p>\n<p><b>Le jeune car\u00eame peut-il \u00eatre b\u00e9n\u00e9fique pour la sant\u00e9 mentale ?<\/b><br \/>\nOui, en favorisant la m\u00e9ditation et la r\u00e9flexion, le jeune car\u00eame contribue \u00e0 r\u00e9duire le stress et l&rsquo;anxi\u00e9t\u00e9, permettant ainsi un meilleur \u00e9quilibre \u00e9motionnel.<\/p>\n","protected":false},"excerpt":{"rendered":"<p>Jeune careme : une tradition aux multiples saveurs Le Jeune Careme, c&rsquo;est un v\u00e9ritable festival de go\u00fbts et de couleurs, o\u00f9 chaque plat raconte une histoire. Traditionnellement observ\u00e9 par les chr\u00e9tiens, ce moment de je\u00fbne et de r\u00e9flexion s&rsquo;accompagne d&rsquo;une riche palette culinaire. La gastronomie prend alors des allures de c\u00e9l\u00e9bration, invitant \u00e0 red\u00e9couvrir des&#8230;<\/p>\n","protected":false},"author":1,"featured_media":0,"comment_status":"","ping_status":"","sticky":false,"template":"","format":"standard","meta":{"_kad_post_transparent":"","_kad_post_title":"","_kad_post_layout":"","_kad_post_sidebar_id":"","_kad_post_content_style":"","_kad_post_vertical_padding":"","_kad_post_feature":"","_kad_post_feature_position":"","_kad_post_header":false,"_kad_post_footer":false,"_kad_post_classname":"","iawp_total_views":0,"footnotes":""},"categories":[1],"tags":[],"class_list":["post-3872","post","type-post","status-publish","format-standard","hentry","category-actualites"],"_links":{"self":[{"href":"https:\/\/www.dmoz.fr\/tendances\/wp-json\/wp\/v2\/posts\/3872","targetHints":{"allow":["GET"]}}],"collection":[{"href":"https:\/\/www.dmoz.fr\/tendances\/wp-json\/wp\/v2\/posts"}],"about":[{"href":"https:\/\/www.dmoz.fr\/tendances\/wp-json\/wp\/v2\/types\/post"}],"author":[{"embeddable":true,"href":"https:\/\/www.dmoz.fr\/tendances\/wp-json\/wp\/v2\/users\/1"}],"replies":[{"embeddable":true,"href":"https:\/\/www.dmoz.fr\/tendances\/wp-json\/wp\/v2\/comments?post=3872"}],"version-history":[{"count":0,"href":"https:\/\/www.dmoz.fr\/tendances\/wp-json\/wp\/v2\/posts\/3872\/revisions"}],"wp:attachment":[{"href":"https:\/\/www.dmoz.fr\/tendances\/wp-json\/wp\/v2\/media?parent=3872"}],"wp:term":[{"taxonomy":"category","embeddable":true,"href":"https:\/\/www.dmoz.fr\/tendances\/wp-json\/wp\/v2\/categories?post=3872"},{"taxonomy":"post_tag","embeddable":true,"href":"https:\/\/www.dmoz.fr\/tendances\/wp-json\/wp\/v2\/tags?post=3872"}],"curies":[{"name":"wp","href":"https:\/\/api.w.org\/{rel}","templated":true}]}}