{"id":3902,"date":"2025-03-13T01:19:55","date_gmt":"2025-03-13T00:19:55","guid":{"rendered":"https:\/\/www.dmoz.fr\/tendances\/un-destin-de-rage-et-de-flamme\/"},"modified":"2025-03-13T01:19:55","modified_gmt":"2025-03-13T00:19:55","slug":"un-destin-de-rage-et-de-flamme","status":"publish","type":"post","link":"https:\/\/www.dmoz.fr\/tendances\/un-destin-de-rage-et-de-flamme\/","title":{"rendered":"Un destin de rage et de flamme : plongez au c\u0153ur d&rsquo;une \u00e9pop\u00e9e br\u00fblante !"},"content":{"rendered":"<h2>Un destin de rage et de flamme : la qu\u00eate d&rsquo;identit\u00e9<\/h2>\n<p>Dans un monde o\u00f9 chaque individu se d\u00e9bat avec son reflet, la qu\u00eate d&rsquo;identit\u00e9 prend des allures de combat. C&rsquo;est un chemin sem\u00e9 d&#8217;emb\u00fbches, un parcours jalonn\u00e9 de doutes et de certitudes. La rage, cette \u00e9motion br\u00fblante, devient le moteur de ceux qui cherchent \u00e0 s&rsquo;affirmer. Ils avancent avec une flamme ardente dans le c\u0153ur, anim\u00e9s par la n\u00e9cessit\u00e9 de se d\u00e9finir au-del\u00e0 des attentes et des st\u00e9r\u00e9otypes. Les luttes internes se m\u00ealent aux luttes sociales, cr\u00e9ant une toile complexe o\u00f9 s&rsquo;entrelacent des histoires de marginalisation et d&rsquo;acceptation. Chaque pas sur ce chemin est une affirmation, une d\u00e9claration de guerre contre l&rsquo;indiff\u00e9rence. <\/p>\n<p>Au-del\u00e0 des \u00e9tiquettes que la soci\u00e9t\u00e9 peut imposer, la qu\u00eate d&rsquo;identit\u00e9 est souvent une exploration intime. Elle appelle \u00e0 la r\u00e9bellion contre les normes \u00e9tablies, \u00e0 la red\u00e9finition de soi-m\u00eame. Les artistes, par exemple, utilisent leur art comme un cri de ralliement, une voix pour ceux qui se sentent invisibles. La musique, la peinture, la litt\u00e9rature deviennent des armes, des refuges o\u00f9 la rage se transforme en cr\u00e9ativit\u00e9. Les luttes personnelles se m\u00e9tamorphosent en r\u00e9cits universels, et chaque cr\u00e9ation devient un phare pour ceux qui naviguent dans les temp\u00eates de l&rsquo;incertitude. Ainsi, la qu\u00eate d&rsquo;identit\u00e9 n&rsquo;est pas seulement un voyage individuel, mais un \u00e9lan collectif vers la compr\u00e9hension et l&rsquo;acceptation. <\/p>\n<h3>Questions br\u00fblantes sur la qu\u00eate d&rsquo;identit\u00e9<\/h3>\n<ul>\n<li><b>Pourquoi la rage est-elle essentielle dans la qu\u00eate d&rsquo;identit\u00e9 ?<\/b> La rage permet d&rsquo;exprimer des frustrations et des injustices, devenant ainsi un catalyseur de changement personnel et social.<\/li>\n<li><b>Comment l&rsquo;art influence-t-il cette qu\u00eate ?<\/b> L&rsquo;art offre une plateforme d&rsquo;expression, permettant aux individus de partager leurs histoires et de se connecter avec d&rsquo;autres.<\/li>\n<li><b>Quelles sont les cons\u00e9quences de cette qu\u00eate sur la soci\u00e9t\u00e9 ?<\/b> Une qu\u00eate d&rsquo;identit\u00e9 authentique peut mener \u00e0 une plus grande tol\u00e9rance et une compr\u00e9hension accrue des diversit\u00e9s culturelles.<\/li>\n<\/ul>\n<h2>Les personnages embl\u00e9matiques d&rsquo;un destin de rage et de flamme<\/h2>\n<p>Il existe dans notre imaginaire collectif une galerie de personnages qui, par leur intensit\u00e9, semblent avoir \u00e9t\u00e9 fa\u00e7onn\u00e9s dans le feu de la passion et de la col\u00e8re. Ces figures, souvent tragiques, sont anim\u00e9es par des destins tumultueux, balan\u00e7ant entre l&rsquo;ombre et la lumi\u00e8re. Prenons, par exemple, le c\u00e9l\u00e8bre h\u00e9ros de la litt\u00e9rature fran\u00e7aise, qui, tel un ph\u00e9nix, renait toujours de ses cendres. Il est celui qui se dresse contre l&rsquo;injustice, brandissant son \u00e9p\u00e9e de mots comme une arme de v\u00e9rit\u00e9. Sa rage est palpable, une force brute qui le propulse vers l&rsquo;avant, et son charisme attire les foules, faisant de lui un symbole de r\u00e9bellion. Les mots qu&rsquo;il prononce r\u00e9sonnent comme des \u00e9chos de d\u00e9sespoir et d&rsquo;espoir, fa\u00e7onnant les \u00e2mes de ceux qui l&rsquo;\u00e9coutent. Dans cette danse entre rage et flamme, on d\u00e9couvre non seulement la lutte personnelle de ces personnages, mais aussi leur impact sur la soci\u00e9t\u00e9 qui les entoure.<\/p>\n<p>Mais ne nous arr\u00eatons pas l\u00e0, car l&rsquo;univers des personnages embl\u00e9matiques est vaste et vari\u00e9. Dans le cin\u00e9ma, par exemple, on retrouve des figures qui incarnent cette dualit\u00e9, comme le c\u00e9l\u00e8bre anti-h\u00e9ros, souvent mal compris, qui se d\u00e9bat avec ses d\u00e9mons int\u00e9rieurs. Il est \u00e0 la fois l&rsquo;ange et le d\u00e9mon, naviguant entre les zones d&rsquo;ombre de son existence et la qu\u00eate de r\u00e9demption. Ces personnages ne se contentent pas de vivre ; ils explosent sur la sc\u00e8ne, d\u00e9gageant une \u00e9nergie qui captive le public. En outre, leur histoire est jalonn\u00e9e de choix d\u00e9chirants, de sacrifices et de r\u00e9voltes, rendant leur parcours encore plus fascinant. Au fil des ann\u00e9es, ces destins de rage et de flamme ont influenc\u00e9 des g\u00e9n\u00e9rations, inspirant des mouvements sociaux et des changements profonds. <b>Leur h\u00e9ritage perdure<\/b>, se manifestant dans la culture populaire, la musique, et m\u00eame la mode, o\u00f9 chaque geste, chaque r\u00e9plique, chaque cri de r\u00e9volte devient un symbole d&rsquo;une lutte plus vaste.<\/p>\n<h3>Questions br\u00fblantes sur ces personnages embl\u00e9matiques<\/h3>\n<ul>\n<li><b>Qui sont les personnages les plus marquants de cette th\u00e9matique ?<\/b><\/li>\n<li><b>Comment leur rage influence-t-elle leur destin ?<\/b><\/li>\n<li><b>Quel est l&rsquo;impact de ces figures sur la culture contemporaine ?<\/b><\/li>\n<li><b>En quoi leur histoire r\u00e9sonne-t-elle avec les luttes actuelles ?<\/b><\/li>\n<\/ul>\n","protected":false},"excerpt":{"rendered":"<p>Un destin de rage et de flamme : la qu\u00eate d&rsquo;identit\u00e9 Dans un monde o\u00f9 chaque individu se d\u00e9bat avec son reflet, la qu\u00eate d&rsquo;identit\u00e9 prend des allures de combat. C&rsquo;est un chemin sem\u00e9 d&#8217;emb\u00fbches, un parcours jalonn\u00e9 de doutes et de certitudes. La rage, cette \u00e9motion br\u00fblante, devient le moteur de ceux qui cherchent&#8230;<\/p>\n","protected":false},"author":1,"featured_media":0,"comment_status":"","ping_status":"","sticky":false,"template":"","format":"standard","meta":{"_kad_post_transparent":"","_kad_post_title":"","_kad_post_layout":"","_kad_post_sidebar_id":"","_kad_post_content_style":"","_kad_post_vertical_padding":"","_kad_post_feature":"","_kad_post_feature_position":"","_kad_post_header":false,"_kad_post_footer":false,"_kad_post_classname":"","iawp_total_views":0,"footnotes":""},"categories":[1],"tags":[],"class_list":["post-3902","post","type-post","status-publish","format-standard","hentry","category-actualites"],"_links":{"self":[{"href":"https:\/\/www.dmoz.fr\/tendances\/wp-json\/wp\/v2\/posts\/3902","targetHints":{"allow":["GET"]}}],"collection":[{"href":"https:\/\/www.dmoz.fr\/tendances\/wp-json\/wp\/v2\/posts"}],"about":[{"href":"https:\/\/www.dmoz.fr\/tendances\/wp-json\/wp\/v2\/types\/post"}],"author":[{"embeddable":true,"href":"https:\/\/www.dmoz.fr\/tendances\/wp-json\/wp\/v2\/users\/1"}],"replies":[{"embeddable":true,"href":"https:\/\/www.dmoz.fr\/tendances\/wp-json\/wp\/v2\/comments?post=3902"}],"version-history":[{"count":0,"href":"https:\/\/www.dmoz.fr\/tendances\/wp-json\/wp\/v2\/posts\/3902\/revisions"}],"wp:attachment":[{"href":"https:\/\/www.dmoz.fr\/tendances\/wp-json\/wp\/v2\/media?parent=3902"}],"wp:term":[{"taxonomy":"category","embeddable":true,"href":"https:\/\/www.dmoz.fr\/tendances\/wp-json\/wp\/v2\/categories?post=3902"},{"taxonomy":"post_tag","embeddable":true,"href":"https:\/\/www.dmoz.fr\/tendances\/wp-json\/wp\/v2\/tags?post=3902"}],"curies":[{"name":"wp","href":"https:\/\/api.w.org\/{rel}","templated":true}]}}