{"id":4028,"date":"2025-03-13T14:05:23","date_gmt":"2025-03-13T13:05:23","guid":{"rendered":"https:\/\/www.dmoz.fr\/tendances\/la-famille-belier\/"},"modified":"2025-03-13T14:05:23","modified_gmt":"2025-03-13T13:05:23","slug":"la-famille-belier","status":"publish","type":"post","link":"https:\/\/www.dmoz.fr\/tendances\/la-famille-belier\/","title":{"rendered":"La famille B\u00e9lier : un chef-d&rsquo;\u0153uvre \u00e9mouvant qui va bouleverser votre vision de la musique !"},"content":{"rendered":"<p><\/p>\n<div id='video-container' data-video-id='xSGKpL994z0' style='width:100%; height:auto; max-width:587px; position: relative;'>\n<div class='image-video-plugin' style='background:url(\"https:\/\/img.youtube.com\/vi\/xSGKpL994z0\/0.jpg\") center no-repeat; background-size: cover;'><\/div>\n<p>        <span class='youtube-play-button'><\/span><br \/>\n        <noscript><a href=\"https:\/\/www.youtube.com\/watch?v=xSGKpL994z0\" target=\"_blank\" rel=\"noopener\">Play on YouTube<\/a><\/noscript>\n    <\/div>\n<p><\/p>\n<h2>La famille b\u00e9lier : un film qui r\u00e9sonne au-del\u00e0 des mots<\/h2>\n<p>La famille B\u00e9lier, c\u2019est un v\u00e9ritable bijou du cin\u00e9ma fran\u00e7ais, un film qui r\u00e9ussit \u00e0 toucher des cordes sensibles, \u00e0 faire vibrer l&rsquo;\u00e2me des spectateurs bien au-del\u00e0 des simples dialogues. Ce long-m\u00e9trage, r\u00e9alis\u00e9 par \u00c9ric Lartigau, met en lumi\u00e8re la dynamique d&rsquo;une famille d&rsquo;agriculteurs, o\u00f9 la surdit\u00e9 des parents contraste avec l\u2019audition de leur fille, Paula. Cette dichotomie, cette confrontation entre le silence et le son, offre une richesse \u00e9motionnelle in\u00e9gal\u00e9e. En effet, la jeune Paula, interpr\u00e9t\u00e9e avec brio par Louane Emera, est \u00e0 la fois le pilier et la voix de sa famille. Elle jongle entre ses responsabilit\u00e9s familiales et ses aspirations personnelles, cr\u00e9ant ainsi un personnage complexe et attachant. Le film aborde des th\u00e9matiques universelles telles que la recherche d\u2019identit\u00e9, le besoin d\u2019appartenance et l\u2019\u00e9mancipation, tout en \u00e9tant ancr\u00e9 dans une r\u00e9alit\u00e9 sociale poignante. <\/p>\n<p>Les sc\u00e8nes musicales, o\u00f9 Paula chante avec passion, constituent un v\u00e9ritable fil rouge de l\u2019\u0153uvre. Ces moments de pure magie ne sont pas seulement des interm\u00e8des, mais des r\u00e9v\u00e9lateurs de la profondeur des sentiments. La musique devient alors un langage \u00e0 part enti\u00e8re, un moyen de communication qui transcende les barri\u00e8res du silence. La famille B\u00e9lier, c\u2019est aussi une histoire de r\u00e9silience et de d\u00e9termination. Chaque personnage, qu\u2019il soit sourd ou entendant, a sa propre lutte \u00e0 mener. Les interactions entre Paula et ses parents, ainsi que celles avec ses camarades, illustrent parfaitement la richesse des relations humaines. Les rires, les larmes et les moments de tendresse s\u2019entrelacent pour offrir une palette \u00e9motionnelle qui ne laisse personne indiff\u00e9rent. Ce film est un appel \u00e0 la compr\u00e9hension et \u00e0 l\u2019acceptation des diff\u00e9rences, une c\u00e9l\u00e9bration de la diversit\u00e9 des voix, qu\u2019elles soient entendues ou non.<\/p>\n<h3>Questions qui fusent sur La famille B\u00e9lier<\/h3>\n<ul>\n<li><b>Pourquoi La famille B\u00e9lier a-t-il autant marqu\u00e9 les esprits ?<\/b><\/li>\n<li><b>Quels sont les th\u00e8mes principaux abord\u00e9s dans le film ?<\/b><\/li>\n<li><b>Comment la musique influence-t-elle le r\u00e9cit ?<\/b><\/li>\n<li><b>Quelles \u00e9motions sont v\u00e9hicul\u00e9es par les personnages ?<\/b><\/li>\n<\/ul>\n<p>La famille B\u00e9lier n&rsquo;est pas qu&rsquo;un simple film, c&rsquo;est un ph\u00e9nom\u00e8ne culturel qui a su capter l\u2019attention du public par son authenticit\u00e9. La repr\u00e9sentation de la surdit\u00e9 est faite avec une d\u00e9licatesse rare, \u00e9vitant les clich\u00e9s et offrant une vision nuanc\u00e9e de la vie des personnes sourdes. En int\u00e9grant des \u00e9l\u00e9ments de com\u00e9die, le film parvient \u00e0 aborder des sujets s\u00e9rieux sans jamais tomber dans le pathos. La l\u00e9g\u00e8ret\u00e9 des moments humoristiques s&rsquo;imbrique parfaitement avec les instants plus graves, permettant aux spectateurs de vivre une exp\u00e9rience cin\u00e9matographique riche et vari\u00e9e. Les performances des acteurs, notamment de Karin Viard et Fran\u00e7ois Damiens, ajoutent une dimension suppl\u00e9mentaire \u00e0 cette \u0153uvre. Ils incarnent des parents aimants, certes imparfaits, mais profond\u00e9ment humains, et leur relation avec Paula est au c\u0153ur de cette histoire touchante.<\/p>\n<p>La famille B\u00e9lier, c\u2019est aussi une invitation \u00e0 r\u00e9fl\u00e9chir sur notre propre rapport \u00e0 la communication. \u00c0 une \u00e9poque o\u00f9 les mots sont souvent pris pour acquis, ce film nous rappelle l&rsquo;importance des gestes, des regards et des silences. Le langage des signes, par exemple, prend une place centrale dans le r\u00e9cit, soulignant qu&rsquo;il existe mille et une fa\u00e7ons de s&rsquo;exprimer et de se comprendre. Le film nous pousse \u00e0 questionner nos propres barri\u00e8res, \u00e0 nous interroger sur la mani\u00e8re dont nous interagissons avec les autres. En nous plongeant dans cet univers, La famille B\u00e9lier nous offre une le\u00e7on pr\u00e9cieuse sur l&#8217;empathie et la connexion humaine, des valeurs essentielles dans un monde parfois trop bruyant. <\/p>\n<h3>Des interrogations sur le film qui \u00e9mergent<\/h3>\n<ul>\n<li><b>Quelles le\u00e7ons peut-on tirer de l&rsquo;histoire de Paula ?<\/b><\/li>\n<li><b>Comment le film a-t-il \u00e9t\u00e9 accueilli par le public et la critique ?<\/b><\/li>\n<li><b>Quels \u00e9l\u00e9ments visuels renforcent le message du film ?<\/b><\/li>\n<li><b>En quoi ce film est-il une repr\u00e9sentation fid\u00e8le de la vie en milieu rural ?<\/b><\/li>\n<\/ul>\n<h2>Les personnages de la famille b\u00e9lier : une galerie touchante et authentique<\/h2>\n<p>La famille B\u00e9lier, c\u2019est avant tout une mosa\u00efque d\u2019\u00e9motions, o\u00f9 chaque personnage apporte sa couleur \u00e0 cette fresque familiale. Au centre, Paula, l&rsquo;adolescente au c\u0153ur pur, est \u00e0 la fois le pilier et la lumi\u00e8re de cette famille sourde. Elle incarne le dilemme de nombreux jeunes : la qu\u00eate de son identit\u00e9 face \u00e0 des parents qui, malgr\u00e9 leur handicap, sont d\u2019une force incroyable. Ses talents de chanteuse, r\u00e9v\u00e9l\u00e9s au fil du r\u00e9cit, ne font que renforcer l\u2019id\u00e9e que l\u2019art transcende les barri\u00e8res. Elle est l\u2019interface entre le monde des entendants et celui des non-entendants, un pont d\u00e9licat mais n\u00e9cessaire, qui fait \u00e9cho \u00e0 ses aspirations et \u00e0 son d\u00e9sir d\u2019\u00e9mancipation. On ressent \u00e0 travers elle une tendresse palpable, mais aussi une certaine m\u00e9lancolie. <\/p>\n<p>\u00c0 ses c\u00f4t\u00e9s, ses parents, Rodolphe et Gigi, sont des personnages profond\u00e9ment touchants, parfois maladroits, mais toujours authentiques. Rodolphe, le p\u00e8re, avec son humour d\u00e9sarmant et son pragmatisme, est un exemple de r\u00e9silience. Il sait jongler entre le travail \u00e0 la ferme et les d\u00e9fis de la vie quotidienne, tout en cherchant \u00e0 prot\u00e9ger sa famille. Gigi, quant \u00e0 elle, est la m\u00e8re, un v\u00e9ritable roc, qui sait naviguer entre les exigences de son r\u00f4le de parent et ses propres d\u00e9sirs. Ensemble, ils forment une \u00e9quipe soud\u00e9e, mais on ressent parfois une tension, un d\u00e9calage entre leurs attentes et celles de Paula. Cette dynamique cr\u00e9e une richesse \u00e9motionnelle qui r\u00e9sonne avec quiconque a d\u00e9j\u00e0 d\u00fb jongler entre amour familial et aspirations personnelles.<\/p>\n<h3>Une galerie de personnages secondaires<\/h3>\n<p>Les personnages secondaires, bien que moins pr\u00e9sents, sont tout aussi essentiels \u00e0 la narration. <b>Le meilleur ami de Paula<\/b>, qui incarne la loyaut\u00e9 et l\u2019innocence, apporte une touche de l\u00e9g\u00e8ret\u00e9 et d\u2019amiti\u00e9, contrastant avec les dilemmes familiaux. <b>Le professeur de musique<\/b>, qui reconna\u00eet le talent de Paula, repr\u00e9sente l\u2019espoir et l\u2019ouverture sur le monde ext\u00e9rieur. Il incarne ce soutien dont elle a besoin pour s\u2019\u00e9panouir, et permet d\u2019explorer la notion de passion face \u00e0 la r\u00e9alit\u00e9. <\/p>\n<p>Chaque interaction, chaque moment de complicit\u00e9 ou de tension, permet d\u2019illustrer cette galerie humaine riche et complexe, o\u00f9 l\u2019amour et la compr\u00e9hension l\u2019emportent souvent sur les malentendus. Les sc\u00e8nes o\u00f9 la famille se r\u00e9unit autour de la table ou dans les moments de travail \u00e0 la ferme r\u00e9v\u00e8lent des facettes de leur quotidien, tant\u00f4t dr\u00f4les, tant\u00f4t poignantes. Ces portraits, tous plus touchants les uns que les autres, nous rappellent que la famille, malgr\u00e9 ses imperfections, reste un lieu de refuge et de partage.<\/p>\n<h3>Les le\u00e7ons de la famille B\u00e9lier<\/h3>\n<p>Il est important de souligner que chaque personnage, \u00e0 sa mani\u00e8re, transmet des le\u00e7ons de vie. Voici quelques exemples : <\/p>\n<ul>\n<li><b>R\u00e9silience :<\/b> La capacit\u00e9 de la famille \u00e0 surmonter les obstacles.<\/li>\n<li><b>Amour inconditionnel :<\/b> La force des liens familiaux face \u00e0 l\u2019adversit\u00e9.<\/li>\n<li><b>Identit\u00e9 :<\/b> La qu\u00eate personnelle de Paula, entre r\u00eave et r\u00e9alit\u00e9.<\/li>\n<\/ul>\n<p>Ces le\u00e7ons s\u2019entrem\u00ealent pour former une histoire qui ne se limite pas \u00e0 la simple repr\u00e9sentation d\u2019une famille, mais qui touche \u00e0 l\u2019universel. La famille B\u00e9lier nous rappelle que chacun a sa place, que chaque voix compte, et que l\u2019amour peut transcender toutes les barri\u00e8res, qu\u2019elles soient physiques ou \u00e9motionnelles. <\/p>\n<h3>Des personnages qui marquent les esprits<\/h3>\n<p>Les personnages de ce film ne sont pas que des figures de fiction ; ils sont le reflet d&rsquo;une r\u00e9alit\u00e9, d&rsquo;une diversit\u00e9 qui m\u00e9rite d\u2019\u00eatre mise en lumi\u00e8re. Leur authenticit\u00e9 r\u00e9sonne avec le public, permettant \u00e0 chacun de s\u2019y identifier, de ressentir une connexion, qu\u2019elle soit joyeuse ou m\u00e9lancolique. En d\u00e9finitive, la famille B\u00e9lier, avec ses personnages attachants, offre une galerie touchante qui rappelle que la beaut\u00e9 de la vie r\u00e9side dans ses imperfections et dans l&rsquo;amour qui unit les \u00eatres. <\/p>\n<h3>Les questions qui nous habitent<\/h3>\n<p>Si vous vous interrogez sur la profondeur des personnages de la famille B\u00e9lier, sachez qu&rsquo;ils nous poussent \u00e0 r\u00e9fl\u00e9chir sur notre propre vie. Voici quelques r\u00e9flexions : <\/p>\n<ul>\n<li>Quels sacrifices seriez-vous pr\u00eat \u00e0 faire pour votre famille ?<\/li>\n<li>Comment naviguer entre ses propres r\u00eaves et les attentes familiales ?<\/li>\n<li>Quelles le\u00e7ons tirez-vous de vos propres relations familiales ?<\/li>\n<\/ul>\n<p>Ces questions, bien qu&rsquo;issues d&rsquo;une \u0153uvre de fiction, r\u00e9sonnent avec nos r\u00e9alit\u00e9s quotidiennes, faisant de la famille B\u00e9lier une \u0153uvre intemporelle.<\/p>\n","protected":false},"excerpt":{"rendered":"<p>Play on YouTube La famille b\u00e9lier : un film qui r\u00e9sonne au-del\u00e0 des mots La famille B\u00e9lier, c\u2019est un v\u00e9ritable bijou du cin\u00e9ma fran\u00e7ais, un film qui r\u00e9ussit \u00e0 toucher des cordes sensibles, \u00e0 faire vibrer l&rsquo;\u00e2me des spectateurs bien au-del\u00e0 des simples dialogues. Ce long-m\u00e9trage, r\u00e9alis\u00e9 par \u00c9ric Lartigau, met en lumi\u00e8re la dynamique&#8230;<\/p>\n","protected":false},"author":1,"featured_media":4029,"comment_status":"","ping_status":"","sticky":false,"template":"","format":"standard","meta":{"_kad_post_transparent":"","_kad_post_title":"","_kad_post_layout":"","_kad_post_sidebar_id":"","_kad_post_content_style":"","_kad_post_vertical_padding":"","_kad_post_feature":"","_kad_post_feature_position":"","_kad_post_header":false,"_kad_post_footer":false,"_kad_post_classname":"","iawp_total_views":1,"footnotes":""},"categories":[1],"tags":[],"class_list":["post-4028","post","type-post","status-publish","format-standard","has-post-thumbnail","hentry","category-actualites"],"_links":{"self":[{"href":"https:\/\/www.dmoz.fr\/tendances\/wp-json\/wp\/v2\/posts\/4028","targetHints":{"allow":["GET"]}}],"collection":[{"href":"https:\/\/www.dmoz.fr\/tendances\/wp-json\/wp\/v2\/posts"}],"about":[{"href":"https:\/\/www.dmoz.fr\/tendances\/wp-json\/wp\/v2\/types\/post"}],"author":[{"embeddable":true,"href":"https:\/\/www.dmoz.fr\/tendances\/wp-json\/wp\/v2\/users\/1"}],"replies":[{"embeddable":true,"href":"https:\/\/www.dmoz.fr\/tendances\/wp-json\/wp\/v2\/comments?post=4028"}],"version-history":[{"count":0,"href":"https:\/\/www.dmoz.fr\/tendances\/wp-json\/wp\/v2\/posts\/4028\/revisions"}],"wp:featuredmedia":[{"embeddable":true,"href":"https:\/\/www.dmoz.fr\/tendances\/wp-json\/wp\/v2\/media\/4029"}],"wp:attachment":[{"href":"https:\/\/www.dmoz.fr\/tendances\/wp-json\/wp\/v2\/media?parent=4028"}],"wp:term":[{"taxonomy":"category","embeddable":true,"href":"https:\/\/www.dmoz.fr\/tendances\/wp-json\/wp\/v2\/categories?post=4028"},{"taxonomy":"post_tag","embeddable":true,"href":"https:\/\/www.dmoz.fr\/tendances\/wp-json\/wp\/v2\/tags?post=4028"}],"curies":[{"name":"wp","href":"https:\/\/api.w.org\/{rel}","templated":true}]}}