{"id":4038,"date":"2025-03-13T14:40:01","date_gmt":"2025-03-13T13:40:01","guid":{"rendered":"https:\/\/www.dmoz.fr\/tendances\/sens-valeur-portee-2\/"},"modified":"2025-03-13T14:40:01","modified_gmt":"2025-03-13T13:40:01","slug":"sens-valeur-portee-2","status":"publish","type":"post","link":"https:\/\/www.dmoz.fr\/tendances\/sens-valeur-portee-2\/","title":{"rendered":"Comprendre la sens valeur port\u00e9e : le secret d&rsquo;une vie \u00e9panouie !"},"content":{"rendered":"<p><\/p>\n<div id='video-container' data-video-id='sFPpvmX9fSE' style='width:100%; height:auto; max-width:587px; position: relative;'>\n<div class='image-video-plugin' style='background:url(\"https:\/\/img.youtube.com\/vi\/sFPpvmX9fSE\/0.jpg\") center no-repeat; background-size: cover;'><\/div>\n<p>        <span class='youtube-play-button'><\/span><br \/>\n        <noscript><a href=\"https:\/\/www.youtube.com\/watch?v=sFPpvmX9fSE\" target=\"_blank\" rel=\"noopener\">Play on YouTube<\/a><\/noscript>\n    <\/div>\n<p><\/p>\n<h2>Sens et valeur : une qu\u00eate personnelle<\/h2>\n<p>La recherche de sens et de valeur dans nos vies s&rsquo;apparente \u00e0 un voyage introspectif, o\u00f9 chaque pas nous rapproche un peu plus de notre essence. C&rsquo;est une aventure unique, teint\u00e9e de r\u00e9flexions profondes et de d\u00e9couvertes inattendues. Chacun d&rsquo;entre nous, arm\u00e9 de nos exp\u00e9riences et de nos \u00e9motions, s&rsquo;engage dans cette qu\u00eate avec des bagages diff\u00e9rents. Au fil des jours, les questions existentielles s&rsquo;accumulent : \u00ab Qui suis-je vraiment ? Qu&rsquo;est-ce qui donne de la valeur \u00e0 ma vie ? \u00bb Cette qu\u00eate n&rsquo;est pas seulement intellectuelle ; elle se vit au quotidien, dans les choix que nous faisons, les relations que nous tissons et les passions que nous cultivons. On peut m\u00eame dire que c&rsquo;est un v\u00e9ritable chantier int\u00e9rieur, o\u00f9 l&rsquo;on d\u00e9construit pour mieux reconstruire. Il ne s&rsquo;agit pas d&rsquo;une course effr\u00e9n\u00e9e, mais d&rsquo;un cheminement, une exploration de soi qui n\u00e9cessite du temps et de la patience.<\/p>\n<p>Dans ce processus, il est essentiel de se confronter \u00e0 nos peurs et \u00e0 nos doutes. Parfois, le sens que l&rsquo;on cherche se cache dans les recoins les plus sombres de notre esprit. C&rsquo;est l\u00e0 que la valeur des \u00e9preuves se r\u00e9v\u00e8le, car elles nous enseignent la r\u00e9silience et la force int\u00e9rieure. Pour avancer, il peut \u00eatre utile de se poser des questions pr\u00e9cises : <b>Qu&rsquo;est-ce qui me passionne r\u00e9ellement ?<\/b> <b>Quels sont les moments o\u00f9 je me sens le plus vivant ?<\/b> Ces interrogations nous permettent de clarifier nos priorit\u00e9s et de d\u00e9finir ce qui est vraiment important pour nous. En parall\u00e8le, cultiver la gratitude peut enrichir cette qu\u00eate. En prenant le temps d&rsquo;appr\u00e9cier les petites choses, nous d\u00e9couvrons souvent que le sens de notre existence se trouve dans la simplicit\u00e9 du quotidien. C&rsquo;est un v\u00e9ritable art de vivre, o\u00f9 chaque instant compte, o\u00f9 chaque sourire \u00e9chang\u00e9 devient une pierre pr\u00e9cieuse dans notre mosa\u00efque personnelle.<\/p>\n<h3>Questions qui enrichissent votre qu\u00eate<\/h3>\n<ul>\n<li><b>Comment d\u00e9finir ce qui est pr\u00e9cieux pour moi ?<\/b><\/li>\n<li><b>Quelles exp\u00e9riences m&rsquo;ont le plus marqu\u00e9 ?<\/b><\/li>\n<li><b>Qui sont les personnes qui influencent ma vision du monde ?<\/b><\/li>\n<li><b>Comment transformer mes \u00e9checs en le\u00e7ons de vie ?<\/b><\/li>\n<\/ul>\n<h3>Des r\u00e9flexions pour avancer<\/h3>\n<p>Il est aussi int\u00e9ressant de noter que le sens et la valeur ne sont pas fig\u00e9s ; ils \u00e9voluent avec nous. Ce qui semblait vital \u00e0 un moment de notre vie peut devenir obsol\u00e8te par la suite. Cette dynamique nous pousse \u00e0 r\u00e9\u00e9valuer constamment nos choix et nos aspirations. Pour accompagner ce mouvement, il est b\u00e9n\u00e9fique de s&rsquo;entourer de personnes inspirantes qui partagent nos valeurs ou qui nous challengent \u00e0 penser diff\u00e9remment. La richesse de cette qu\u00eate personnelle r\u00e9side dans sa diversit\u00e9 : chaque chemin est unique, et chaque exp\u00e9rience contribue \u00e0 fa\u00e7onner notre identit\u00e9. <\/p>\n<p><b>Se rappeler que la qu\u00eate de sens est un processus, pas une destination,<\/b> est fondamental. La valeur que l&rsquo;on trouve en chemin peut souvent surpasser l&rsquo;objectif initial. C&rsquo;est dans cette optique que l&rsquo;on peut apprendre \u00e0 appr\u00e9cier le voyage, avec ses hauts et ses bas, et \u00e0 se laisser porter par le flot de la vie. En fin de compte, ce n&rsquo;est pas tant le but qui importe, mais la fa\u00e7on dont nous choisissons de vivre chaque \u00e9tape de cette qu\u00eate personnelle.<\/p>\n<h3>\u00c9claircissements sur votre cheminement<\/h3>\n<ul>\n<li><b>Quels outils puis-je utiliser pour mieux me conna\u00eetre ?<\/b><\/li>\n<li><b>Comment puis-je int\u00e9grer mes valeurs dans mon quotidien ?<\/b><\/li>\n<li><b>Quels rituels peuvent m&rsquo;aider \u00e0 me recentrer ?<\/b><\/li>\n<li><b>Comment apprendre \u00e0 appr\u00e9cier l&rsquo;incertitude ?<\/b><\/li>\n<\/ul>\n<h2>Port\u00e9e des id\u00e9es : quand les mots prennent vie<\/h2>\n<p>Dans un monde o\u00f9 chaque mot est une petite \u00e9tincelle, la port\u00e9e des id\u00e9es se r\u00e9v\u00e8le souvent plus vaste qu&rsquo;on ne l&rsquo;imagine. Quand on prononce une phrase, c\u2019est comme si on lan\u00e7ait une fl\u00e8che, et le message peut voyager bien au-del\u00e0 de l&rsquo;intention initiale. Les mots, en tant qu&rsquo;outils de communication, ont cette capacit\u00e9 incroyable de toucher les c\u0153urs et d\u2019\u00e9veiller les esprits. C\u2019est dans cette danse entre le verbal et le sensoriel que les id\u00e9es prennent vie. Imaginez un po\u00e8me qui r\u00e9sonne comme une m\u00e9lodie, ou un discours qui r\u00e9veille des souvenirs enfouis. Ces instants o\u00f9 les mots s\u2019animent transcendent le simple \u00e9change d\u2019informations, ils deviennent une exp\u00e9rience, une connexion humaine.<\/p>\n<p><b>Il est fascinant de constater comment les id\u00e9es, une fois lib\u00e9r\u00e9es par le langage, peuvent engendrer des mouvements, des r\u00e9volutions de pens\u00e9e.<\/b> Les mots peuvent rassembler des foules autour d\u2019une cause, provoquer des rires, ou m\u00eame susciter des larmes. Dans ce cadre, la port\u00e9e des id\u00e9es ne se limite pas \u00e0 leur signification litt\u00e9rale, mais s\u2019\u00e9tend \u00e0 leur impact \u00e9motionnel et social. Chaque mot choisi peut \u00eatre une brique dans la construction d&rsquo;un discours puissant. Pour illustrer cette dynamique, on pourrait \u00e9voquer des figures historiques qui ont su manier la langue avec brio, telles que Victor Hugo ou Simone de Beauvoir, dont les \u00e9crits continuent de r\u00e9sonner \u00e0 travers les g\u00e9n\u00e9rations. En fin de compte, chaque mot est une invitation \u00e0 explorer des horizons nouveaux, \u00e0 remettre en question nos certitudes et \u00e0 envisager le monde sous un angle diff\u00e9rent.<\/p>\n<h3>Questions fr\u00e9quentes sur la port\u00e9e des id\u00e9es<\/h3>\n<p><b>Pourquoi les mots ont-ils un tel pouvoir ?<\/b><br \/>\nLes mots sont des vecteurs d&rsquo;\u00e9motion et de pens\u00e9e. Ils peuvent \u00e9voquer des images, susciter des \u00e9motions et influencer le comportement. Leur pouvoir r\u00e9side dans leur capacit\u00e9 \u00e0 \u00e9tablir des connexions entre les individus, \u00e0 cr\u00e9er des ponts entre des id\u00e9es et des cultures.<\/p>\n<p><b>Comment les id\u00e9es prennent-elles vie \u00e0 travers les mots ?<\/b><br \/>\nLes id\u00e9es prennent vie lorsqu&rsquo;elles sont exprim\u00e9es de mani\u00e8re authentique et passionn\u00e9e. Quand une personne parle avec conviction, les mots deviennent une force qui peut inspirer et mobiliser les autres. C&rsquo;est cette passion qui transforme des simples id\u00e9es en v\u00e9ritables mouvements. <\/p>\n<p><b>Quels sont les effets des mots sur la soci\u00e9t\u00e9 ?<\/b><br \/>\nLes mots ont le potentiel de fa\u00e7onner des opinions, de provoquer des changements sociaux et de cr\u00e9er des communaut\u00e9s. Ils peuvent aussi diviser ou unir, selon la mani\u00e8re dont ils sont utilis\u00e9s. C\u2019est pourquoi il est essentiel de choisir ses mots avec soin et d\u2019\u00eatre conscient de leur port\u00e9e.<\/p>\n","protected":false},"excerpt":{"rendered":"<p>Play on YouTube Sens et valeur : une qu\u00eate personnelle La recherche de sens et de valeur dans nos vies s&rsquo;apparente \u00e0 un voyage introspectif, o\u00f9 chaque pas nous rapproche un peu plus de notre essence. C&rsquo;est une aventure unique, teint\u00e9e de r\u00e9flexions profondes et de d\u00e9couvertes inattendues. Chacun d&rsquo;entre nous, arm\u00e9 de nos exp\u00e9riences&#8230;<\/p>\n","protected":false},"author":1,"featured_media":4039,"comment_status":"","ping_status":"","sticky":false,"template":"","format":"standard","meta":{"_kad_post_transparent":"","_kad_post_title":"","_kad_post_layout":"","_kad_post_sidebar_id":"","_kad_post_content_style":"","_kad_post_vertical_padding":"","_kad_post_feature":"","_kad_post_feature_position":"","_kad_post_header":false,"_kad_post_footer":false,"_kad_post_classname":"","iawp_total_views":0,"footnotes":""},"categories":[1],"tags":[],"class_list":["post-4038","post","type-post","status-publish","format-standard","has-post-thumbnail","hentry","category-actualites"],"_links":{"self":[{"href":"https:\/\/www.dmoz.fr\/tendances\/wp-json\/wp\/v2\/posts\/4038","targetHints":{"allow":["GET"]}}],"collection":[{"href":"https:\/\/www.dmoz.fr\/tendances\/wp-json\/wp\/v2\/posts"}],"about":[{"href":"https:\/\/www.dmoz.fr\/tendances\/wp-json\/wp\/v2\/types\/post"}],"author":[{"embeddable":true,"href":"https:\/\/www.dmoz.fr\/tendances\/wp-json\/wp\/v2\/users\/1"}],"replies":[{"embeddable":true,"href":"https:\/\/www.dmoz.fr\/tendances\/wp-json\/wp\/v2\/comments?post=4038"}],"version-history":[{"count":0,"href":"https:\/\/www.dmoz.fr\/tendances\/wp-json\/wp\/v2\/posts\/4038\/revisions"}],"wp:featuredmedia":[{"embeddable":true,"href":"https:\/\/www.dmoz.fr\/tendances\/wp-json\/wp\/v2\/media\/4039"}],"wp:attachment":[{"href":"https:\/\/www.dmoz.fr\/tendances\/wp-json\/wp\/v2\/media?parent=4038"}],"wp:term":[{"taxonomy":"category","embeddable":true,"href":"https:\/\/www.dmoz.fr\/tendances\/wp-json\/wp\/v2\/categories?post=4038"},{"taxonomy":"post_tag","embeddable":true,"href":"https:\/\/www.dmoz.fr\/tendances\/wp-json\/wp\/v2\/tags?post=4038"}],"curies":[{"name":"wp","href":"https:\/\/api.w.org\/{rel}","templated":true}]}}