{"id":4053,"date":"2025-03-13T17:11:20","date_gmt":"2025-03-13T16:11:20","guid":{"rendered":"https:\/\/www.dmoz.fr\/tendances\/elvida-et-jonathan\/"},"modified":"2025-03-13T17:11:20","modified_gmt":"2025-03-13T16:11:20","slug":"elvida-et-jonathan","status":"publish","type":"post","link":"https:\/\/www.dmoz.fr\/tendances\/elvida-et-jonathan\/","title":{"rendered":"Elvida et Jonathan : le duo qui bouleverse les codes de l&rsquo;amour moderne"},"content":{"rendered":"<h2>Elvida et Jonathan : un duo explosif au c\u0153ur de la cr\u00e9ation artistique<\/h2>\n<p>Elvida et Jonathan, c\u2019est un peu comme une rencontre entre le feu et l\u2019eau, une alchimie qui, au lieu de s\u2019\u00e9teindre, cr\u00e9e des \u00e9tincelles. Leur collaboration, v\u00e9ritable explosion de cr\u00e9ativit\u00e9, transcende les fronti\u00e8res des disciplines artistiques. <b>Elvida<\/b>, avec son approche audacieuse et ses couleurs vibrantes, s\u2019attaque aux th\u00e8mes contemporains avec une \u00e9nergie brute. D&rsquo;un autre c\u00f4t\u00e9, <b>Jonathan<\/b> apporte une touche de subtilit\u00e9 et de profondeur, avec ses nuances d\u00e9licates et ses r\u00e9flexions introspectives. Ensemble, ils forment un tout, un duo dont l&rsquo;harmonie est palpable dans chaque \u0153uvre. <\/p>\n<p>Ce qui rend leur collaboration si unique, c&rsquo;est leur capacit\u00e9 \u00e0 jongler avec des \u00e9motions complexes. Ils ne se contentent pas de cr\u00e9er, ils interrogent, provoquent, et surtout, ils s&rsquo;inspirent mutuellement. Lors de leurs sessions de travail, on peut souvent les voir \u00e9changer des id\u00e9es, se challenger, et m\u00eame se disputer, car comme dans toute grande \u00e9quipe, les frictions peuvent mener \u00e0 des r\u00e9v\u00e9lations artistiques. Leurs \u0153uvres, qu&rsquo;il s&rsquo;agisse de peintures, de sculptures ou de performances, t\u00e9moignent d&rsquo;un dialogue permanent entre leurs visions respectives. Dans ce processus, chaque d\u00e9tail compte, chaque coup de pinceau ou mouvement de mati\u00e8re est le fruit d&rsquo;une r\u00e9flexion partag\u00e9e, d\u2019un moment de tension et de l\u00e2cher-prise.<\/p>\n<h3>Des cr\u00e9ations qui parlent d&rsquo;elles-m\u00eames<\/h3>\n<ul>\n<li><b>\u00c9nergie cr\u00e9ative :<\/b> Leurs \u0153uvres sont des manifestations palpables de leur dynamique.<\/li>\n<li><b>Th\u00e9matiques vari\u00e9es :<\/b> De la soci\u00e9t\u00e9 \u00e0 l&rsquo;intime, chaque cr\u00e9ation est un miroir de notre \u00e9poque.<\/li>\n<li><b>Processus collaboratif :<\/b> Leur m\u00e9thode de travail est aussi passionnante que le r\u00e9sultat final.<\/li>\n<\/ul>\n<h3>Un processus artistique fascinant<\/h3>\n<p>Elvida et Jonathan ne s&rsquo;arr\u00eatent pas \u00e0 la simple cr\u00e9ation d&rsquo;\u0153uvres, ils invitent \u00e9galement le public \u00e0 s&rsquo;engager avec leur art. En organisant des ateliers et des performances interactives, ils cr\u00e9ent un pont entre l&rsquo;art et le spectateur. Chaque exposition devient un \u00e9v\u00e9nement o\u00f9 les \u00e9motions s&rsquo;entrem\u00ealent, o\u00f9 le public est invit\u00e9 \u00e0 participer \u00e0 cette aventure cr\u00e9ative. <b>Leur but<\/b> ? \u00c9veiller les consciences, susciter des r\u00e9flexions, et surtout, provoquer des rencontres. Dans cet espace, l&rsquo;art devient un moyen de communication, une passerelle entre les individus.<\/p>\n<h3>Un duo inspirant<\/h3>\n<p>La compl\u00e9mentarit\u00e9 d&rsquo;Elvida et Jonathan fait d&rsquo;eux un mod\u00e8le pour les jeunes artistes en qu\u00eate de leur propre voie. Leur passion est contagieuse, et ils n&rsquo;h\u00e9sitent pas \u00e0 partager leurs exp\u00e9riences, qu&rsquo;elles soient positives ou n\u00e9gatives. Ce partage, loin d\u2019\u00eatre une simple le\u00e7on, devient un v\u00e9ritable \u00e9change humain, un espace de confiance o\u00f9 chacun peut grandir. Ils incarnent cette id\u00e9e que l\u2019art est avant tout un voyage collectif, o\u00f9 chaque contribution compte, o\u00f9 chaque voix a son importance.<\/p>\n<h3>Questions fr\u00e9quentes sur Elvida et Jonathan<\/h3>\n<p><b>Qu&rsquo;est-ce qui rend leur art si sp\u00e9cial ?<\/b><br \/>\nLeur capacit\u00e9 \u00e0 fusionner des styles et des \u00e9motions, tout en engageant le public dans leur processus cr\u00e9atif.<\/p>\n<p><b>Comment se d\u00e9roule une collaboration entre Elvida et Jonathan ?<\/b><br \/>\nC&rsquo;est un \u00e9change constant d&rsquo;id\u00e9es, de d\u00e9fis et d&rsquo;inspirations, o\u00f9 chacun joue un r\u00f4le cl\u00e9 dans l&rsquo;\u00e9volution de l&rsquo;\u0153uvre.<\/p>\n<p><b>O\u00f9 peut-on d\u00e9couvrir leurs \u0153uvres ?<\/b><br \/>\nIls exposent r\u00e9guli\u00e8rement dans des galeries contemporaines et participent \u00e0 des \u00e9v\u00e9nements artistiques \u00e0 travers le pays. <\/p>\n<p><b>Proposent-ils des ateliers pour le public ?<\/b><br \/>\nOui, ils organisent des ateliers interactifs o\u00f9 les participants peuvent s&rsquo;immerger dans leur univers cr\u00e9atif et apprendre directement de leur exp\u00e9rience.<\/p>\n<h2>Les influences d&rsquo;Elvida et Jonathan sur la sc\u00e8ne contemporaine<\/h2>\n<p>Elvida et Jonathan, ces deux figures embl\u00e9matiques, ont su marquer de leur empreinte la sc\u00e8ne contemporaine. Leur approche artistique, oscillant entre audace et sensibilit\u00e9, a engendr\u00e9 une v\u00e9ritable r\u00e9volution dans les pratiques cr\u00e9atives actuelles. <b>Elvida<\/b>, avec sa palette color\u00e9e et ses compositions audacieuses, a su capter l&rsquo;essence m\u00eame des \u00e9motions humaines, cr\u00e9ant ainsi un dialogue visuel puissant. Son utilisation innovante des mat\u00e9riaux, souvent recycl\u00e9s, interpelle le spectateur et l&rsquo;invite \u00e0 r\u00e9fl\u00e9chir sur notre rapport \u00e0 la nature et \u00e0 la consommation. En parall\u00e8le, <b>Jonathan<\/b> s&rsquo;est impos\u00e9 comme un pionnier de la narration visuelle, int\u00e9grant des \u00e9l\u00e9ments de la culture populaire dans ses \u0153uvres. Sa capacit\u00e9 \u00e0 fusionner diff\u00e9rents styles et influences, allant du graffiti \u00e0 l&rsquo;art classique, t\u00e9moigne d&rsquo;une recherche constante d&rsquo;authenticit\u00e9 et de connexion avec son public. Ensemble, ils red\u00e9finissent les codes de l&rsquo;art contemporain, insufflant une nouvelle dynamique qui questionne les normes \u00e9tablies.<\/p>\n<p>L&rsquo;impact d&rsquo;Elvida et Jonathan ne se limite pas \u00e0 leur production artistique ; ils jouent \u00e9galement un r\u00f4le crucial dans la communaut\u00e9 artistique. En organisant des ateliers et des r\u00e9sidences d&rsquo;artistes, ils favorisent l&rsquo;\u00e9mergence de nouvelles voix et encouragent les jeunes talents \u00e0 explorer leur propre cr\u00e9ativit\u00e9. <b>Leur engagement social<\/b> est palpable, notamment \u00e0 travers des projets collaboratifs qui visent \u00e0 sensibiliser sur des probl\u00e9matiques soci\u00e9tales. Ils n&rsquo;h\u00e9sitent pas \u00e0 aborder des sujets d\u00e9licats, tels que l&rsquo;identit\u00e9, la migration et les in\u00e9galit\u00e9s, rendant leur \u0153uvre non seulement esth\u00e9tique mais aussi profond\u00e9ment engag\u00e9e. Cette approche holistique fait d&rsquo;eux des figures incontournables de la sc\u00e8ne contemporaine, inspirant une nouvelle g\u00e9n\u00e9ration d&rsquo;artistes \u00e0 s&rsquo;affranchir des conventions et \u00e0 embrasser la pluralit\u00e9 des voix.<\/p>\n<h3>Des questions qui font r\u00e9fl\u00e9chir sur leur influence<\/h3>\n<ul>\n<li><b>Comment Elvida et Jonathan transforment-ils la perception de l&rsquo;art contemporain ?<\/b><\/li>\n<li><b>Quelles techniques innovantes utilisent-ils pour engager le public ?<\/b><\/li>\n<li><b>De quelle mani\u00e8re leurs \u0153uvres abordent-elles des th\u00e9matiques sociales ?<\/b><\/li>\n<li><b>Quel est le r\u00f4le de la collaboration dans leur pratique artistique ?<\/b><\/li>\n<\/ul>\n<h3>Leurs contributions au dialogue artistique<\/h3>\n<p>Les \u0153uvres d&rsquo;Elvida et Jonathan r\u00e9sonnent au-del\u00e0 des galeries d&rsquo;art, touchant un public vari\u00e9 qui se reconna\u00eet dans leurs messages. <b>Leurs expositions<\/b> deviennent des lieux d&rsquo;\u00e9change o\u00f9 l&rsquo;art se m\u00eale \u00e0 la vie quotidienne, cr\u00e9ant un espace propice \u00e0 la r\u00e9flexion et \u00e0 la discussion. En s&rsquo;inspirant des r\u00e9cits de vie de ceux qui les entourent, ils parviennent \u00e0 tisser des liens \u00e9motionnels forts avec leur audience. Cette capacit\u00e9 \u00e0 rendre l&rsquo;art accessible et pertinent est l&rsquo;un des aspects qui les distingue sur la sc\u00e8ne contemporaine. De plus, leur pr\u00e9sence active sur les r\u00e9seaux sociaux leur permet de toucher un public international, \u00e9largissant ainsi leur influence bien au-del\u00e0 des fronti\u00e8res fran\u00e7aises. <\/p>\n<p><b>En somme, Elvida et Jonathan<\/b> incarnent une nouvelle g\u00e9n\u00e9ration d&rsquo;artistes qui refuse de se conformer aux attentes traditionnelles. Leur cr\u00e9ativit\u00e9, aliment\u00e9e par une vision du monde \u00e0 la fois critique et inspirante, continue de red\u00e9finir les contours de l&rsquo;art contemporain. Gr\u00e2ce \u00e0 leur travail, ils ouvrent des voies nouvelles pour la r\u00e9flexion artistique et sociale, invitant chacun \u00e0 prendre part \u00e0 ce dialogue dynamique et enrichissant. <\/p>\n<h3>Des r\u00e9ponses \u00e0 vos interrogations sur leurs influences<\/h3>\n<ul>\n<li><b>Quelle est l&rsquo;importance de leur travail dans le paysage artistique actuel ?<\/b><\/li>\n<li><b>Comment leur engagement personnel se refl\u00e8te-t-il dans leurs cr\u00e9ations ?<\/b><\/li>\n<li><b>En quoi leur style est-il repr\u00e9sentatif des \u00e9volutions contemporaines ?<\/b><\/li>\n<li><b>Quels sont les artistes qui les inspirent et comment cela se manifeste-t-il dans leur \u0153uvre ?<\/b><\/li>\n<\/ul>\n","protected":false},"excerpt":{"rendered":"<p>Elvida et Jonathan : un duo explosif au c\u0153ur de la cr\u00e9ation artistique Elvida et Jonathan, c\u2019est un peu comme une rencontre entre le feu et l\u2019eau, une alchimie qui, au lieu de s\u2019\u00e9teindre, cr\u00e9e des \u00e9tincelles. Leur collaboration, v\u00e9ritable explosion de cr\u00e9ativit\u00e9, transcende les fronti\u00e8res des disciplines artistiques. Elvida, avec son approche audacieuse et&#8230;<\/p>\n","protected":false},"author":1,"featured_media":0,"comment_status":"","ping_status":"","sticky":false,"template":"","format":"standard","meta":{"_kad_post_transparent":"","_kad_post_title":"","_kad_post_layout":"","_kad_post_sidebar_id":"","_kad_post_content_style":"","_kad_post_vertical_padding":"","_kad_post_feature":"","_kad_post_feature_position":"","_kad_post_header":false,"_kad_post_footer":false,"_kad_post_classname":"","iawp_total_views":5,"footnotes":""},"categories":[1],"tags":[],"class_list":["post-4053","post","type-post","status-publish","format-standard","hentry","category-actualites"],"_links":{"self":[{"href":"https:\/\/www.dmoz.fr\/tendances\/wp-json\/wp\/v2\/posts\/4053","targetHints":{"allow":["GET"]}}],"collection":[{"href":"https:\/\/www.dmoz.fr\/tendances\/wp-json\/wp\/v2\/posts"}],"about":[{"href":"https:\/\/www.dmoz.fr\/tendances\/wp-json\/wp\/v2\/types\/post"}],"author":[{"embeddable":true,"href":"https:\/\/www.dmoz.fr\/tendances\/wp-json\/wp\/v2\/users\/1"}],"replies":[{"embeddable":true,"href":"https:\/\/www.dmoz.fr\/tendances\/wp-json\/wp\/v2\/comments?post=4053"}],"version-history":[{"count":0,"href":"https:\/\/www.dmoz.fr\/tendances\/wp-json\/wp\/v2\/posts\/4053\/revisions"}],"wp:attachment":[{"href":"https:\/\/www.dmoz.fr\/tendances\/wp-json\/wp\/v2\/media?parent=4053"}],"wp:term":[{"taxonomy":"category","embeddable":true,"href":"https:\/\/www.dmoz.fr\/tendances\/wp-json\/wp\/v2\/categories?post=4053"},{"taxonomy":"post_tag","embeddable":true,"href":"https:\/\/www.dmoz.fr\/tendances\/wp-json\/wp\/v2\/tags?post=4053"}],"curies":[{"name":"wp","href":"https:\/\/api.w.org\/{rel}","templated":true}]}}