{"id":4059,"date":"2025-03-13T18:24:52","date_gmt":"2025-03-13T17:24:52","guid":{"rendered":"https:\/\/www.dmoz.fr\/tendances\/notre-dame-des-landes\/"},"modified":"2025-03-13T18:24:52","modified_gmt":"2025-03-13T17:24:52","slug":"notre-dame-des-landes","status":"publish","type":"post","link":"https:\/\/www.dmoz.fr\/tendances\/notre-dame-des-landes\/","title":{"rendered":"Notre Dame des Landes : r\u00e9v\u00e9lations surprenantes sur un projet controvers\u00e9"},"content":{"rendered":"<h2>La saga de notre dame des landes : entre espoirs et luttes<\/h2>\n<p>La lutte pour le projet d\u2019a\u00e9roport \u00e0 Notre-Dame-des-Landes, c&rsquo;est un peu comme une pi\u00e8ce de th\u00e9\u00e2tre tragique o\u00f9 les acteurs, tout en \u00e9tant passionn\u00e9s, se retrouvent souvent sur le fil du rasoir. D&rsquo;un c\u00f4t\u00e9, on a les partisans du projet, qui voient dans cet a\u00e9roport une promesse de d\u00e9veloppement \u00e9conomique et d&#8217;emplois. Pour eux, il s&rsquo;agit d&rsquo;un espoir de dynamiser la r\u00e9gion, d&rsquo;attirer des investisseurs et de faire de Nantes un hub a\u00e9rien incontournable. De l&rsquo;autre, les opposants, qui d\u00e9fendent une vision plus \u00e9cologique et durable de l&rsquo;am\u00e9nagement du territoire. Pour eux, ce projet est un v\u00e9ritable non-sens, un affront \u00e0 la nature et \u00e0 la biodiversit\u00e9 locale. Ils imaginent plut\u00f4t un avenir o\u00f9 l&rsquo;on privil\u00e9gie les transports en commun, la pr\u00e9servation des espaces verts et un mode de vie respectueux de l&rsquo;environnement. Cette dichotomie entre progr\u00e8s et protection est au c\u0153ur des d\u00e9bats qui ont anim\u00e9 la r\u00e9gion pendant des ann\u00e9es.<\/p>\n<p>Au fil des ann\u00e9es, la saga de Notre-Dame-des-Landes a vu des mouvements de r\u00e9sistance s&rsquo;organiser, des manifestations se multiplier, et m\u00eame des occupations de terrains. Ces luttes, souvent teint\u00e9es de passion et de d\u00e9termination, ont fait \u00e9merger une v\u00e9ritable communaut\u00e9 d&rsquo;activistes, d&rsquo;habitants et de sympathisants, unis autour d&rsquo;une m\u00eame cause : la d\u00e9fense de leur territoire. Les \u00e9v\u00e9nements marquants, comme l&rsquo;\u00e9vacuation de la ZAD (Zone \u00c0 D\u00e9fendre), ont mis en lumi\u00e8re des tensions entre les forces de l&rsquo;ordre et les opposants au projet. Cette lutte a \u00e9galement r\u00e9v\u00e9l\u00e9 des fractures au sein de la soci\u00e9t\u00e9 fran\u00e7aise, o\u00f9 les valeurs de d\u00e9veloppement \u00e9conomique et de protection de l&rsquo;environnement s&rsquo;affrontent parfois de mani\u00e8re brutale. Les espoirs de voir un a\u00e9roport s&rsquo;installer ont finalement \u00e9t\u00e9 contrecarr\u00e9s par une d\u00e9cision du gouvernement en 2018, qui a act\u00e9 l&rsquo;abandon du projet. Cependant, les luttes pour la pr\u00e9servation des terres et de la biodiversit\u00e9 continuent de r\u00e9sonner, t\u00e9moignant d&rsquo;une prise de conscience collective sur l&rsquo;importance de la d\u00e9fense des espaces naturels.<\/p>\n<h3>Questions br\u00fblantes autour de la saga de Notre-Dame-des-Landes<\/h3>\n<ul>\n<li><b>Quel impact a eu l&rsquo;abandon du projet sur la r\u00e9gion ?<\/b> L&rsquo;abandon du projet a ouvert la voie \u00e0 des initiatives de reconversion des terres, mais a aussi laiss\u00e9 des tensions latentes.<\/li>\n<li><b>Comment la lutte a-t-elle \u00e9volu\u00e9 au fil des ans ?<\/b> De simples manifestations, les actions sont devenues plus structur\u00e9es, avec la cr\u00e9ation de collectifs et d&rsquo;associations.<\/li>\n<li><b>Quelles le\u00e7ons peut-on tirer de cette saga ?<\/b> La saga a mis en lumi\u00e8re l&rsquo;importance de la concertation et du dialogue dans les projets d&rsquo;am\u00e9nagement du territoire.<\/li>\n<\/ul>\n<h2>Les enjeux \u00e9cologiques autour de notre dame des landes<\/h2>\n<p>Les enjeux \u00e9cologiques li\u00e9s \u00e0 Notre-Dame-des-Landes sont d&rsquo;une importance capitale, tant pour la biodiversit\u00e9 locale que pour les d\u00e9bats environnementaux en France. Ce projet d&rsquo;a\u00e9roport, initialement pr\u00e9vu, a soulev\u00e9 des questions fondamentales concernant la protection des zones humides et des \u00e9cosyst\u00e8mes fragiles de la r\u00e9gion. La zone est un v\u00e9ritable sanctuaire pour de nombreuses esp\u00e8ces, dont certaines sont menac\u00e9es. Les opposants au projet ont mis en avant le fait que la destruction de ces habitats naturels pourrait entra\u00eener la disparition de certaines esp\u00e8ces, augmentant ainsi la pression sur la biodiversit\u00e9 d\u00e9j\u00e0 en p\u00e9ril. La lutte pour la pr\u00e9servation de cet environnement a mobilis\u00e9 un large \u00e9ventail d&rsquo;acteurs, allant des citoyens aux ONG, qui ont tous soulign\u00e9 l&rsquo;importance de prot\u00e9ger ces terres. <\/p>\n<p>Par ailleurs, l&rsquo;impact des infrastructures sur les ressources en eau et la qualit\u00e9 de l&rsquo;air est un autre enjeu crucial. La construction d&rsquo;un a\u00e9roport entra\u00eenerait une augmentation significative du trafic a\u00e9rien, g\u00e9n\u00e9rant des \u00e9missions de gaz \u00e0 effet de serre qui exacerbent le changement climatique. La d\u00e9forestation et l&rsquo;artificialisation des sols constituent \u00e9galement des pr\u00e9occupations majeures. En effet, le b\u00e9tonnage de ces espaces naturels pourrait engendrer des cons\u00e9quences irr\u00e9versibles sur les cycles hydrologiques locaux. La mobilisation citoyenne autour de la ZAD (Zone \u00c0 D\u00e9fendre) a permis de mettre en lumi\u00e8re ces enjeux \u00e9cologiques, en appelant \u00e0 un r\u00e9examen des priorit\u00e9s en mati\u00e8re de d\u00e9veloppement et de durabilit\u00e9. Les d\u00e9bats autour de Notre-Dame-des-Landes ne se limitent pas \u00e0 un simple projet d&rsquo;infrastructure, mais soul\u00e8vent des questions essentielles sur notre rapport \u00e0 la nature et notre responsabilit\u00e9 envers les g\u00e9n\u00e9rations futures.<\/p>\n<h3>Questions et r\u00e9ponses sur les enjeux \u00e9cologiques<\/h3>\n<ul>\n<li><b>Quels sont les principaux risques environnementaux associ\u00e9s au projet d&rsquo;a\u00e9roport ?<\/b><br \/>\n        Les risques incluent la destruction des habitats naturels, la perte de biodiversit\u00e9, l&rsquo;augmentation des \u00e9missions de gaz \u00e0 effet de serre et l&rsquo;impact sur la qualit\u00e9 de l&rsquo;eau.<\/li>\n<li><b>Pourquoi la zone de Notre-Dame-des-Landes est-elle si pr\u00e9cieuse sur le plan \u00e9cologique ?<\/b><br \/>\n        Elle abrite des esp\u00e8ces rares et menac\u00e9es, ainsi que des zones humides cruciales pour l&rsquo;\u00e9quilibre \u00e9cologique local.<\/li>\n<li><b>Quel r\u00f4le joue la mobilisation citoyenne dans cette lutte ?<\/b><br \/>\n        Elle est essentielle pour sensibiliser le public, influencer les d\u00e9cisions politiques et d\u00e9fendre la pr\u00e9servation des espaces naturels.<\/li>\n<li><b>Comment le projet d&rsquo;a\u00e9roport affecterait-il la qualit\u00e9 de l&rsquo;air dans la r\u00e9gion ?<\/b><br \/>\n        L&rsquo;augmentation du trafic a\u00e9rien entra\u00eenerait une hausse des polluants atmosph\u00e9riques, affectant la sant\u00e9 des habitants et de l&rsquo;\u00e9cosyst\u00e8me local.<\/li>\n<\/ul>\n","protected":false},"excerpt":{"rendered":"<p>La saga de notre dame des landes : entre espoirs et luttes La lutte pour le projet d\u2019a\u00e9roport \u00e0 Notre-Dame-des-Landes, c&rsquo;est un peu comme une pi\u00e8ce de th\u00e9\u00e2tre tragique o\u00f9 les acteurs, tout en \u00e9tant passionn\u00e9s, se retrouvent souvent sur le fil du rasoir. D&rsquo;un c\u00f4t\u00e9, on a les partisans du projet, qui voient dans&#8230;<\/p>\n","protected":false},"author":1,"featured_media":0,"comment_status":"","ping_status":"","sticky":false,"template":"","format":"standard","meta":{"_kad_post_transparent":"","_kad_post_title":"","_kad_post_layout":"","_kad_post_sidebar_id":"","_kad_post_content_style":"","_kad_post_vertical_padding":"","_kad_post_feature":"","_kad_post_feature_position":"","_kad_post_header":false,"_kad_post_footer":false,"_kad_post_classname":"","iawp_total_views":0,"footnotes":""},"categories":[1],"tags":[],"class_list":["post-4059","post","type-post","status-publish","format-standard","hentry","category-actualites"],"_links":{"self":[{"href":"https:\/\/www.dmoz.fr\/tendances\/wp-json\/wp\/v2\/posts\/4059","targetHints":{"allow":["GET"]}}],"collection":[{"href":"https:\/\/www.dmoz.fr\/tendances\/wp-json\/wp\/v2\/posts"}],"about":[{"href":"https:\/\/www.dmoz.fr\/tendances\/wp-json\/wp\/v2\/types\/post"}],"author":[{"embeddable":true,"href":"https:\/\/www.dmoz.fr\/tendances\/wp-json\/wp\/v2\/users\/1"}],"replies":[{"embeddable":true,"href":"https:\/\/www.dmoz.fr\/tendances\/wp-json\/wp\/v2\/comments?post=4059"}],"version-history":[{"count":0,"href":"https:\/\/www.dmoz.fr\/tendances\/wp-json\/wp\/v2\/posts\/4059\/revisions"}],"wp:attachment":[{"href":"https:\/\/www.dmoz.fr\/tendances\/wp-json\/wp\/v2\/media?parent=4059"}],"wp:term":[{"taxonomy":"category","embeddable":true,"href":"https:\/\/www.dmoz.fr\/tendances\/wp-json\/wp\/v2\/categories?post=4059"},{"taxonomy":"post_tag","embeddable":true,"href":"https:\/\/www.dmoz.fr\/tendances\/wp-json\/wp\/v2\/tags?post=4059"}],"curies":[{"name":"wp","href":"https:\/\/api.w.org\/{rel}","templated":true}]}}