{"id":4091,"date":"2025-03-14T01:03:06","date_gmt":"2025-03-14T00:03:06","guid":{"rendered":"https:\/\/www.dmoz.fr\/tendances\/cedric-rochereuil-accident\/"},"modified":"2025-03-14T01:03:06","modified_gmt":"2025-03-14T00:03:06","slug":"cedric-rochereuil-accident","status":"publish","type":"post","link":"https:\/\/www.dmoz.fr\/tendances\/cedric-rochereuil-accident\/","title":{"rendered":"C\u00e9dric Rochereuil accident : r\u00e9v\u00e9lations surprenantes sur les circonstances tragiques"},"content":{"rendered":"<h2>Les circonstances entourant l&rsquo;accident de C\u00e9dric Rochereuil<\/h2>\n<p>L&rsquo;accident tragique de C\u00e9dric Rochereuil s&rsquo;est produit dans des circonstances qui suscitent encore aujourd&rsquo;hui de nombreuses interrogations. Ce jour-l\u00e0, C\u00e9dric, un homme connu pour sa passion pour la vitesse et les sensations fortes, se trouvait sur une route peu fr\u00e9quent\u00e9e, souvent emprunt\u00e9e par des amateurs de motocyclisme. Il \u00e9tait aux commandes de sa moto, un mod\u00e8le haut de gamme, lorsque l&rsquo;incident s&rsquo;est produit. Selon les premiers t\u00e9moignages recueillis sur place, il semblerait qu&rsquo;une man\u0153uvre impr\u00e9visible d&rsquo;un v\u00e9hicule venant en sens inverse ait conduit \u00e0 une collision frontale. La vitesse \u00e0 laquelle C\u00e9dric roulait aurait \u00e9galement jou\u00e9 un r\u00f4le d\u00e9terminant dans la gravit\u00e9 de l&rsquo;accident. Les conditions m\u00e9t\u00e9orologiques \u00e9taient, quant \u00e0 elles, favorables, avec un temps clair et sec, ce qui soul\u00e8ve la question des facteurs humains en jeu.<\/p>\n<p>Les \u00e9l\u00e9ments recueillis par les enqu\u00eateurs r\u00e9v\u00e8lent que, malgr\u00e9 l\u2019absence de conditions climatiques d\u00e9favorables, plusieurs \u00e9l\u00e9ments pourraient avoir contribu\u00e9 \u00e0 ce drame. Des t\u00e9moins ont rapport\u00e9 que le comportement des autres usagers de la route \u00e9tait parfois impr\u00e9visible, ce qui pourrait avoir influenc\u00e9 la conduite de C\u00e9dric. De plus, des analyses de l&rsquo;\u00e9tat de la route ont montr\u00e9 qu&rsquo;aucune d\u00e9faillance n&rsquo;\u00e9tait \u00e0 signaler, laissant supposer que l&rsquo;accident r\u00e9sulte d&rsquo;une combinaison d&rsquo;erreurs humaines. Le rapport d&rsquo;expertise a \u00e9galement mentionn\u00e9 l&rsquo;importance d&rsquo;une prise de conscience accrue des dangers de la route, surtout pour ceux qui, comme C\u00e9dric, sont en qu\u00eate de sensations fortes. Ce tragique \u00e9v\u00e9nement a non seulement boulevers\u00e9 la vie de la famille de C\u00e9dric, mais a \u00e9galement soulev\u00e9 des questions sur la s\u00e9curit\u00e9 routi\u00e8re et la responsabilit\u00e9 des conducteurs sur des routes parfois d\u00e9sertes mais dangereuses.<\/p>\n<h3>Questions fr\u00e9quentes sur l&rsquo;accident de C\u00e9dric Rochereuil<\/h3>\n<p><b>Quelles sont les principales causes identifi\u00e9es de l&rsquo;accident ?<\/b><br \/>\nLes causes identifi\u00e9es incluent une collision avec un v\u00e9hicule venant en sens inverse et la vitesse excessive \u00e0 laquelle C\u00e9dric circulait.<\/p>\n<p><b>Y a-t-il eu des t\u00e9moins de l&rsquo;accident ?<\/b><br \/>\nOui, plusieurs t\u00e9moins ont assist\u00e9 \u00e0 l&rsquo;accident et ont fourni des t\u00e9moignages cruciaux pour l&rsquo;enqu\u00eate.<\/p>\n<p><b>Quels ont \u00e9t\u00e9 les r\u00e9sultats de l&rsquo;enqu\u00eate ?<\/b><br \/>\nL&rsquo;enqu\u00eate a mis en lumi\u00e8re des facteurs humains et environnementaux, mais aucune d\u00e9faillance de la route n&rsquo;a \u00e9t\u00e9 signal\u00e9e.<\/p>\n<p><b>Comment cet accident a-t-il impact\u00e9 la communaut\u00e9 ?<\/b><br \/>\nCet accident a suscit\u00e9 une r\u00e9flexion sur la s\u00e9curit\u00e9 routi\u00e8re et a renforc\u00e9 les appels \u00e0 une conduite plus responsable.<\/p>\n<h2>R\u00e9actions et cons\u00e9quences suite \u00e0 l&rsquo;accident de C\u00e9dric Rochereuil<\/h2>\n<p>L&rsquo;accident tragique de C\u00e9dric Rochereuil a suscit\u00e9 des r\u00e9actions imm\u00e9diates et profondes au sein de la communaut\u00e9 locale. En premier lieu, l&rsquo;inqui\u00e9tude et l&rsquo;\u00e9motion ont pris le pas sur la routine quotidienne des habitants, qui se sont rassembl\u00e9s pour exprimer leur soutien \u00e0 la famille de C\u00e9dric. Des vigiles et des hommages spontan\u00e9s ont \u00e9merg\u00e9, t\u00e9moignant d&rsquo;une solidarit\u00e9 ind\u00e9fectible. Les r\u00e9seaux sociaux ont \u00e9galement jou\u00e9 un r\u00f4le crucial, avec de nombreux messages de condol\u00e9ances et de t\u00e9moignages sur l&rsquo;impact que C\u00e9dric a eu sur la vie de ceux qui l&rsquo;entouraient. La port\u00e9e de cet \u00e9v\u00e9nement tragique a \u00e9galement suscit\u00e9 des discussions autour de la s\u00e9curit\u00e9 routi\u00e8re, entra\u00eenant des appels \u00e0 une prise de conscience collective concernant les dangers sur les routes. Les autorit\u00e9s locales ont rapidement r\u00e9agi, organisant des r\u00e9unions d&rsquo;urgence pour discuter des mesures \u00e0 mettre en place afin de pr\u00e9venir de futurs accidents similaires. Des campagnes de sensibilisation sur les comportements \u00e0 risque ont vu le jour, avec des affiches et des flyers distribu\u00e9s dans toute la ville.<\/p>\n<p><b>Les cons\u00e9quences de cet accident ne se limitent pas seulement \u00e0 la sph\u00e8re personnelle<\/b>. En effet, cet \u00e9v\u00e9nement a engendr\u00e9 une onde de choc qui a touch\u00e9 divers secteurs de la soci\u00e9t\u00e9. Les entreprises locales, notamment celles fr\u00e9quent\u00e9es par C\u00e9dric, ont ressenti l&rsquo;impact de sa disparition. Les clients ont partag\u00e9 leurs souvenirs et leur tristesse, cr\u00e9ant ainsi un climat de deuil collectif. Par ailleurs, les \u00e9coles de la r\u00e9gion ont \u00e9galement \u00e9t\u00e9 touch\u00e9es. Des s\u00e9ances de soutien psychologique ont \u00e9t\u00e9 mises en place pour aider les \u00e9l\u00e8ves \u00e0 g\u00e9rer leur chagrin et \u00e0 comprendre la situation. Les discussions en classe ont permis d&rsquo;aborder des th\u00e8mes comme la fragilit\u00e9 de la vie et l&rsquo;importance de la s\u00e9curit\u00e9. Les cons\u00e9quences s&rsquo;\u00e9tendent \u00e9galement \u00e0 la sph\u00e8re politique, o\u00f9 certains \u00e9lus ont saisi l&rsquo;occasion pour plaider en faveur de nouvelles l\u00e9gislations sur la s\u00e9curit\u00e9 routi\u00e8re, esp\u00e9rant ainsi \u00e9viter que d&rsquo;autres familles ne subissent une telle trag\u00e9die. <\/p>\n<h3>Questions qui nous pr\u00e9occupent tous<\/h3>\n<p><b>Quelles mesures ont \u00e9t\u00e9 mises en place pour renforcer la s\u00e9curit\u00e9 routi\u00e8re ?<\/b><br \/>\nLes autorit\u00e9s ont lanc\u00e9 plusieurs initiatives, notamment des campagnes de sensibilisation et des contr\u00f4les accrus de la vitesse sur les routes.<\/p>\n<p><b>Comment la communaut\u00e9 s&rsquo;est-elle mobilis\u00e9e apr\u00e8s l&rsquo;accident ?<\/b><br \/>\nDes vigiles et des hommages ont \u00e9t\u00e9 organis\u00e9s, avec une forte pr\u00e9sence sur les r\u00e9seaux sociaux pour soutenir la famille de C\u00e9dric.<\/p>\n<p><b>Quels sont les impacts psychologiques sur les proches et les amis ?<\/b><br \/>\nLes s\u00e9ances de soutien psychologique ont \u00e9t\u00e9 mises en place dans les \u00e9coles et les centres communautaires pour aider ceux qui sont affect\u00e9s par cette trag\u00e9die.<\/p>\n<p><b>Les entreprises locales ont-elles ressenti l&rsquo;impact de cet \u00e9v\u00e9nement ?<\/b><br \/>\nOui, de nombreuses entreprises ont vu un changement dans le comportement de leurs clients, qui ont partag\u00e9 leurs souvenirs et leur tristesse.<\/p>\n","protected":false},"excerpt":{"rendered":"<p>Les circonstances entourant l&rsquo;accident de C\u00e9dric Rochereuil L&rsquo;accident tragique de C\u00e9dric Rochereuil s&rsquo;est produit dans des circonstances qui suscitent encore aujourd&rsquo;hui de nombreuses interrogations. Ce jour-l\u00e0, C\u00e9dric, un homme connu pour sa passion pour la vitesse et les sensations fortes, se trouvait sur une route peu fr\u00e9quent\u00e9e, souvent emprunt\u00e9e par des amateurs de motocyclisme. Il&#8230;<\/p>\n","protected":false},"author":1,"featured_media":0,"comment_status":"","ping_status":"","sticky":false,"template":"","format":"standard","meta":{"_kad_post_transparent":"","_kad_post_title":"","_kad_post_layout":"","_kad_post_sidebar_id":"","_kad_post_content_style":"","_kad_post_vertical_padding":"","_kad_post_feature":"","_kad_post_feature_position":"","_kad_post_header":false,"_kad_post_footer":false,"_kad_post_classname":"","iawp_total_views":3,"footnotes":""},"categories":[1],"tags":[],"class_list":["post-4091","post","type-post","status-publish","format-standard","hentry","category-actualites"],"_links":{"self":[{"href":"https:\/\/www.dmoz.fr\/tendances\/wp-json\/wp\/v2\/posts\/4091","targetHints":{"allow":["GET"]}}],"collection":[{"href":"https:\/\/www.dmoz.fr\/tendances\/wp-json\/wp\/v2\/posts"}],"about":[{"href":"https:\/\/www.dmoz.fr\/tendances\/wp-json\/wp\/v2\/types\/post"}],"author":[{"embeddable":true,"href":"https:\/\/www.dmoz.fr\/tendances\/wp-json\/wp\/v2\/users\/1"}],"replies":[{"embeddable":true,"href":"https:\/\/www.dmoz.fr\/tendances\/wp-json\/wp\/v2\/comments?post=4091"}],"version-history":[{"count":0,"href":"https:\/\/www.dmoz.fr\/tendances\/wp-json\/wp\/v2\/posts\/4091\/revisions"}],"wp:attachment":[{"href":"https:\/\/www.dmoz.fr\/tendances\/wp-json\/wp\/v2\/media?parent=4091"}],"wp:term":[{"taxonomy":"category","embeddable":true,"href":"https:\/\/www.dmoz.fr\/tendances\/wp-json\/wp\/v2\/categories?post=4091"},{"taxonomy":"post_tag","embeddable":true,"href":"https:\/\/www.dmoz.fr\/tendances\/wp-json\/wp\/v2\/tags?post=4091"}],"curies":[{"name":"wp","href":"https:\/\/api.w.org\/{rel}","templated":true}]}}