{"id":410,"date":"2025-02-10T00:24:22","date_gmt":"2025-02-09T23:24:22","guid":{"rendered":"https:\/\/www.dmoz.fr\/tendances\/courant-electrique-actualites-et-perspectives\/"},"modified":"2025-02-10T00:24:22","modified_gmt":"2025-02-09T23:24:22","slug":"courant-electrique-actualites-et-perspectives","status":"publish","type":"post","link":"https:\/\/www.dmoz.fr\/tendances\/courant-electrique-actualites-et-perspectives\/","title":{"rendered":"Courant \u00e9lectrique : actualit\u00e9s et perspectives"},"content":{"rendered":"\n<figure class='wp-block-image size-full'>\n<img width=\"1792\" height=\"1024\" src=\"https:\/\/www.dmoz.fr\/tendances\/wp-content\/uploads\/2025\/02\/Courant-electrique-actualites-et-perspectives.png\" class=\"attachment-full size-full\" alt=\"d\u00e9couvrez les derni\u00e8res actualit\u00e9s et perspectives sur le courant \u00e9lectrique. analysez les tendances actuelles, les innovations technologiques et les enjeux environnementaux li\u00e9s \u00e0 l&#039;\u00e9nergie pour mieux comprendre l&#039;avenir du secteur \u00e9lectrique.\" decoding=\"async\" srcset=\"https:\/\/www.dmoz.fr\/tendances\/wp-content\/uploads\/2025\/02\/Courant-electrique-actualites-et-perspectives.png 1792w, https:\/\/www.dmoz.fr\/tendances\/wp-content\/uploads\/2025\/02\/Courant-electrique-actualites-et-perspectives-300x171.png 300w, https:\/\/www.dmoz.fr\/tendances\/wp-content\/uploads\/2025\/02\/Courant-electrique-actualites-et-perspectives-1024x585.png 1024w, https:\/\/www.dmoz.fr\/tendances\/wp-content\/uploads\/2025\/02\/Courant-electrique-actualites-et-perspectives-768x439.png 768w, https:\/\/www.dmoz.fr\/tendances\/wp-content\/uploads\/2025\/02\/Courant-electrique-actualites-et-perspectives-1536x878.png 1536w\" sizes=\"(max-width: 1792px) 100vw, 1792px\" title=\"\">\n<\/figure>\n\n\n\n<p>Dans un monde o\u00f9 l&rsquo;\u00e9lectricit\u00e9 semble \u00eatre le sang qui coule dans les veines de notre soci\u00e9t\u00e9 moderne, il est impossible de ne pas s&rsquo;arr\u00eater pour r\u00e9fl\u00e9chir \u00e0 cette douce m\u00e9lodie de courant qui fait aussi bien chanter nos appareils que mourir nos pannes. Cet article vous plongera dans les r\u00e9centes <strong>actualit\u00e9s<\/strong> du domaine \u00e9lectrique tout en \u00e9clairant les <strong>perspectives<\/strong> qui s&rsquo;annoncent, entre d\u00e9fis technologiques et d\u00e9bats sur le futur \u00e9nerg\u00e9tique.<\/p>\n\n\n<h2 class=\"wp-block-heading\">Le d\u00e9bat \u00e9ternel entre courant continu et courant alternatif<\/h2>\n\n\n<p>Ah, le fameux duel entre <strong>courant continu (CC)<\/strong> et <strong>courant alternatif (CA)<\/strong> ! \u00c0 croire que ces deux-l\u00e0 ne peuvent jamais s\u2019entendre. D&rsquo;un c\u00f4t\u00e9, le CA, ce h\u00e9ros de la distribution d\u2019\u00e9lectricit\u00e9, pris\u00e9 par tous, mais dont la centralisation est souvent point\u00e9e du doigt. De l&rsquo;autre, le CC, toujours en qu\u00eate de reconnaissance, vantant sa suppos\u00e9e sup\u00e9riorit\u00e9 en termes de stabilit\u00e9 et d\u2019efficacit\u00e9. Les d\u00e9bats \u00e0 ce sujet ne cessent d\u2019enflammer les r\u00e9seaux sociaux, donnant parfois l&rsquo;impression que l&rsquo;avenir \u00e9nerg\u00e9tique de l&rsquo;humanit\u00e9 repose sur un simple choix entre ces deux types de courant. Pour aller plus loin, n&rsquo;h\u00e9sitez pas \u00e0 consulter l&rsquo;article sur <a href=\"https:\/\/fatshimetrie.org\/blog\/2024\/06\/18\/le-debat-entre-courant-continu-et-courant-alternatif-enjeux-et-perspectives-pour-un-avenir-energetique-durable\/\" rel=\"nofollow noopener\" target=\"_blank\">Fatshimetrie<\/a>.<\/p>\n\n\n<h2 class=\"wp-block-heading\">Syst\u00e8me \u00e9lectrique fran\u00e7ais : pr\u00e9visions en pleine temp\u00eate<\/h2>\n\n\n<p>Alors que l&rsquo;hiver approche \u00e0 grands pas, les pr\u00e9visions du gestionnaire du R\u00e9seau de transport d&rsquo;\u00e9lectricit\u00e9 (<strong>RTE<\/strong>) suscitent l\u2019angoisse de quelques acteurs du secteur. Avec une <strong>consommation d&rsquo;\u00e9lectricit\u00e9<\/strong> qui pourrait retrouver des niveaux pr\u00e9occupants similaires \u00e0 ceux de l\u2019hiver pr\u00e9c\u00e9dent, la p\u00e9riode de vigilance est lanc\u00e9e depuis l\u2019automne. De quoi donner des sueurs froides aux amateurs de chauffage \u00e9lectrique, mais qui a dit que l\u2019hiver \u00e9tait synonyme de confort ? Pour plus de d\u00e9tails, consultez les pr\u00e9visions de la <a href=\"https:\/\/www.rte-france.com\/actualites\/previsions-systeme-electrique-hiver-2022-2023\" rel=\"nofollow noopener\" target=\"_blank\">RTE<\/a>.<\/p>\n\n\n<h2 class=\"wp-block-heading\">Prix de l&rsquo;\u00e9lectricit\u00e9 : la valse des tarifs<\/h2>\n\n\n<p>Apr\u00e8s des ann\u00e9es \u00e0 nous faire jongler avec des prix d\u2019\u00e9lectricit\u00e9 en hausse, voil\u00e0 qu&rsquo;une baisse spectaculaire de 15 % des tarifs est enfin survenue. Au moment o\u00f9 nous pensions avoir atteint notre paroxysme, la question se pose : le <strong>tarif r\u00e9glement\u00e9<\/strong> est-il vraiment l&rsquo;option la plus avantageuse ? Chaque ann\u00e9e, les consommateurs se piquent de vouloir suivre l&rsquo;\u00e9volution du march\u00e9, sans succ\u00e8s apparent. Finalement, une telle fluctuation des tarifs pourrait devenir le nouveau sport national&#8230;<\/p>\n\n\n<h2 class=\"wp-block-heading\">Stockage \u00e9nerg\u00e9tique : l&rsquo;imp\u00e9ratif de flexibilit\u00e9<\/h2>\n\n\n<p>Les \u00e9tudes r\u00e9centes ne cessent de rappeler l&rsquo;importance d&rsquo;un programme ambitieux pour accro\u00eetre la <strong>flexibilit\u00e9 du syst\u00e8me \u00e9lectrique<\/strong>. La capacit\u00e9 d&rsquo;adaptation rapide des syst\u00e8mes de production, consommation et stockage d&rsquo;\u00e9lectricit\u00e9 est d\u00e9sormais au centre des pr\u00e9occupations. Mais \u00e0 part faire crouler les solutions sur les bureaux des d\u00e9cideurs, qu\u2019en est-il de l\u2019impl\u00e9mentation r\u00e9elle sur le terrain ? Les perspectives demeurent floues, et le n\u00e9cessaire d\u00e9veloppement du stockage \u00e9nerg\u00e9tique n\u2019est pas pr\u00e8s d&rsquo;\u00eatre mis en \u0153uvre. Envie d\u2019en apprendre davantage ? Les recommandations des experts sont disponibles <a href=\"https:\/\/www.connaissancedesenergies.org\/approvisionnement-en-electricite-des-perspectives-beaucoup-plus-favorables-que-lan-passe-cet-hiver-241104\" rel=\"nofollow noopener\" target=\"_blank\">ici<\/a>.<\/p>\n\n\n<h2 class=\"wp-block-heading\">Perspectives climatiques : entre promesses et d\u00e9sastres<\/h2>\n\n\n<p>En 2024, alors que 95 % de la production d&rsquo;\u00e9lectricit\u00e9 en France se veut <strong>bas carbone<\/strong>, un frisson d&rsquo;ironie se glisse dans l\u2019atmosph\u00e8re. Bien s\u00fbr, il faut c\u00e9l\u00e9brer cette avanc\u00e9e, mais comment ignorer les d\u00e9fis que cela implique ? Avec des risques de coupures d&rsquo;\u00e9lectricit\u00e9 en toile de fond et une reliance accrue sur le charbon en cas de temp\u00eate, de quoi se faire du souci. Une plong\u00e9e dans le chaos climatique, effectivement, et les promesses de l&rsquo;\u00e9lectrification semblent r\u00e9sister \u00e0 l&rsquo;\u00e9preuve du temps, si l&rsquo;on en croit les rapports sur la <a href=\"https:\/\/www.lemonde.fr\/planete\/article\/2025\/02\/09\/climat-en-france-et-en-europe-la-grande-panne-de-l-electrification_6538175_3244.html\" rel=\"nofollow noopener\" target=\"_blank\">grande panne de l&rsquo;\u00e9lectrification<\/a>.<\/p>\n\n\n<h2 class=\"wp-block-heading\">Pannes de courant : diagnostics et solutions<\/h2>\n\n\n<p>Les black-outs et les pannes \u00e0 r\u00e9p\u00e9tition \u00e0 Paris donnent mati\u00e8re \u00e0 r\u00e9flexion. \u00c0 l&rsquo;\u00e8re de l&rsquo;\u00e9lectricit\u00e9, que dire de cette pr\u00e9disposition \u00e0 la coupure ? Entre diagnostics complexes et solutions parfois farfelues, les r\u00e9ponses semblent aussi incertaines que la lumi\u00e8re dans notre frigo lors d\u2019une coupure. Pour explorer ce qui se trame derri\u00e8re ces coupures d&rsquo;\u00e9lectricit\u00e9 \u00e0 Paris, n&rsquo;h\u00e9sitez pas \u00e0 consulter cet article <a href=\"https:\/\/www.dmoz.fr\/tendances\/pannes-de-courant-a-paris-decryptage-des-coupures-et-solutions\/\">ici<\/a>.<\/p>\n\n\n<p>En somme, le secteur de l&rsquo;\u00e9lectricit\u00e9 continue d&rsquo;\u00e9voluer dans un cadre alambiqu\u00e9 de conflits d&rsquo;int\u00e9r\u00eats et de d\u00e9fis environnementaux. Une belle source d&rsquo;inspiration, n&rsquo;est-ce pas ?<\/p>\n","protected":false},"excerpt":{"rendered":"<p>Dans un monde o\u00f9 l&rsquo;\u00e9lectricit\u00e9 semble \u00eatre le sang qui coule dans les veines de notre soci\u00e9t\u00e9 moderne, il est impossible de ne pas s&rsquo;arr\u00eater pour r\u00e9fl\u00e9chir \u00e0 cette douce m\u00e9lodie de courant qui fait aussi bien chanter nos appareils que mourir nos pannes. Cet article vous plongera dans les r\u00e9centes actualit\u00e9s du domaine \u00e9lectrique&#8230;<\/p>\n","protected":false},"author":1,"featured_media":411,"comment_status":"","ping_status":"","sticky":false,"template":"","format":"standard","meta":{"_kad_post_transparent":"","_kad_post_title":"","_kad_post_layout":"","_kad_post_sidebar_id":"","_kad_post_content_style":"","_kad_post_vertical_padding":"","_kad_post_feature":"","_kad_post_feature_position":"","_kad_post_header":false,"_kad_post_footer":false,"_kad_post_classname":"","iawp_total_views":0,"footnotes":""},"categories":[1],"tags":[],"class_list":["post-410","post","type-post","status-publish","format-standard","has-post-thumbnail","hentry","category-actualites"],"_links":{"self":[{"href":"https:\/\/www.dmoz.fr\/tendances\/wp-json\/wp\/v2\/posts\/410","targetHints":{"allow":["GET"]}}],"collection":[{"href":"https:\/\/www.dmoz.fr\/tendances\/wp-json\/wp\/v2\/posts"}],"about":[{"href":"https:\/\/www.dmoz.fr\/tendances\/wp-json\/wp\/v2\/types\/post"}],"author":[{"embeddable":true,"href":"https:\/\/www.dmoz.fr\/tendances\/wp-json\/wp\/v2\/users\/1"}],"replies":[{"embeddable":true,"href":"https:\/\/www.dmoz.fr\/tendances\/wp-json\/wp\/v2\/comments?post=410"}],"version-history":[{"count":0,"href":"https:\/\/www.dmoz.fr\/tendances\/wp-json\/wp\/v2\/posts\/410\/revisions"}],"wp:featuredmedia":[{"embeddable":true,"href":"https:\/\/www.dmoz.fr\/tendances\/wp-json\/wp\/v2\/media\/411"}],"wp:attachment":[{"href":"https:\/\/www.dmoz.fr\/tendances\/wp-json\/wp\/v2\/media?parent=410"}],"wp:term":[{"taxonomy":"category","embeddable":true,"href":"https:\/\/www.dmoz.fr\/tendances\/wp-json\/wp\/v2\/categories?post=410"},{"taxonomy":"post_tag","embeddable":true,"href":"https:\/\/www.dmoz.fr\/tendances\/wp-json\/wp\/v2\/tags?post=410"}],"curies":[{"name":"wp","href":"https:\/\/api.w.org\/{rel}","templated":true}]}}