{"id":4140,"date":"2025-03-14T09:17:01","date_gmt":"2025-03-14T08:17:01","guid":{"rendered":"https:\/\/www.dmoz.fr\/tendances\/afd-allemagne\/"},"modified":"2025-03-14T09:17:01","modified_gmt":"2025-03-14T08:17:01","slug":"afd-allemagne","status":"publish","type":"post","link":"https:\/\/www.dmoz.fr\/tendances\/afd-allemagne\/","title":{"rendered":"Afd Allemagne : plongez au c\u0153ur d&rsquo;une politique qui divise et fascine"},"content":{"rendered":"<p><\/p>\n<div id='video-container' data-video-id='9V4ZA707T64' style='width:100%; height:auto; max-width:587px; position: relative;'>\n<div class='image-video-plugin' style='background:url(\"https:\/\/img.youtube.com\/vi\/9V4ZA707T64\/0.jpg\") center no-repeat; background-size: cover;'><\/div>\n<p>        <span class='youtube-play-button'><\/span><br \/>\n        <noscript><a href=\"https:\/\/www.youtube.com\/watch?v=9V4ZA707T64\" target=\"_blank\" rel=\"noopener\">Play on YouTube<\/a><\/noscript>\n    <\/div>\n<p><\/p>\n<h2>afd allemagne : un parti en qu\u00eate d&rsquo;identit\u00e9<\/h2>\n<p>La <b>Alternative f\u00fcr Deutschland<\/b> (AfD) est un parti politique qui a vu le jour en 2013, initialement fond\u00e9 comme une r\u00e9ponse \u00e0 la crise de la zone euro. Toutefois, au fil des ann\u00e9es, il a \u00e9volu\u00e9 pour devenir un acteur majeur de la sc\u00e8ne politique allemande, souvent associ\u00e9 \u00e0 des positions nationalistes et anti-immigration. Ce virage id\u00e9ologique a provoqu\u00e9 des tensions internes et une qu\u00eate d&rsquo;identit\u00e9 qui se r\u00e9v\u00e8le cruciale pour son avenir. En effet, alors que certains membres souhaitent recentrer le discours sur des questions \u00e9conomiques, d&rsquo;autres penchent pour une radicalisation de la rh\u00e9torique, notamment en mati\u00e8re d&rsquo;identit\u00e9 nationale et de souverainet\u00e9. Ce dilemme interne est exacerb\u00e9 par la mont\u00e9e d&rsquo;autres mouvements populistes en Europe, for\u00e7ant l&rsquo;AfD \u00e0 se d\u00e9finir clairement dans un paysage politique de plus en plus fragment\u00e9.<\/p>\n<p>Dans cette qu\u00eate d&rsquo;identit\u00e9, l&rsquo;AfD s&rsquo;efforce de s\u00e9duire un \u00e9lectorat d\u00e9sillusionn\u00e9 par les partis traditionnels. Les discours sont souvent marqu\u00e9s par une critique acerbe de l&rsquo;immigration, pr\u00e9sent\u00e9e comme une menace \u00e0 la culture et \u00e0 la s\u00e9curit\u00e9 allemande. Cela a contribu\u00e9 \u00e0 l&rsquo;ascension du parti dans les sondages, mais a \u00e9galement suscit\u00e9 des controverses. Le d\u00e9fi pour l&rsquo;AfD r\u00e9side dans sa capacit\u00e9 \u00e0 maintenir une base \u00e9lectorale solide tout en g\u00e9rant les divergences internes. Les luttes de pouvoir au sein du parti, entre les factions plus mod\u00e9r\u00e9es et celles plus radicales, refl\u00e8tent cette complexit\u00e9. La mani\u00e8re dont l&rsquo;AfD navigue ces tensions d\u00e9terminera son avenir et sa place dans le paysage politique allemand.<\/p>\n<h3>Des interrogations sur l&rsquo;avenir de l&rsquo;afd<\/h3>\n<ul>\n<li><b>Quelles strat\u00e9gies l&rsquo;AfD adoptera-t-elle pour attirer de nouveaux \u00e9lecteurs ?<\/b><\/li>\n<li><b>Comment le parti g\u00e9rera-t-il ses divisions internes ?<\/b><\/li>\n<li><b>Quel impact la mont\u00e9e des partis populistes europ\u00e9ens aura-t-elle sur l&rsquo;AfD ?<\/b><\/li>\n<\/ul>\n<h3>Un parti face \u00e0 des d\u00e9fis internes<\/h3>\n<p>L&rsquo;AfD se trouve \u00e0 un carrefour, avec des d\u00e9fis internes qui pourraient influencer son positionnement sur la sc\u00e8ne politique. Les factions du parti doivent trouver un terrain d&rsquo;entente, tout en restant fid\u00e8les \u00e0 leurs bases respectives. Les tensions entre mod\u00e9r\u00e9s et radicaux ne sont pas nouvelles, mais elles prennent une ampleur particuli\u00e8re dans un contexte o\u00f9 la soci\u00e9t\u00e9 allemande \u00e9volue rapidement. Le d\u00e9bat sur l&rsquo;identit\u00e9 nationale, qui occupe une place centrale dans les discours de l&rsquo;AfD, ne fait qu&rsquo;ajouter \u00e0 cette complexit\u00e9. La capacit\u00e9 du parti \u00e0 articuler une vision coh\u00e9rente, qui r\u00e9sonne \u00e0 la fois avec les pr\u00e9occupations de ses membres et celles des \u00e9lecteurs, sera d\u00e9terminante pour sa survie.<\/p>\n<h3>Les d\u00e9fis \u00e0 relever pour l&rsquo;afd<\/h3>\n<ul>\n<li><b>Consolider une identit\u00e9 politique claire et attractive.<\/b><\/li>\n<li><b>R\u00e9pondre aux critiques sur sa ligne dure en mati\u00e8re d&rsquo;immigration.<\/b><\/li>\n<li><b>\u00c9viter les fractures internes qui pourraient affaiblir le parti.<\/b><\/li>\n<\/ul>\n<h3>Une vision pour l&rsquo;avenir ?<\/h3>\n<p>L&rsquo;AfD doit \u00e9galement se positionner sur des enjeux \u00e9conomiques et sociaux plus larges, afin de ne pas se cantonner \u00e0 une simple opposition \u00e0 l&rsquo;immigration. La perception d&rsquo;un parti qui ne fait que s&rsquo;opposer \u00e0 tout risque de le marginaliser. Les membres du parti sont appel\u00e9s \u00e0 red\u00e9finir leur message pour aborder des pr\u00e9occupations telles que la s\u00e9curit\u00e9 sociale, l&rsquo;\u00e9conomie locale, et l&rsquo;avenir de l&rsquo;Europe. C&rsquo;est dans cette red\u00e9finition que se joue l&rsquo;avenir de l&rsquo;AfD et sa capacit\u00e9 \u00e0 se maintenir comme un acteur incontournable dans le paysage politique allemand.<\/p>\n<h3>Un dialogue n\u00e9cessaire pour l&rsquo;afd<\/h3>\n<ul>\n<li><b>Comment le parti peut-il s&rsquo;engager avec des \u00e9lecteurs au-del\u00e0 de son noyau dur ?<\/b><\/li>\n<li><b>Quels compromis pourraient \u00eatre envisag\u00e9s pour unifier le parti ?<\/b><\/li>\n<li><b>De quelle mani\u00e8re l&rsquo;AfD peut-elle se r\u00e9inventer sans perdre son identit\u00e9 ?<\/b><\/li>\n<\/ul>\n<h3>Une communaut\u00e9 en mouvement<\/h3>\n<p>Le chemin qui attend l&rsquo;AfD est sem\u00e9 d&#8217;emb\u00fbches. La n\u00e9cessit\u00e9 de s&rsquo;adapter \u00e0 un paysage politique en constante \u00e9volution tout en gardant son essence est un d\u00e9fi majeur. L&rsquo;AfD devra naviguer avec prudence entre la fid\u00e9lit\u00e9 \u00e0 ses principes fondateurs et la n\u00e9cessit\u00e9 d&rsquo;\u00e9largir son appel. En somme, l&rsquo;AfD est bien plus qu&rsquo;un simple parti politique ; elle est le reflet des pr\u00e9occupations d&rsquo;une partie de la soci\u00e9t\u00e9 allemande en qu\u00eate de r\u00e9ponses \u00e0 des questions fondamentales sur son identit\u00e9, sa place en Europe, et son avenir collectif. <\/p>\n<h3>Un dialogue n\u00e9cessaire pour l&rsquo;afd<\/h3>\n<ul>\n<li><b>Comment le parti peut-il s&rsquo;engager avec des \u00e9lecteurs au-del\u00e0 de son noyau dur ?<\/b><\/li>\n<li><b>Quels compromis pourraient \u00eatre envisag\u00e9s pour unifier le parti ?<\/b><\/li>\n<li><b>De quelle mani\u00e8re l&rsquo;AfD peut-elle se r\u00e9inventer sans perdre son identit\u00e9 ?<\/b><\/li>\n<\/ul>\n<h2>les cons\u00e9quences de la mont\u00e9e de l\u2019afd en allemagne<\/h2>\n<p>La mont\u00e9e de l&rsquo;Alternative f\u00fcr Deutschland (AfD) dans le paysage politique allemand suscite de vives inqui\u00e9tudes tant sur le plan national qu&rsquo;europ\u00e9en. D&rsquo;abord, il est essentiel de comprendre que cette formation, qui se positionne clairement \u00e0 droite de l&rsquo;\u00e9chiquier politique, a r\u00e9ussi \u00e0 capter l&rsquo;attention d&rsquo;une frange de la population qui se sent d\u00e9laiss\u00e9e par les partis traditionnels. Cette situation a pour effet d&rsquo;alimenter un discours populiste qui remet en question les valeurs d\u00e9mocratiques et les fondements de la soci\u00e9t\u00e9 allemande. Les cons\u00e9quences sont multiples : le climat de polarisation s&rsquo;intensifie, les tensions entre diff\u00e9rentes communaut\u00e9s s&rsquo;exacerbent, et une stigmatisation croissante des minorit\u00e9s, notamment des immigr\u00e9s, devient palpable. En outre, l\u2019AfD remet en cause les politiques d\u2019accueil et d\u2019int\u00e9gration, ce qui pourrait conduire \u00e0 une r\u00e9gression des droits des r\u00e9fugi\u00e9s et \u00e0 un durcissement des lois sur l\u2019immigration. <\/p>\n<p>Ensuite, sur le plan \u00e9conomique, la mont\u00e9e de l\u2019AfD pourrait avoir des r\u00e9percussions significatives. Les entreprises, surtout celles qui d\u00e9pendent d&rsquo;une main-d&rsquo;\u0153uvre diversifi\u00e9e, pourraient faire face \u00e0 des incertitudes quant \u00e0 la l\u00e9gislation du travail et \u00e0 l&rsquo;accueil des travailleurs \u00e9trangers. De plus, la rh\u00e9torique anti-europ\u00e9enne de l&rsquo;AfD pourrait fragiliser la position de l&rsquo;Allemagne au sein de l&rsquo;Union europ\u00e9enne. Les investisseurs pourraient h\u00e9siter \u00e0 s&rsquo;engager dans un environnement politique instable, ce qui pourrait entra\u00eener un ralentissement \u00e9conomique. Il ne faut pas n\u00e9gliger non plus l&rsquo;impact sur les relations internationales : une Allemagne plus isolationniste pourrait compliquer les efforts de coop\u00e9ration sur des enjeux globaux tels que le climat ou la s\u00e9curit\u00e9. En somme, la mont\u00e9e de l\u2019AfD ne concerne pas seulement l&rsquo;Allemagne, mais pourrait \u00e9galement bouleverser l&rsquo;\u00e9quilibre des forces en Europe.<\/p>\n<h3>Questions qui br\u00fblent les l\u00e8vres<\/h3>\n<ul>\n<li><b>Quels impacts sur les droits des minorit\u00e9s ?<\/b> La mont\u00e9e de l&rsquo;AfD pourrait entra\u00eener une d\u00e9t\u00e9rioration des droits des minorit\u00e9s en Allemagne, avec une stigmatisation accrue et des politiques d&rsquo;int\u00e9gration moins accueillantes.<\/li>\n<li><b>Comment l&rsquo;\u00e9conomie allemande pourrait-elle \u00eatre affect\u00e9e ?<\/b> Un climat politique tendu pourrait dissuader les investissements \u00e9trangers et nuire \u00e0 la stabilit\u00e9 \u00e9conomique, surtout pour les secteurs d\u00e9pendants de la diversit\u00e9 de la main-d&rsquo;\u0153uvre.<\/li>\n<li><b>Quel r\u00f4le l&rsquo;AfD joue-t-elle au sein de l&rsquo;UE ?<\/b> Sa rh\u00e9torique anti-europ\u00e9enne pourrait fragiliser l&rsquo;Allemagne dans ses relations avec les autres pays membres et compromettre la coop\u00e9ration sur des enjeux cruciaux.<\/li>\n<\/ul>\n","protected":false},"excerpt":{"rendered":"<p>Play on YouTube afd allemagne : un parti en qu\u00eate d&rsquo;identit\u00e9 La Alternative f\u00fcr Deutschland (AfD) est un parti politique qui a vu le jour en 2013, initialement fond\u00e9 comme une r\u00e9ponse \u00e0 la crise de la zone euro. Toutefois, au fil des ann\u00e9es, il a \u00e9volu\u00e9 pour devenir un acteur majeur de la sc\u00e8ne&#8230;<\/p>\n","protected":false},"author":1,"featured_media":4141,"comment_status":"","ping_status":"","sticky":false,"template":"","format":"standard","meta":{"_kad_post_transparent":"","_kad_post_title":"","_kad_post_layout":"","_kad_post_sidebar_id":"","_kad_post_content_style":"","_kad_post_vertical_padding":"","_kad_post_feature":"","_kad_post_feature_position":"","_kad_post_header":false,"_kad_post_footer":false,"_kad_post_classname":"","iawp_total_views":0,"footnotes":""},"categories":[1],"tags":[],"class_list":["post-4140","post","type-post","status-publish","format-standard","has-post-thumbnail","hentry","category-actualites"],"_links":{"self":[{"href":"https:\/\/www.dmoz.fr\/tendances\/wp-json\/wp\/v2\/posts\/4140","targetHints":{"allow":["GET"]}}],"collection":[{"href":"https:\/\/www.dmoz.fr\/tendances\/wp-json\/wp\/v2\/posts"}],"about":[{"href":"https:\/\/www.dmoz.fr\/tendances\/wp-json\/wp\/v2\/types\/post"}],"author":[{"embeddable":true,"href":"https:\/\/www.dmoz.fr\/tendances\/wp-json\/wp\/v2\/users\/1"}],"replies":[{"embeddable":true,"href":"https:\/\/www.dmoz.fr\/tendances\/wp-json\/wp\/v2\/comments?post=4140"}],"version-history":[{"count":0,"href":"https:\/\/www.dmoz.fr\/tendances\/wp-json\/wp\/v2\/posts\/4140\/revisions"}],"wp:featuredmedia":[{"embeddable":true,"href":"https:\/\/www.dmoz.fr\/tendances\/wp-json\/wp\/v2\/media\/4141"}],"wp:attachment":[{"href":"https:\/\/www.dmoz.fr\/tendances\/wp-json\/wp\/v2\/media?parent=4140"}],"wp:term":[{"taxonomy":"category","embeddable":true,"href":"https:\/\/www.dmoz.fr\/tendances\/wp-json\/wp\/v2\/categories?post=4140"},{"taxonomy":"post_tag","embeddable":true,"href":"https:\/\/www.dmoz.fr\/tendances\/wp-json\/wp\/v2\/tags?post=4140"}],"curies":[{"name":"wp","href":"https:\/\/api.w.org\/{rel}","templated":true}]}}