{"id":416,"date":"2025-02-10T00:27:07","date_gmt":"2025-02-09T23:27:07","guid":{"rendered":"https:\/\/www.dmoz.fr\/tendances\/jordan-bardella-focus-sur-sa-stature-et-son-influence\/"},"modified":"2025-02-10T00:27:07","modified_gmt":"2025-02-09T23:27:07","slug":"jordan-bardella-focus-sur-sa-stature-et-son-influence","status":"publish","type":"post","link":"https:\/\/www.dmoz.fr\/tendances\/jordan-bardella-focus-sur-sa-stature-et-son-influence\/","title":{"rendered":"Jordan Bardella : focus sur sa stature et son influence"},"content":{"rendered":"\n<figure class='wp-block-image size-full'>\n<img width=\"1792\" height=\"1024\" src=\"https:\/\/www.dmoz.fr\/tendances\/wp-content\/uploads\/2025\/02\/Jordan-Bardella-focus-sur-sa-stature-et-son-influence.png\" class=\"attachment-full size-full\" alt=\"d\u00e9couvrez l&#039;impact de jordan bardella sur la sc\u00e8ne politique fran\u00e7aise. analyse de sa stature, ses prises de position et son influence croissante au sein du paysage politique contemporain.\" decoding=\"async\" srcset=\"https:\/\/www.dmoz.fr\/tendances\/wp-content\/uploads\/2025\/02\/Jordan-Bardella-focus-sur-sa-stature-et-son-influence.png 1792w, https:\/\/www.dmoz.fr\/tendances\/wp-content\/uploads\/2025\/02\/Jordan-Bardella-focus-sur-sa-stature-et-son-influence-300x171.png 300w, https:\/\/www.dmoz.fr\/tendances\/wp-content\/uploads\/2025\/02\/Jordan-Bardella-focus-sur-sa-stature-et-son-influence-1024x585.png 1024w, https:\/\/www.dmoz.fr\/tendances\/wp-content\/uploads\/2025\/02\/Jordan-Bardella-focus-sur-sa-stature-et-son-influence-768x439.png 768w, https:\/\/www.dmoz.fr\/tendances\/wp-content\/uploads\/2025\/02\/Jordan-Bardella-focus-sur-sa-stature-et-son-influence-1536x878.png 1536w\" sizes=\"(max-width: 1792px) 100vw, 1792px\" title=\"\">\n<\/figure>\n\n\n\n<p>Dans le paysage \u00e9lectoral fran\u00e7ais, <strong>Jordan Bardella<\/strong> ne se contente pas d&rsquo;\u00eatre simplement un jeune politicien. Avec une stature imposante et un poids qui lui conf\u00e8re une aura presque athl\u00e9tique, il fait ind\u00e9niablement parler de lui. Ce qui est fascinant, c&rsquo;est \u00e0 quel point sa taille, approximativement de <strong>1,90 m\u00e8tre<\/strong>, joue un r\u00f4le dans sa capacit\u00e9 \u00e0 captiver les foules et \u00e0 marquer les esprits. Cet article se penche sur la mani\u00e8re dont cette pr\u00e9sence physique impacte son influence politique et son ascension au sein du <strong>Rassemblement National<\/strong>.<\/p>\n\n\n<h2 class=\"wp-block-heading\">Une stature impressionnante qui ne passe pas inaper\u00e7ue<\/h2>\n\n\n<p>Mesurant environ <strong>1,90 m\u00e8tre<\/strong>, Bardella est sans conteste l&rsquo;un des jeunes leaders les mieux lotis d\u2019un point de vue physique dans la politique fran\u00e7aise. Cette taille peut sembler \u00eatre un simple chiffre, mais dans l\u2019ar\u00e8ne politique, elle se transforme en un v\u00e9ritable atout. Lors de ses interventions en public, que ce soit lors de d\u00e9bats ou de meetings, son allure soign\u00e9e et sa stature imposante lui permettent de dominer visuellement ses adversaires.<\/p>\n\n\n<h3 class=\"wp-block-heading\">L&rsquo;effet de la taille dans le monde politique<\/h3>\n\n\n<p>Traditionnellement, dans le domaine politique, la <strong>pr\u00e9sence physique<\/strong> est souvent per\u00e7ue comme un indicateur de pouvoir et de confiance. Bardella, avec son allure athl\u00e9tique et ses impressions de force, est parfaitement conscient de cet impact. Les \u00e9tudes montrent que les \u00e9lecteurs r\u00e9agissent souvent plus favorablement aux candidats qui affichent une certaine stature, ce qui pourrait expliquer sa mont\u00e9e fulgurante dans les sondages, d\u00e9passant m\u00eame certains de ses mentors, comme <strong>Marine Le Pen<\/strong>.<\/p>\n\n\n<h2 class=\"wp-block-heading\">Une influence grandissante au sein du Rassemblement National<\/h2>\n\n\n<p>Depuis son arriv\u00e9e au sein du <strong>Rassemblement National<\/strong>, l&rsquo;ascension de Bardella a \u00e9t\u00e9 rien de moins qu\u2019\u00e9tonnante. En tant que pr\u00e9sident de la formation politique, il red\u00e9finit les contours du parti tout en naviguant habilement \u00e0 travers le climat politique. Sa jeunesse et son charisme, alli\u00e9s \u00e0 sa taille impressionnante, lui permettent de se r\u00e9aliser comme un chef naturel, captant l&rsquo;attention d&rsquo;une base \u00e9lectorale avide de renouveau.<\/p>\n\n\n<h3 class=\"wp-block-heading\">Un style rh\u00e9torique captivant<\/h3>\n\n\n<p>Outre sa stature, c&rsquo;est aussi son style rh\u00e9torique qui lui permet de s&rsquo;imposer sur la sc\u00e8ne politique. Bardella utilise sa pr\u00e9sence physiquement imposante pour renforcer son message, misant sur une communication visuelle qui cr\u00e9e un lien fort avec son auditoire. \u00c0 une \u00e9poque o\u00f9 l\u2019image joue un r\u00f4le primordial, il sait que sa taille n\u2019est pas qu\u2019une simple donn\u00e9e biologique, mais un \u00e9l\u00e9ment strat\u00e9gique qui alimente sa rh\u00e9torique populiste.<\/p>\n\n\n<h2 class=\"wp-block-heading\">L&rsquo;adaptation \u00e0 un paysage politique complexe<\/h2>\n\n\n<p>Le parcours politique de Bardella depuis son adh\u00e9sion au <strong>Front National<\/strong> t\u00e9moigne d&rsquo;une capacit\u00e9 d&rsquo;adaptation face \u00e0 un paysage politique complexe. Il a su naviguer habilement entre les enjeux internes du parti et les attentes croissantes des \u00e9lecteurs, tout en maintenant une image forte. Sa stature, tant physique que symbolique, lui conf\u00e8re une position unique pour influencer les d\u00e9bats et les d\u00e9cisions au sein du Rassemblement National.<\/p>\n\n\n<h3 class=\"wp-block-heading\">Un avenir prometteur<\/h3>\n\n\n<p>Avec des ambitions tourn\u00e9es vers les \u00e9lections de <strong>2024<\/strong>, Bardella semble d\u00e9termin\u00e9 \u00e0 capitaliser sur sa stature et son influence, red\u00e9finissant ainsi le parti pour l&rsquo;avenir. Que ce soit \u00e0 travers ses discours ou sa pr\u00e9sence sur les plateaux de t\u00e9l\u00e9vision, il s&rsquo;impose comme un acteur incontournable. Dans ce contexte, sa taille ne sera pas uniquement un trait physique, mais un levier puissant pour \u00e9tablir un nouveau paradigme politique.<\/p>\n","protected":false},"excerpt":{"rendered":"<p>Dans le paysage \u00e9lectoral fran\u00e7ais, Jordan Bardella ne se contente pas d&rsquo;\u00eatre simplement un jeune politicien. Avec une stature imposante et un poids qui lui conf\u00e8re une aura presque athl\u00e9tique, il fait ind\u00e9niablement parler de lui. Ce qui est fascinant, c&rsquo;est \u00e0 quel point sa taille, approximativement de 1,90 m\u00e8tre, joue un r\u00f4le dans sa&#8230;<\/p>\n","protected":false},"author":1,"featured_media":417,"comment_status":"","ping_status":"","sticky":false,"template":"","format":"standard","meta":{"_kad_post_transparent":"","_kad_post_title":"","_kad_post_layout":"","_kad_post_sidebar_id":"","_kad_post_content_style":"","_kad_post_vertical_padding":"","_kad_post_feature":"","_kad_post_feature_position":"","_kad_post_header":false,"_kad_post_footer":false,"_kad_post_classname":"","iawp_total_views":2,"footnotes":""},"categories":[1],"tags":[],"class_list":["post-416","post","type-post","status-publish","format-standard","has-post-thumbnail","hentry","category-actualites"],"_links":{"self":[{"href":"https:\/\/www.dmoz.fr\/tendances\/wp-json\/wp\/v2\/posts\/416","targetHints":{"allow":["GET"]}}],"collection":[{"href":"https:\/\/www.dmoz.fr\/tendances\/wp-json\/wp\/v2\/posts"}],"about":[{"href":"https:\/\/www.dmoz.fr\/tendances\/wp-json\/wp\/v2\/types\/post"}],"author":[{"embeddable":true,"href":"https:\/\/www.dmoz.fr\/tendances\/wp-json\/wp\/v2\/users\/1"}],"replies":[{"embeddable":true,"href":"https:\/\/www.dmoz.fr\/tendances\/wp-json\/wp\/v2\/comments?post=416"}],"version-history":[{"count":0,"href":"https:\/\/www.dmoz.fr\/tendances\/wp-json\/wp\/v2\/posts\/416\/revisions"}],"wp:featuredmedia":[{"embeddable":true,"href":"https:\/\/www.dmoz.fr\/tendances\/wp-json\/wp\/v2\/media\/417"}],"wp:attachment":[{"href":"https:\/\/www.dmoz.fr\/tendances\/wp-json\/wp\/v2\/media?parent=416"}],"wp:term":[{"taxonomy":"category","embeddable":true,"href":"https:\/\/www.dmoz.fr\/tendances\/wp-json\/wp\/v2\/categories?post=416"},{"taxonomy":"post_tag","embeddable":true,"href":"https:\/\/www.dmoz.fr\/tendances\/wp-json\/wp\/v2\/tags?post=416"}],"curies":[{"name":"wp","href":"https:\/\/api.w.org\/{rel}","templated":true}]}}