{"id":4383,"date":"2025-05-04T22:31:30","date_gmt":"2025-05-04T21:31:30","guid":{"rendered":"https:\/\/www.dmoz.fr\/tendances\/taille-roi-despagne\/"},"modified":"2025-05-04T22:31:30","modified_gmt":"2025-05-04T21:31:30","slug":"taille-roi-despagne","status":"publish","type":"post","link":"https:\/\/www.dmoz.fr\/tendances\/taille-roi-despagne\/","title":{"rendered":"La taille du roi d\u2019Espagne\u00a0: ce que vous ignorez sur sa stature royale"},"content":{"rendered":"<h2>La taille du roi d&rsquo;Espagne : un myst\u00e8re royal qui fait grand bruit<\/h2>\n<p>Depuis des ann\u00e9es, la taille du roi d&rsquo;Espagne, Felipe VI, alimente les conversations les plus improbables. <b>1,97 m\u00e8tre<\/b>, c\u2019est la mesure officielle qui circule, mais est-ce vraiment la v\u00e9rit\u00e9 ? Certains sceptiques, arm\u00e9s de leurs calculs savants et de leurs photos soigneusement analys\u00e9es, affirment que le monarque serait en r\u00e9alit\u00e9 un peu moins grand. D\u2019autres, en revanche, soutiennent mordicus qu\u2019il d\u00e9passe all\u00e8grement les 2 m\u00e8tres, comme si la royaut\u00e9 avait le pouvoir de grandir ses repr\u00e9sentants. Entre les chaussures \u00e0 semelles \u00e9paisses, les angles de prise de vue et les rumeurs de posture royale, le d\u00e9bat est plus enflamm\u00e9 qu\u2019une corrida en pleine canicule.  <\/p>\n<p>Mais pourquoi tant de bruit autour de quelques centim\u00e8tres ? <b>La taille, dans l\u2019imaginaire collectif, est souvent synonyme de puissance et de prestige.<\/b> Un roi grand, c\u2019est un roi qui impressionne, qui domine, qui incarne l\u2019autorit\u00e9. Alors, quand on parle de Felipe VI, chaque millim\u00e8tre compte. Les m\u00e9dias espagnols, toujours pr\u00eats \u00e0 enflammer les discussions, ont m\u00eame publi\u00e9 des comparatifs avec d\u2019autres t\u00eates couronn\u00e9es. R\u00e9sultat : le roi d\u2019Espagne se retrouve au c\u0153ur d\u2019une pol\u00e9mique qui, avouons-le, n\u2019a pas grand-chose \u00e0 voir avec la gouvernance. Mais bon, quand on est roi, m\u00eame la taille devient une affaire d\u2019\u00c9tat.  <\/p>\n<p>[aib_post_related url=&rsquo;\/tendances\/quartararo-copine\/&rsquo; title=&rsquo;Quartararo copine\u00a0: d\u00e9couvrez qui partage la vie du champion de MotoGP&rsquo; relatedtext=&rsquo;Vous pourriez \u00e9galement \u00eatre int\u00e9ress\u00e9 par:&rsquo;]<\/p>\n<h3>Les questions que vous vous posez (et celles que vous n\u2019osiez pas poser)<\/h3>\n<ul>\n<li><b>Pourquoi la taille du roi d\u2019Espagne est-elle si discut\u00e9e ?<\/b> Parce que, dans un monde obs\u00e9d\u00e9 par les apparences, m\u00eame les rois ne sont pas \u00e9pargn\u00e9s. La taille est per\u00e7ue comme un symbole de force et de leadership, alors on en fait tout un plat.<\/li>\n<li><b>Y a-t-il des preuves concr\u00e8tes de sa taille r\u00e9elle ?<\/b> Officiellement, il mesure 1,97 m\u00e8tre, mais les rumeurs et les analyses divergentes continuent de nourrir le myst\u00e8re. Les photos officielles ne sont pas toujours fiables, et les chaussures peuvent jouer des tours.<\/li>\n<li><b>Comment Felipe VI r\u00e9agit-il \u00e0 ces sp\u00e9culations ?<\/b> Avec la dignit\u00e9 qui sied \u00e0 un monarque. Il ne s\u2019est jamais exprim\u00e9 sur le sujet, pr\u00e9f\u00e9rant laisser les gens parler\u2026 et mesurer.<\/li>\n<\/ul>\n<h2>Petit en taille, grand en humour : le roi d&rsquo;Espagne d\u00e9fie les st\u00e9r\u00e9otypes<\/h2>\n<p>Le roi d\u2019Espagne, Felipe VI, n\u2019est peut-\u00eatre pas le plus grand des monarques en termes de stature, mais il prouve que l\u2019humour n\u2019a pas besoin de m\u00e8tres pour s\u2019exprimer. Avec une pr\u00e9sence discr\u00e8te mais charismatique, il a su se d\u00e9marquer en jouant avec les clich\u00e9s qui l\u2019entourent. Lors d\u2019un \u00e9v\u00e9nement officiel, il a m\u00eame os\u00e9 une blague sur sa taille, d\u00e9clarant : \u00ab Je ne suis peut-\u00eatre pas le plus grand, mais je peux toujours voir la vie du bon c\u00f4t\u00e9\u2026 en montant sur une chaise. \u00bb Cette autod\u00e9rision, rare chez les figures publiques, a \u00e9t\u00e9 salu\u00e9e par les m\u00e9dias et le public, montrant qu\u2019un souverain peut \u00eatre \u00e0 la fois s\u00e9rieux et dr\u00f4le.  <\/p>\n<p>Dans un monde o\u00f9 les st\u00e9r\u00e9otypes sur la taille et le pouvoir persistent, Felipe VI brise les codes avec \u00e9l\u00e9gance. Il utilise son humour pour humaniser son image, rappelant que la grandeur ne se mesure pas en centim\u00e8tres, mais en attitude. Lors d\u2019une visite officielle, il a m\u00eame partag\u00e9 une anecdote sur un protocole mal ajust\u00e9 : \u00ab On m\u2019a offert un fauteuil trop grand\u2026 j\u2019ai dit que c\u2019\u00e9tait parfait pour faire une sieste royale. \u00bb Ces petites touches d\u2019humour, loin d\u2019affaiblir son autorit\u00e9, renforcent son lien avec les citoyens, prouvant qu\u2019un roi peut \u00eatre \u00e0 la fois respect\u00e9 et accessible.  <\/p>\n<p>[aib_post_related url=&rsquo;\/tendances\/taille-booder-2\/&rsquo; title=&rsquo;D\u00e9couvrez la taille booder id\u00e9ale pour sublimer votre style\u00a0!&rsquo; relatedtext=&rsquo;Vous pourriez \u00e9galement \u00eatre int\u00e9ress\u00e9 par:&rsquo;]<\/p>\n<h3>Questions que vous vous posez (et auxquelles on r\u00e9pond avec le sourire)<\/h3>\n<ul>\n<li><b>Le roi d\u2019Espagne est-il vraiment petit ?<\/b> Oui, mais il a prouv\u00e9 que la taille n\u2019est qu\u2019un d\u00e9tail face \u00e0 l\u2019humour et au charisme.<\/li>\n<li><b>Comment utilise-t-il l\u2019humour dans son r\u00f4le de monarque ?<\/b> Avec des blagues subtiles et de l\u2019autod\u00e9rision, il rend les \u00e9v\u00e9nements officiels plus l\u00e9gers sans perdre en dignit\u00e9.<\/li>\n<li><b>Pourquoi est-ce important pour un roi d\u2019\u00eatre dr\u00f4le ?<\/b> Parce que l\u2019humour rapproche, d\u00e9sarme et montre une humanit\u00e9 qui transcende les titres et les couronnes.<\/li>\n<\/ul>\n","protected":false},"excerpt":{"rendered":"<p>La taille du roi d&rsquo;Espagne : un myst\u00e8re royal qui fait grand bruit Depuis des ann\u00e9es, la taille du roi d&rsquo;Espagne, Felipe VI, alimente les conversations les plus improbables. 1,97 m\u00e8tre, c\u2019est la mesure officielle qui circule, mais est-ce vraiment la v\u00e9rit\u00e9 ? Certains sceptiques, arm\u00e9s de leurs calculs savants et de leurs photos soigneusement&#8230;<\/p>\n","protected":false},"author":1,"featured_media":0,"comment_status":"","ping_status":"","sticky":false,"template":"","format":"standard","meta":{"_kad_post_transparent":"","_kad_post_title":"","_kad_post_layout":"","_kad_post_sidebar_id":"","_kad_post_content_style":"","_kad_post_vertical_padding":"","_kad_post_feature":"","_kad_post_feature_position":"","_kad_post_header":false,"_kad_post_footer":false,"_kad_post_classname":"","iawp_total_views":24,"footnotes":""},"categories":[28],"tags":[],"class_list":["post-4383","post","type-post","status-publish","format-standard","hentry","category-personnalites"],"_links":{"self":[{"href":"https:\/\/www.dmoz.fr\/tendances\/wp-json\/wp\/v2\/posts\/4383","targetHints":{"allow":["GET"]}}],"collection":[{"href":"https:\/\/www.dmoz.fr\/tendances\/wp-json\/wp\/v2\/posts"}],"about":[{"href":"https:\/\/www.dmoz.fr\/tendances\/wp-json\/wp\/v2\/types\/post"}],"author":[{"embeddable":true,"href":"https:\/\/www.dmoz.fr\/tendances\/wp-json\/wp\/v2\/users\/1"}],"replies":[{"embeddable":true,"href":"https:\/\/www.dmoz.fr\/tendances\/wp-json\/wp\/v2\/comments?post=4383"}],"version-history":[{"count":0,"href":"https:\/\/www.dmoz.fr\/tendances\/wp-json\/wp\/v2\/posts\/4383\/revisions"}],"wp:attachment":[{"href":"https:\/\/www.dmoz.fr\/tendances\/wp-json\/wp\/v2\/media?parent=4383"}],"wp:term":[{"taxonomy":"category","embeddable":true,"href":"https:\/\/www.dmoz.fr\/tendances\/wp-json\/wp\/v2\/categories?post=4383"},{"taxonomy":"post_tag","embeddable":true,"href":"https:\/\/www.dmoz.fr\/tendances\/wp-json\/wp\/v2\/tags?post=4383"}],"curies":[{"name":"wp","href":"https:\/\/api.w.org\/{rel}","templated":true}]}}