{"id":4441,"date":"2025-05-05T17:11:22","date_gmt":"2025-05-05T16:11:22","guid":{"rendered":"https:\/\/www.dmoz.fr\/tendances\/taille-vitinha\/"},"modified":"2025-05-05T17:11:22","modified_gmt":"2025-05-05T16:11:22","slug":"taille-vitinha","status":"publish","type":"post","link":"https:\/\/www.dmoz.fr\/tendances\/taille-vitinha\/","title":{"rendered":"D\u00e9couvrez la taille vitinha\u00a0: le secret pour un style unique et \u00e9l\u00e9gant\u00a0!"},"content":{"rendered":"<p><\/p>\n<div id='video-container' data-video-id='PylETAiv_rw' style='width:100%; height:auto; max-width:587px; position: relative;'>\n<div class='image-video-plugin' style='background:url(\"https:\/\/img.youtube.com\/vi\/PylETAiv_rw\/0.jpg\") center no-repeat; background-size: cover;'><\/div>\n<p>        <span class='youtube-play-button'><\/span><br \/>\n        <noscript><a href=\"https:\/\/www.youtube.com\/watch?v=PylETAiv_rw\" target=\"_blank\" rel=\"noopener\"><\/a><\/noscript>\n    <\/div>\n<p><\/p>\n<h2>La taille vitinha : une question existentielle (ou presque)<\/h2>\n<p>La taille vitinha, voil\u00e0 un sujet qui, \u00e0 premi\u00e8re vue, semble anodin, mais qui, en r\u00e9alit\u00e9, peut d\u00e9clencher des d\u00e9bats aussi passionn\u00e9s que ceux sur l\u2019origine de la tarte Tatin. Pourquoi ? Parce que, mes amis, la taille vitinha, c\u2019est bien plus qu\u2019une simple question de centim\u00e8tres. C\u2019est une affaire de style, de confort, et surtout, de philosophie. Imaginez : vous \u00eates l\u00e0, devant votre miroir, en train de vous demander si cette vitinha est trop courte, trop longue, ou juste parfaite. Et l\u00e0, c\u2019est le drame. Vous r\u00e9alisez que cette d\u00e9cision va influencer votre journ\u00e9e, votre humeur, et peut-\u00eatre m\u00eame votre destin\u00e9e. Oui, la taille vitinha, c\u2019est un peu comme choisir entre un croissant et une chocolatine : \u00e7a semble simple, mais \u00e7a peut vite devenir une crise existentielle.  <\/p>\n<p>Et puis, il y a les autres. Ceux qui jugent, qui commentent, qui vous lancent des regards d\u00e9sapprobateurs parce que, selon eux, votre vitinha n\u2019est pas \u00e0 la bonne taille. \u00ab Trop court, \u00e7a fait n\u00e9glig\u00e9 \u00bb, \u00ab Trop long, \u00e7a fait vieux jeu \u00bb. Mais au fond, qui a d\u00e9cid\u00e9 de ces r\u00e8gles ? Qui a d\u00e9cr\u00e9t\u00e9 que la taille vitinha devait \u00eatre ni trop ceci, ni trop cela ? C\u2019est l\u00e0 que la question devient philosophique. La taille vitinha, c\u2019est une m\u00e9taphore de la vie : il faut trouver le juste milieu, sans se laisser influencer par les diktats de la soci\u00e9t\u00e9. Alors, la prochaine fois que vous vous poserez la question, rappelez-vous : la taille vitinha, c\u2019est avant tout une affaire personnelle.  <\/p>\n<h3>Des questions ? On a les r\u00e9ponses (ou presque)<\/h3>\n<p><b>Pourquoi la taille vitinha est-elle si importante ?<\/b><br \/>\nParce que, comme le disait un grand philosophe (ou peut-\u00eatre juste un tailleur), \u00ab la taille, c\u2019est le d\u00e9tail qui fait la diff\u00e9rence \u00bb. Une vitinha bien ajust\u00e9e, c\u2019est le secret d\u2019un look r\u00e9ussi.  <\/p>\n<p><b>Comment choisir la bonne taille vitinha ?<\/b><br \/>\nC\u2019est simple : \u00e9coutez votre c\u0153ur (et un peu votre miroir aussi). Si vous vous sentez bien, c\u2019est que c\u2019est la bonne taille.  <\/p>\n<p><b>Et si je me trompe de taille vitinha ?<\/b><br \/>\nPas de panique ! La vie est faite d\u2019essais et d\u2019erreurs. Et puis, comme on dit, \u00ab mieux vaut une vitinha mal taill\u00e9e qu\u2019une vie mal v\u00e9cue \u00bb.  <\/p>\n<p><b>La taille vitinha, c\u2019est vraiment une question existentielle ?<\/b><br \/>\nOui, et non. C\u2019est surtout une question de perspective. Mais si vous voulez en faire une qu\u00eate spirituelle, libre \u00e0 vous. Apr\u00e8s tout, la vie est trop courte pour porter une vitinha qui ne vous ressemble pas.[aib_post_related url=&rsquo;\/tendances\/arthur-leclerc-copine\/&rsquo; title=&rsquo;Arthur Leclerc et sa copine\u00a0: d\u00e9couvrez leur histoire secr\u00e8te\u00a0!&rsquo; relatedtext=&rsquo;Vous pourriez \u00e9galement \u00eatre int\u00e9ress\u00e9 par:&rsquo;]<\/p>\n<h2>Taille vitinha : petit mais costaud, comme votre ego<\/h2>\n<p>La <b>taille vitinha<\/b>, c\u2019est un peu comme votre ego : compacte, mais ind\u00e9niablement puissante. On pourrait croire qu\u2019elle se cache dans l\u2019ombre des grands formats, mais d\u00e9trompez-vous, elle sait se faire remarquer. Avec son allure modeste, elle d\u00e9fie les attentes et prouve que la grandeur ne se mesure pas en centim\u00e8tres. Que ce soit dans un appartement parisien ou une maison de campagne, elle s\u2019adapte, s\u2019impose et devient rapidement l\u2019\u00e9l\u00e9ment central de la pi\u00e8ce. <b>Petite mais costaude<\/b>, elle est l\u00e0 pour rappeler que la taille n\u2019a rien \u00e0 voir avec l\u2019impact.  <\/p>\n<p>Et puis, avouons-le, la <b>taille vitinha<\/b> a ce petit quelque chose qui fait sourire. Elle est comme ce pote qui se croit plus grand qu\u2019il n\u2019est, mais qui finit par vous convaincre qu\u2019il a raison. Elle ne prend pas de place, mais elle occupe l\u2019espace avec une assurance d\u00e9concertante. Que vous soyez minimaliste ou adepte du \u00ab\u00a0toujours plus\u00a0\u00bb, elle vous s\u00e9duira par son charme discret et sa robustesse inattendue. <b>Un vrai paradoxe vivant<\/b>, ou plut\u00f4t, un paradoxe qui vit dans votre salon.  <\/p>\n<p>[aib_post_related url=&rsquo;\/tendances\/taille-roi-despagne\/&rsquo; title=&rsquo;La taille du roi d\u2019Espagne\u00a0: ce que vous ignorez sur sa stature royale&rsquo; relatedtext=&rsquo;Vous pourriez \u00e9galement \u00eatre int\u00e9ress\u00e9 par:&rsquo;]<\/p>\n<h3>Questions que vous vous posez (et qu\u2019on a devin\u00e9es)<\/h3>\n<ul>\n<li><b>La taille vitinha, c\u2019est vraiment pratique\u00a0?<\/b> Absolument\u00a0! Elle s\u2019int\u00e8gre partout sans sacrifier l\u2019efficacit\u00e9. Un vrai tour de force.<\/li>\n<li><b>Est-ce qu\u2019elle tient la route face aux plus grands mod\u00e8les\u00a0?<\/b> Sans h\u00e9siter. Elle rivalise sans complexe avec ses concurrents XXL.<\/li>\n<li><b>Et si j\u2019ai besoin de plus d\u2019espace\u00a0?<\/b> Pas de panique, la taille vitinha est maline et sait optimiser chaque centim\u00e8tre.<\/li>\n<\/ul>\n","protected":false},"excerpt":{"rendered":"<p>La taille vitinha : une question existentielle (ou presque) La taille vitinha, voil\u00e0 un sujet qui, \u00e0 premi\u00e8re vue, semble anodin, mais qui, en r\u00e9alit\u00e9, peut d\u00e9clencher des d\u00e9bats aussi passionn\u00e9s que ceux sur l\u2019origine de la tarte Tatin. Pourquoi ? Parce que, mes amis, la taille vitinha, c\u2019est bien plus qu\u2019une simple question de&#8230;<\/p>\n","protected":false},"author":1,"featured_media":4442,"comment_status":"","ping_status":"","sticky":false,"template":"","format":"standard","meta":{"_kad_post_transparent":"","_kad_post_title":"","_kad_post_layout":"","_kad_post_sidebar_id":"","_kad_post_content_style":"","_kad_post_vertical_padding":"","_kad_post_feature":"","_kad_post_feature_position":"","_kad_post_header":false,"_kad_post_footer":false,"_kad_post_classname":"","iawp_total_views":1,"footnotes":""},"categories":[28],"tags":[],"class_list":["post-4441","post","type-post","status-publish","format-standard","has-post-thumbnail","hentry","category-personnalites"],"_links":{"self":[{"href":"https:\/\/www.dmoz.fr\/tendances\/wp-json\/wp\/v2\/posts\/4441","targetHints":{"allow":["GET"]}}],"collection":[{"href":"https:\/\/www.dmoz.fr\/tendances\/wp-json\/wp\/v2\/posts"}],"about":[{"href":"https:\/\/www.dmoz.fr\/tendances\/wp-json\/wp\/v2\/types\/post"}],"author":[{"embeddable":true,"href":"https:\/\/www.dmoz.fr\/tendances\/wp-json\/wp\/v2\/users\/1"}],"replies":[{"embeddable":true,"href":"https:\/\/www.dmoz.fr\/tendances\/wp-json\/wp\/v2\/comments?post=4441"}],"version-history":[{"count":0,"href":"https:\/\/www.dmoz.fr\/tendances\/wp-json\/wp\/v2\/posts\/4441\/revisions"}],"wp:featuredmedia":[{"embeddable":true,"href":"https:\/\/www.dmoz.fr\/tendances\/wp-json\/wp\/v2\/media\/4442"}],"wp:attachment":[{"href":"https:\/\/www.dmoz.fr\/tendances\/wp-json\/wp\/v2\/media?parent=4441"}],"wp:term":[{"taxonomy":"category","embeddable":true,"href":"https:\/\/www.dmoz.fr\/tendances\/wp-json\/wp\/v2\/categories?post=4441"},{"taxonomy":"post_tag","embeddable":true,"href":"https:\/\/www.dmoz.fr\/tendances\/wp-json\/wp\/v2\/tags?post=4441"}],"curies":[{"name":"wp","href":"https:\/\/api.w.org\/{rel}","templated":true}]}}