{"id":4507,"date":"2025-05-06T16:39:12","date_gmt":"2025-05-06T15:39:12","guid":{"rendered":"https:\/\/www.dmoz.fr\/tendances\/felipe-vi-taille\/"},"modified":"2025-05-06T16:39:12","modified_gmt":"2025-05-06T15:39:12","slug":"felipe-vi-taille","status":"publish","type":"post","link":"https:\/\/www.dmoz.fr\/tendances\/felipe-vi-taille\/","title":{"rendered":"Felipe VI taille\u00a0: d\u00e9couvrez la v\u00e9rit\u00e9 sur sa stature impressionnante\u00a0!"},"content":{"rendered":"<p><\/p>\n<div id='video-container' data-video-id='FWEhc9mr4sI' style='width:100%; height:auto; max-width:587px; position: relative;'>\n<div class='image-video-plugin' style='background:url(\"https:\/\/img.youtube.com\/vi\/FWEhc9mr4sI\/0.jpg\") center no-repeat; background-size: cover;'><\/div>\n<p>        <span class='youtube-play-button'><\/span><br \/>\n        <noscript><a href=\"https:\/\/www.youtube.com\/watch?v=FWEhc9mr4sI\" target=\"_blank\" rel=\"noopener\"><\/a><\/noscript>\n    <\/div>\n<p><\/p>\n<h2>Felipe vi taille : le roi qui mesure bien plus que sa hauteur<\/h2>\n<p>Felipe VI, roi d\u2019Espagne, est souvent mesur\u00e9 \u00e0 sa hauteur physique \u2013 1,97 m\u00e8tre, pour \u00eatre pr\u00e9cis \u2013 mais ce serait une erreur de r\u00e9duire son r\u00e8gne \u00e0 une simple question de centim\u00e8tres. <b>Ce monarque moderne incarne bien plus qu\u2019une stature imposante<\/b> : il repr\u00e9sente une vision d\u2019unit\u00e9, de modernit\u00e9 et de stabilit\u00e9 dans un pays aux identit\u00e9s multiples. Depuis son accession au tr\u00f4ne en 2014, Felipe VI a su naviguer avec finesse entre tradition et innovation, prouvant que sa \u00ab taille \u00bb politique et morale d\u00e9passe largement celle de ses chaussures.  <\/p>\n<p>Dans un monde o\u00f9 les monarchies sont souvent critiqu\u00e9es pour leur d\u00e9connexion avec la r\u00e9alit\u00e9, Felipe VI a choisi une autre voie. <b>Il a su se positionner comme un symbole de transparence et de proximit\u00e9<\/b>, notamment en prenant des d\u00e9cisions courageuses pour moderniser l\u2019institution royale. Que ce soit en r\u00e9duisant son salaire, en renfor\u00e7ant les contr\u00f4les financiers ou en s\u2019exprimant clairement lors des crises politiques, il montre que sa \u00ab taille \u00bb n\u2019est pas qu\u2019une question de physique, mais bien de leadership.  <\/p>\n<h3>Felipe vi : un roi qui ne se laisse pas mesurer \u00e0 l\u2019aune des apparences<\/h3>\n<p>Si on parle souvent de sa taille, c\u2019est parce qu\u2019elle est ind\u00e9niablement impressionnante. Mais <b>Felipe VI a su transformer cette caract\u00e9ristique physique en un atout symbolique<\/b>. Lorsqu\u2019il appara\u00eet en public, sa pr\u00e9sence inspire respect et confiance, mais c\u2019est surtout son discours et ses actions qui marquent les esprits. En effet, il a su s\u2019adapter aux d\u00e9fis du XXIe si\u00e8cle, en pla\u00e7ant la modernisation et la transparence au c\u0153ur de son r\u00e8gne.  <\/p>\n<h3>La taille de Felipe VI : un d\u00e9tail qui en dit long<\/h3>\n<p>Au-del\u00e0 des chiffres, la \u00ab taille \u00bb de Felipe VI se mesure aussi \u00e0 son engagement envers son pays. <b>Il a su incarner une monarchie moderne<\/b>, en phase avec les attentes des citoyens, tout en respectant les traditions qui font partie de l\u2019histoire espagnole. Son approche pragmatique et son sens aigu des responsabilit\u00e9s montrent qu\u2019il ne se contente pas de \u00ab faire de la figuration \u00bb : il agit, il inspire, il rassemble.  <\/p>\n<h3>Questions que vous vous posez sur Felipe VI et sa \u00ab taille \u00bb<\/h3>\n<p><b>Pourquoi parle-t-on autant de la taille de Felipe VI ?<\/b><br \/>\nParce qu\u2019elle est impressionnante, mais surtout parce qu\u2019elle symbolise sa pr\u00e9sence et son leadership. <b>Un roi qui se tient droit, c\u2019est un roi qui inspire confiance<\/b>.  <\/p>\n<p><b>Comment Felipe VI utilise-t-il sa stature pour renforcer son image ?<\/b><br \/>\nEn combinant sa pr\u00e9sence physique avec des actions concr\u00e8tes. <b>Il ne se contente pas d\u2019\u00eatre grand, il agit en cons\u00e9quence<\/b>, en modernisant la monarchie et en r\u00e9pondant aux attentes des Espagnols.  <\/p>\n<p><b>La taille de Felipe VI a-t-elle un impact sur son r\u00f4le de roi ?<\/b><br \/>\nIndirectement, oui. <b>Sa stature physique renforce son image d\u2019autorit\u00e9<\/b>, mais c\u2019est surtout son engagement et sa vision qui font de lui un monarque respect\u00e9.  <\/p>\n<p><b>Felipe VI est-il le plus grand roi d\u2019Espagne ?<\/b><br \/>\nEn termes de taille, oui. <b>Mais c\u2019est surtout sa vision et son leadership qui le distinguent<\/b> dans l\u2019histoire r\u00e9cente de la monarchie espagnole.[aib_post_related url=&rsquo;\/tendances\/moulay-hassan-et-sa-copine\/&rsquo; title=&rsquo;Moulay Hassan et sa copine\u00a0: d\u00e9couvrez leur histoire secr\u00e8te\u00a0!&rsquo; relatedtext=&rsquo;Vous pourriez \u00e9galement \u00eatre int\u00e9ress\u00e9 par:&rsquo;]<\/p>\n<h2>Felipe vi taille : quand la couronne ajoute quelques centim\u00e8tres<\/h2>\n<p>Ah, Felipe VI et sa taille, un sujet qui fait couler autant d\u2019encre que les d\u00e9crets royaux. Le roi d\u2019Espagne, mesurant officiellement 1,97 m\u00e8tre, semble avoir \u00e9t\u00e9 taill\u00e9 sur mesure pour le tr\u00f4ne. Mais est-ce vraiment la nature qui l\u2019a dot\u00e9 de cette stature impressionnante, ou bien la couronne qui lui ajoute discr\u00e8tement quelques centim\u00e8tres ? On pourrait presque imaginer un atelier secret dans le palais de la Zarzuela, o\u00f9 des artisans s\u2019activent \u00e0 ajuster la hauteur de la couronne pour maximiser l\u2019effet \u00ab\u00a0wouah\u00a0\u00bb lors des apparitions publiques.  <\/p>\n<p>D\u2019ailleurs, si on y r\u00e9fl\u00e9chit bien, la taille d\u2019un monarque n\u2019est jamais anodine. Elle envoie un message subliminal : \u00ab\u00a0Regardez-moi, je domine litt\u00e9ralement la pi\u00e8ce.\u00a0\u00bb Felipe VI, avec ses presque deux m\u00e8tres, incarne cette id\u00e9e \u00e0 la perfection. Mais attention, il ne s\u2019agit pas de n\u2019importe quelle taille, c\u2019est une taille royale, donc forc\u00e9ment plus grande que celle du commun des mortels. Et si jamais vous croisez le roi dans la rue, n\u2019oubliez pas de lever les yeux\u2026 et peut-\u00eatre de vous \u00e9tirer un peu avant, histoire de ne pas para\u00eetre trop insignifiant.  <\/p>\n<p>[aib_post_related url=&rsquo;\/tendances\/francois-bayrou-famille\/&rsquo; title=&rsquo;Fran\u00e7ois Bayrou et sa famille\u00a0: d\u00e9couvrez les secrets m\u00e9connus de leur vie priv\u00e9e&rsquo; relatedtext=&rsquo;Vous pourriez \u00e9galement \u00eatre int\u00e9ress\u00e9 par:&rsquo;]<\/p>\n<h3>Comment Felipe VI domine-t-il la sc\u00e8ne royale ?<\/h3>\n<p>La r\u00e9ponse est simple : il se tient droit. Tr\u00e8s droit. Et il porte des chaussures qui, probablement, ont \u00e9t\u00e9 con\u00e7ues par un cordonnier ayant \u00e9tudi\u00e9 la physique des talons. Mais au-del\u00e0 de l\u2019aspect vestimentaire, c\u2019est son port altier qui impressionne. On dirait qu\u2019il a pass\u00e9 des heures devant un miroir \u00e0 r\u00e9p\u00e9ter : \u00ab\u00a0Je suis le roi, je suis grand, je suis impressionnant.\u00a0\u00bb Et \u00e7a marche.  <\/p>\n<h3>La couronne, un accessoire qui grandit ?<\/h3>\n<p>Si on en croit les rumeurs, la couronne d\u2019Espagne aurait des propri\u00e9t\u00e9s magiques, notamment celle d\u2019ajouter quelques centim\u00e8tres \u00e0 celui qui la porte. Bon, c\u2019est peut-\u00eatre exag\u00e9r\u00e9, mais il est vrai que le symbole de la royaut\u00e9 a tendance \u00e0 rehausser (au sens propre comme au figur\u00e9) celui qui le porte. Alors, si vous cherchez \u00e0 gagner en stature, peut-\u00eatre devriez-vous envisager de vous coiffer d\u2019une couronne\u2026 ou au moins d\u2019un chapeau tr\u00e8s haut.  <\/p>\n<h3>Les secrets de la stature royale<\/h3>\n<p>Voici quelques astuces que Felipe VI pourrait partager (s\u2019il \u00e9tait un coach en d\u00e9veloppement personnel) :  <\/p>\n<ul>\n<li><b>La posture<\/b> : toujours se tenir droit, comme si un fil invisible vous tirait vers le ciel.<\/li>\n<li><b>Les chaussures<\/b> : opter pour des mod\u00e8les qui ajoutent discr\u00e8tement un ou deux centim\u00e8tres.<\/li>\n<li><b>La confiance<\/b> : marcher comme si le monde vous appartenait (ce qui, dans son cas, est presque vrai).<\/li>\n<\/ul>\n<p>[aib_post_related url=&rsquo;\/tendances\/bob-lennon-copine\/&rsquo; title=&rsquo;Bob Lennon et sa copine\u00a0: d\u00e9couvrez leur histoire secr\u00e8te\u00a0!&rsquo; relatedtext=&rsquo;Vous pourriez \u00e9galement \u00eatre int\u00e9ress\u00e9 par:&rsquo;]<\/p>\n<h3>Questions que vous vous posez (mais que vous n\u2019osiez pas demander)<\/h3>\n<p><b>Felipe VI est-il vraiment aussi grand qu\u2019on le dit ?<\/b><br \/>\nOui, et m\u00eame un peu plus. La couronne a ce petit quelque chose qui amplifie tout.  <\/p>\n<p><b>Peut-on atteindre une telle stature sans \u00eatre roi ?<\/b><br \/>\nC\u2019est possible, mais il faudra probablement investir dans des talons hauts et un cours de maintien intensif.  <\/p>\n<p><b>La couronne d\u2019Espagne est-elle disponible en taille ajustable ?<\/b><br \/>\nMalheureusement, non. Mais si vous en trouvez une, faites-nous signe.  <\/p>\n<p>En r\u00e9sum\u00e9, Felipe VI et sa taille sont un parfait exemple de comment un accessoire (et un peu de g\u00e9n\u00e9tique) peut transformer un homme en symbole de puissance. Alors, la prochaine fois que vous le verrez sur un \u00e9cran, rappelez-vous : ce n\u2019est pas juste un roi, c\u2019est un roi qui a compris que la taille, \u00e7a compte.<\/p>\n","protected":false},"excerpt":{"rendered":"<p>Felipe vi taille : le roi qui mesure bien plus que sa hauteur Felipe VI, roi d\u2019Espagne, est souvent mesur\u00e9 \u00e0 sa hauteur physique \u2013 1,97 m\u00e8tre, pour \u00eatre pr\u00e9cis \u2013 mais ce serait une erreur de r\u00e9duire son r\u00e8gne \u00e0 une simple question de centim\u00e8tres. Ce monarque moderne incarne bien plus qu\u2019une stature imposante&#8230;<\/p>\n","protected":false},"author":1,"featured_media":4508,"comment_status":"","ping_status":"","sticky":false,"template":"","format":"standard","meta":{"_kad_post_transparent":"","_kad_post_title":"","_kad_post_layout":"","_kad_post_sidebar_id":"","_kad_post_content_style":"","_kad_post_vertical_padding":"","_kad_post_feature":"","_kad_post_feature_position":"","_kad_post_header":false,"_kad_post_footer":false,"_kad_post_classname":"","iawp_total_views":45,"footnotes":""},"categories":[28],"tags":[],"class_list":["post-4507","post","type-post","status-publish","format-standard","has-post-thumbnail","hentry","category-personnalites"],"_links":{"self":[{"href":"https:\/\/www.dmoz.fr\/tendances\/wp-json\/wp\/v2\/posts\/4507","targetHints":{"allow":["GET"]}}],"collection":[{"href":"https:\/\/www.dmoz.fr\/tendances\/wp-json\/wp\/v2\/posts"}],"about":[{"href":"https:\/\/www.dmoz.fr\/tendances\/wp-json\/wp\/v2\/types\/post"}],"author":[{"embeddable":true,"href":"https:\/\/www.dmoz.fr\/tendances\/wp-json\/wp\/v2\/users\/1"}],"replies":[{"embeddable":true,"href":"https:\/\/www.dmoz.fr\/tendances\/wp-json\/wp\/v2\/comments?post=4507"}],"version-history":[{"count":0,"href":"https:\/\/www.dmoz.fr\/tendances\/wp-json\/wp\/v2\/posts\/4507\/revisions"}],"wp:featuredmedia":[{"embeddable":true,"href":"https:\/\/www.dmoz.fr\/tendances\/wp-json\/wp\/v2\/media\/4508"}],"wp:attachment":[{"href":"https:\/\/www.dmoz.fr\/tendances\/wp-json\/wp\/v2\/media?parent=4507"}],"wp:term":[{"taxonomy":"category","embeddable":true,"href":"https:\/\/www.dmoz.fr\/tendances\/wp-json\/wp\/v2\/categories?post=4507"},{"taxonomy":"post_tag","embeddable":true,"href":"https:\/\/www.dmoz.fr\/tendances\/wp-json\/wp\/v2\/tags?post=4507"}],"curies":[{"name":"wp","href":"https:\/\/api.w.org\/{rel}","templated":true}]}}