{"id":4666,"date":"2025-05-08T12:14:20","date_gmt":"2025-05-08T11:14:20","guid":{"rendered":"https:\/\/www.dmoz.fr\/tendances\/le-pape-francois-a-t-il-des-enfants\/"},"modified":"2025-05-08T12:14:20","modified_gmt":"2025-05-08T11:14:20","slug":"le-pape-francois-a-t-il-des-enfants","status":"publish","type":"post","link":"https:\/\/www.dmoz.fr\/tendances\/le-pape-francois-a-t-il-des-enfants\/","title":{"rendered":"Le pape Fran\u00e7ois a-t-il des enfants\u202f? La r\u00e9ponse \u00e9tonnante qui divise les croyants et intrigue le monde"},"content":{"rendered":"<p><\/p>\n<div id='video-container' data-video-id='ZsmsxjKf-x8' style='width:100%; height:auto; max-width:587px; position: relative;'>\n<div class='image-video-plugin' style='background:url(\"https:\/\/img.youtube.com\/vi\/ZsmsxjKf-x8\/0.jpg\") center no-repeat; background-size: cover;'><\/div>\n<p>        <span class='youtube-play-button'><\/span><br \/>\n        <noscript><a href=\"https:\/\/www.youtube.com\/watch?v=ZsmsxjKf-x8\" target=\"_blank\" rel=\"noopener\"><\/a><\/noscript>\n    <\/div>\n<p><\/p>\n<h2>Le pape fran\u00e7ois a-t-il des enfants ? on a enqu\u00eat\u00e9 (spoiler : il a adopt\u00e9 un pingouin au vatican)<\/h2>\n<h3>la r\u00e9v\u00e9lation du si\u00e8cle : un pingouin en soutane<\/h3>\n<p>Alors, le pape Fran\u00e7ois aurait-il des enfants cach\u00e9s entre deux chapelets et une encyclique ? <b>Spoiler alert<\/b> : non. Mais attendez, l\u2019histoire ne s\u2019arr\u00eate pas l\u00e0. Notre enqu\u00eate exclusive r\u00e9v\u00e8le qu\u2019il a adopt\u00e9\u2026 un pingouin. Oui, vous avez bien lu. Un manchot papou du nom de \u00ab\u00a0P\u00e9pino\u00a0\u00bb, d\u00e9couvert lors d\u2019un voyage en Antarctique en 2017. Selon des sources *tr\u00e8s s\u00e9rieuses* (un garde suisse qui pr\u00e9f\u00e8re rester anonyme, mais dont on sait qu\u2019il a un faible pour les blagues), le souverain pontife aurait d\u00e9clar\u00e9 : \u00ab\u00a0*Dieu a cr\u00e9\u00e9 tous les \u00eatres vivants, m\u00eame ceux qui glissent mieux sur le marbre que sur la glace.*\u00a0\u00bb  <\/p>\n<p><b>Preuves accablantes (ou presque) :<\/b>  <\/p>\n<ul>\n<li>Des traces de poisson dans la biblioth\u00e8que vaticane.<\/li>\n<li>Une photo floue d\u2019une cr\u00e9ature en noir et blanc pr\u00e8s de la chapelle Sixtine (non, ce n\u2019est pas un cardinal en tenue d\u2019hiver).<\/li>\n<li>Un tweet supprim\u00e9 du compte @Pontifex_fr : \u00ab\u00a0B\u00e9nis soient les nageurs maladroits. #PingouinLife\u00a0\u00bb.<\/li>\n<\/ul>\n<h3>pourquoi un pingouin ? la r\u00e9ponse est\u2026 divine<\/h3>\n<p>Interrog\u00e9 sur ce choix *un peu excentrique*, le pape aurait r\u00e9pliqu\u00e9 : \u00ab\u00a0*L\u2019amour ne conna\u00eet pas les esp\u00e8ces, seulement les c\u0153urs qui battent\u2026 et les ailerons qui gigotent.*\u00a0\u00bb Certains th\u00e9ologiens y voient une m\u00e9taphore de l\u2019\u00c9glise : <b>marche lentement, porte un habit solennel, et \u00e9vite de tomber sur la glace des scandales<\/b>. D\u2019autres soup\u00e7onnent simplement un coup de pub pour remplacer les colombes de la paix, trop volatiles (et nettement moins rigolotes en r\u00e9union).  <\/p>\n<p><b>Le quotidien de P\u00e9pino au Vatican :<\/b>  <\/p>\n<ul>\n<li>07h00 : Petit-d\u00e9j\u2019 au hareng b\u00e9ni.<\/li>\n<li>10h30 : S\u00e9ance de glisse sur le parvis de Saint-Pierre (interdite aux cardinaux, \u00e7a donne des id\u00e9es).<\/li>\n<li>15h00 : Sieste dans la salle des archives secr\u00e8tes (il adore les vieux dossiers\u2026 comme coussin).<\/li>\n<\/ul>\n<h3>les questions qui br\u00fblent les l\u00e8vres (m\u00eame si vous n\u2019osiez pas les poser)<\/h3>\n<p><b>\u00ab\u00a0Est-ce que le pingouin a un parrain en cas de crise existentielle ?\u00a0\u00bb<\/b><br \/>\nR\u00e9ponse : Oui. Un moine franciscain sp\u00e9cialis\u00e9 en\u2026 poissons philosophiques.  <\/p>\n<p><b>\u00ab\u00a0Et si P\u00e9pino croise un ours polaire en visite diplomatique ?\u00a0\u00bb<\/b><br \/>\nR\u00e9ponse : Le protocole vatican pr\u00e9voit un \u00e9change de cadeaux : un saumon fum\u00e9 contre une b\u00e9n\u00e9diction plurilingue.  <\/p>\n<p><b>\u00ab\u00a0Est-il vrai qu\u2019il a failli devenir saint patron des glaciers ?\u00a0\u00bb<\/b><br \/>\nR\u00e9ponse : On murmure qu\u2019il a battu saint Bernard de Montjoux \u00e0 plate couture lors du vote\u2026 mais le dossier est rest\u00e9 gel\u00e9.  <\/p>\n<h3>alors, enfants ou pas enfants ?<\/h3>\n<p>Si on parle de descendants biologiques, c\u2019est <b>non, niet, nada<\/b>. Mais spirituellement, le pape Fran\u00e7ois a 1,3 milliard d\u2019enfants\u2026 plus un certain volatile \u00e0 plumes. D\u2019ailleurs, P\u00e9pino aurait d\u00e9j\u00e0 appris \u00e0 faire le signe de croix avec ses nageoires. Enfin, *\u00e0 peu pr\u00e8s*. Restez vigilants : la prochaine r\u00e9v\u00e9lation pourrait concerner un koala sacristain.[aib_post_related url=&rsquo;\/tendances\/comment-guerir-de-la-depression\/&rsquo; title=&rsquo;D\u00e9couvrez comment gu\u00e9rir de la d\u00e9pression\u00a0: les m\u00e9thodes efficaces qui redonnent espoir\u00a0!&rsquo; relatedtext=&rsquo;Vous pourriez \u00e9galement \u00eatre int\u00e9ress\u00e9 par:&rsquo;]<\/p>\n<h2>Enfants du pape fran\u00e7ois : le vatican r\u00e9pond enfin avec un meme (et un peu de sainte patience)<\/h2>\n<p>Alors que les rumeurs sur les \u00ab enfants cach\u00e9s du pape \u00bb tournaient plus vite qu\u2019un chapelet dans les doigts d\u2019un s\u00e9minariste en retard \u00e0 la messe, le Vatican a choisi l\u2019arme supr\u00eame du XXI\u1d49 si\u00e8cle : <b>le meme<\/b>. Post\u00e9 sur un compte officiel *tr\u00e8s* discret (parce que oui, m\u00eame le Saint-Si\u00e8ge a un stagiaire qui conna\u00eet TikTok), ce visuel combine un montage de Fran\u00e7ois souriant avec la l\u00e9gende : *\u00ab Quand on te demande si t\u2019as des enfants, mais que t\u2019es pape depuis 2013 \u00bb*. Spoiler : la r\u00e9ponse est escort\u00e9e d\u2019un gif de saint Pierre qui se tape le front. <b>\u00c7a, c\u2019est de la communication sacr\u00e9e<\/b> \u2013 avec une pointe d\u2019emphase sur le #SaintePatience.  <\/p>\n<p>D\u00e9cryptage du meme en mode *ex\u00e9g\u00e8se 2.0* : entre la photo du pape en mode \u00ab calme-toi, Judith \u00bb, un halo de lumi\u00e8re fa\u00e7on filtre Instagram, et un hashtag #ToutEstGr\u00e2ce (mais #PasDEnfantsMerci), le Vatican prouve qu\u2019il ma\u00eetrise l\u2019art de la punchline divine. <b>On notera aussi<\/b> :  <\/p>\n<ul>\n<li>Un clin d\u2019\u0153il aux th\u00e9ories complotistes, trait\u00e9es avec l\u2019efficacit\u00e9 d\u2019un b\u00e9nitier renvers\u00e9 sur un smartphone.<\/li>\n<li>La mention *\u00ab priez, ne d\u00e9lirez pas \u00bb* en bas \u00e0 droite, version moderne du *\u00ab priez et cessez de p\u00e9cher \u00bb*.<\/li>\n<li>Un appel discret \u00e0 suivre @VaticanMemeTeam \u2013 oui, \u00e7a existe, non, on ne rit pas (si, un peu).<\/li>\n<\/ul>\n<p>[aib_post_related url=&rsquo;\/tendances\/chanson-quand-je-suis-loin-de-lui\/&rsquo; title=&rsquo;Quand je suis loin de lui : la chanson qui r\u00e9sonne dans votre absence\u2026&rsquo; relatedtext=&rsquo;Vous pourriez \u00e9galement \u00eatre int\u00e9ress\u00e9 par:&rsquo;]<\/p>\n<h3>le vatican fait son coming-out m\u00e9m\u00e9tique (avec b\u00e9n\u00e9diction du Saint-Esprit wifi)<\/h3>\n<p>Apr\u00e8s des si\u00e8cles d\u2019encycliques \u00e9crites \u00e0 la plume, l\u2019\u00c9glise opte pour le langage universel des millennials : <b>l\u2019humour v\u00e9n\u00e8re<\/b>. Le service com\u2019 du Vatican, probablement assist\u00e9 par un ange geek porteur de latte macchiato, a choisi de r\u00e9pondre aux rumeurs en\u2026 *d\u00e9tournant un template de meme utilis\u00e9 par les ado*. <b>Saint Augustin<\/b>, dans *Les Confessions*, n\u2019avait pas anticip\u00e9 ce niveau de storytelling.  <\/p>\n<h3>les ingr\u00e9dients du meme papal : entre saintet\u00e9 et viralit\u00e9<\/h3>\n<p>Pour r\u00e9ussir un meme eccl\u00e9siastique certifi\u00e9 <b>#HeavenApproved<\/b>, il faut :<br \/>\n<b>1.<\/b> Une dose de sarcasme biblique (cf. J\u00e9sus et les marchands du Temple).<br \/>\n<b>2.<\/b> Un visuel reconnaissable entre mille \u2013 l\u00e0, le sourire du pape, aussi \u00e9nigmatique que la Joconde en soutane.<br \/>\n<b>3.<\/b> Un hashtag qui balance entre le spirituel et le hype \u2013 #SaintePatience, c\u2019est le nouveau #BoomerRemix.  <\/p>\n<p>[aib_post_related url=&rsquo;\/tendances\/piste-bmx-beaune\/&rsquo; title=&rsquo;D\u00e9couvrez la piste BMX de Beaune\u00a0: aventures, adr\u00e9naline et conseils pros\u00a0!&rsquo; relatedtext=&rsquo;Vous pourriez \u00e9galement \u00eatre int\u00e9ress\u00e9 par:&rsquo;]<\/p>\n<h3>on vous dit tout (avec un soup\u00e7on de b\u00e9n\u00e9diction apostolique)<\/h3>\n<p><b>\u00ab Le Vatican a-t-il vraiment un compte meme ? \u00bb<\/b><br \/>\nOui, mais non. En r\u00e9alit\u00e9, c\u2019est un compte officiel *habilit\u00e9 \u00e0 diffuser de la lumi\u00e8re divine\u2026 et des gifs*. On murmure que le mot de passe est \u00ab <b>Amen1234<\/b> \u00bb.  <\/p>\n<p><b>\u00ab Pourquoi ne pas avoir ni\u00e9 clairement ? \u00bb<\/b><br \/>\nParce qu\u2019un bon meme tue une rumeur mieux qu\u2019un communiqu\u00e9 de presse. Et aussi parce que <b>Fran\u00e7ois pr\u00e9f\u00e8re liker des posts sur la protection de l\u2019Amazonie<\/b>.  <\/p>\n<p><b>\u00ab \u00c7a marche, ce genre de strat\u00e9gie ? \u00bb<\/b><br \/>\n\u00c0 en juger par les 100 000 partages en 2 heures, oui. M\u00eame <b>Michel-Ange<\/b> aurait mis un c\u0153ur sur Instagram.  <\/p>\n<p><b>\u00ab Et si le pape a vraiment des enfants, on fait quoi ? \u00bb<\/b><br \/>\nOn relit le meme, on boit un verre d\u2019eau b\u00e9nite, et on file en confession. <b>#D\u00e9sol\u00e9PasD\u00e9sol\u00e9<\/b>.<\/p>\n","protected":false},"excerpt":{"rendered":"<p>Le pape fran\u00e7ois a-t-il des enfants ? on a enqu\u00eat\u00e9 (spoiler : il a adopt\u00e9 un pingouin au vatican) la r\u00e9v\u00e9lation du si\u00e8cle : un pingouin en soutane Alors, le pape Fran\u00e7ois aurait-il des enfants cach\u00e9s entre deux chapelets et une encyclique ? Spoiler alert : non. Mais attendez, l\u2019histoire ne s\u2019arr\u00eate pas l\u00e0. Notre&#8230;<\/p>\n","protected":false},"author":1,"featured_media":4667,"comment_status":"","ping_status":"","sticky":false,"template":"","format":"standard","meta":{"_kad_post_transparent":"","_kad_post_title":"","_kad_post_layout":"","_kad_post_sidebar_id":"","_kad_post_content_style":"","_kad_post_vertical_padding":"","_kad_post_feature":"","_kad_post_feature_position":"","_kad_post_header":false,"_kad_post_footer":false,"_kad_post_classname":"","iawp_total_views":19,"footnotes":""},"categories":[30],"tags":[],"class_list":["post-4666","post","type-post","status-publish","format-standard","has-post-thumbnail","hentry","category-divers"],"_links":{"self":[{"href":"https:\/\/www.dmoz.fr\/tendances\/wp-json\/wp\/v2\/posts\/4666","targetHints":{"allow":["GET"]}}],"collection":[{"href":"https:\/\/www.dmoz.fr\/tendances\/wp-json\/wp\/v2\/posts"}],"about":[{"href":"https:\/\/www.dmoz.fr\/tendances\/wp-json\/wp\/v2\/types\/post"}],"author":[{"embeddable":true,"href":"https:\/\/www.dmoz.fr\/tendances\/wp-json\/wp\/v2\/users\/1"}],"replies":[{"embeddable":true,"href":"https:\/\/www.dmoz.fr\/tendances\/wp-json\/wp\/v2\/comments?post=4666"}],"version-history":[{"count":0,"href":"https:\/\/www.dmoz.fr\/tendances\/wp-json\/wp\/v2\/posts\/4666\/revisions"}],"wp:featuredmedia":[{"embeddable":true,"href":"https:\/\/www.dmoz.fr\/tendances\/wp-json\/wp\/v2\/media\/4667"}],"wp:attachment":[{"href":"https:\/\/www.dmoz.fr\/tendances\/wp-json\/wp\/v2\/media?parent=4666"}],"wp:term":[{"taxonomy":"category","embeddable":true,"href":"https:\/\/www.dmoz.fr\/tendances\/wp-json\/wp\/v2\/categories?post=4666"},{"taxonomy":"post_tag","embeddable":true,"href":"https:\/\/www.dmoz.fr\/tendances\/wp-json\/wp\/v2\/tags?post=4666"}],"curies":[{"name":"wp","href":"https:\/\/api.w.org\/{rel}","templated":true}]}}