{"id":472,"date":"2025-02-10T00:53:40","date_gmt":"2025-02-09T23:53:40","guid":{"rendered":"https:\/\/www.dmoz.fr\/tendances\/mort-a-val-thorens-enquete-sur-une-disparition-mysterieuse\/"},"modified":"2025-02-10T00:53:40","modified_gmt":"2025-02-09T23:53:40","slug":"mort-a-val-thorens-enquete-sur-une-disparition-mysterieuse","status":"publish","type":"post","link":"https:\/\/www.dmoz.fr\/tendances\/mort-a-val-thorens-enquete-sur-une-disparition-mysterieuse\/","title":{"rendered":"Mort \u00e0 Val Thorens : enqu\u00eate sur une disparition myst\u00e9rieuse"},"content":{"rendered":"\n<figure class='wp-block-image size-full'>\n<img width=\"1792\" height=\"1024\" src=\"https:\/\/www.dmoz.fr\/tendances\/wp-content\/uploads\/2025\/02\/Mort-a-Val-Thorens-enquete-sur-une-disparition-mysterieuse.png\" class=\"attachment-full size-full\" alt=\"d\u00e9couvrez l&#039;enqu\u00eate fascinante autour d&#039;une disparition myst\u00e9rieuse \u00e0 val thorens. plongez au c\u0153ur d&#039;une affaire o\u00f9 les secrets et les myst\u00e8res de la montagne se m\u00ealent \u00e0 la trag\u00e9die. suivez les r\u00e9v\u00e9lations qui pourraient changer le cours de l&#039;enqu\u00eate.\" decoding=\"async\" srcset=\"https:\/\/www.dmoz.fr\/tendances\/wp-content\/uploads\/2025\/02\/Mort-a-Val-Thorens-enquete-sur-une-disparition-mysterieuse.png 1792w, https:\/\/www.dmoz.fr\/tendances\/wp-content\/uploads\/2025\/02\/Mort-a-Val-Thorens-enquete-sur-une-disparition-mysterieuse-300x171.png 300w, https:\/\/www.dmoz.fr\/tendances\/wp-content\/uploads\/2025\/02\/Mort-a-Val-Thorens-enquete-sur-une-disparition-mysterieuse-1024x585.png 1024w, https:\/\/www.dmoz.fr\/tendances\/wp-content\/uploads\/2025\/02\/Mort-a-Val-Thorens-enquete-sur-une-disparition-mysterieuse-768x439.png 768w, https:\/\/www.dmoz.fr\/tendances\/wp-content\/uploads\/2025\/02\/Mort-a-Val-Thorens-enquete-sur-une-disparition-mysterieuse-1536x878.png 1536w\" sizes=\"(max-width: 1792px) 100vw, 1792px\" title=\"\">\n<\/figure>\n\n\n\n<p>La station de ski de Val Thorens est connue pour ses pentes enneig\u00e9es et ses paysages idylliques. Pourtant, derri\u00e8re le charme de ce lieu, se cachent des histoires tragiques. R\u00e9cemment, la mort d&rsquo;une jeune skieuse n\u00e9erlandaise, Fleur Arends, lors de son <strong>premier jour de ski<\/strong>, a soulev\u00e9 des questions troublantes sur les <strong>circonstances myst\u00e9rieuses<\/strong> entourant cet incident. Cet article examine les d\u00e9tails de cette affaire d&rsquo;une mani\u00e8re qui, esp\u00e9rons-le, \u00e9claircira certaines zones d&rsquo;ombre.<\/p>\n\n\n<h2 class=\"wp-block-heading\">Une chute fatale sur une piste bleue<\/h2>\n\n\n<p>Le dimanche 2 f\u00e9vrier, \u00e0 Val Thorens, la trag\u00e9die a frapp\u00e9. Fleur Arends, une jeune femme de <strong>21 ans<\/strong>, est tomb\u00e9e alors qu&rsquo;elle d\u00e9valait une <strong>piste bleue<\/strong> r\u00e9put\u00e9e pour \u00eatre accessible m\u00eame aux d\u00e9butants. Quel choix audacieux, n\u2019est-ce pas ? Laissons de c\u00f4t\u00e9 le fait que le <strong>ski<\/strong> peut \u00eatre une activit\u00e9 p\u00e9rilleuse, surtout pour une novice. Tandis que nous r\u00e9fl\u00e9chissons \u00e0 ce jour tragique, il semblerait qu&rsquo;un vent glacial a emport\u00e9 bien plus qu&rsquo;un simple sourire de d\u00e9butant.<\/p>\n\n\n<h2 class=\"wp-block-heading\">Les t\u00e9moins racontent<\/h2>\n\n\n<p>Les premiers t\u00e9moignages des t\u00e9moins pr\u00e9sents sur les lieux d\u00e9crivent une situation pouvant faire fr\u00e9mir d&rsquo;horreur. Fleur aurait gliss\u00e9 \u00e0 une vitesse <strong>\u00e9lev\u00e9e<\/strong> avant de chuter sur le <strong>stade de slalom<\/strong>. Que faire lorsque l&rsquo;on se retrouve sur une piste, en rabotant un peu trop le sol avec sa t\u00eate ? Un accident, mais quel accident ! Les circonstances restaient floues, m\u00eame pour ceux qui regardaient, incr\u00e9dules et en \u00e9tat de choc.<\/p>\n\n\n<h2 class=\"wp-block-heading\">Une enqu\u00eate qui s&rsquo;\u00e9gare<\/h2>\n\n\n<p>Alors que les d\u00e9tails de la chute continuent de troubler l&rsquo;esprit des enqu\u00eateurs, des <strong>questions sur la s\u00e9curit\u00e9 des pistes<\/strong> ont commenc\u00e9 \u00e0 \u00e9merger. La station, c\u00e9l\u00e8bre pour ses \u00e9quipements modernes, pourrait-elle cacher des <strong>d\u00e9faillances<\/strong> ? Et que dire des <strong>protocoles de s\u00e9curit\u00e9<\/strong> ? Faut-il instaurer un r\u00e8glement plus strict pour les skieurs novices ? Les r\u00e9sultats de l&rsquo;enqu\u00eate s&rsquo;annoncent d&rsquo;ores et d\u00e9j\u00e0 cruciaux pour d\u00e9terminer si ce drame aurait pu \u00eatre \u00e9vit\u00e9.<\/p>\n\n\n<h2 class=\"wp-block-heading\">Les r\u00e9percussions d&rsquo;une trag\u00e9die<\/h2>\n\n\n<p>Le d\u00e9c\u00e8s de Fleur a non seulement secou\u00e9 sa famille, mais a \u00e9galement provoqu\u00e9 un toll\u00e9 au sein de la communaut\u00e9 des skieurs et au-del\u00e0. Comment peut-on vivre en sachant qu&rsquo;un bonheur \u00e9ph\u00e9m\u00e8re sur une <strong>piste de ski<\/strong> s&rsquo;est transform\u00e9 en d\u00e9sespoir ? Val Thorens, ce symbole du sport d&rsquo;hiver, devra faire face \u00e0 des critiques croissantes quant \u00e0 sa <strong>responsabilit\u00e9<\/strong> envers ses visiteurs.<\/p>\n\n\n<h2 class=\"wp-block-heading\">Un myst\u00e8re persistant<\/h2>\n\n\n<p>Alors que l&rsquo;enqu\u00eate continue et que les pi\u00e8ces s&rsquo;assemblent lentement, des incertitudes demeurent. Comment une simple journ\u00e9e de ski peut-elle se transformer en un \u00e9pisode tragique ? La <strong>myst\u00e9rieuse disparition<\/strong> de cette jeune vie soul\u00e8ve des questions sur notre rapport au risque, aux aventures et \u00e0 la vie elle-m\u00eame. Peut-\u00eatre que Val Thorens cache encore d&rsquo;autres secrets, moins enchanteurs, qu&rsquo;il n&rsquo;est pas encore temps de d\u00e9voiler.<\/p>\n\n\n<p>En attendant, la station de ski se pr\u00e9pare \u00e0 accueillir de nouveaux visiteurs, tout en se frottant \u00e0 la douloureuse r\u00e9alit\u00e9 qui reste grav\u00e9e dans les m\u00e9moires. \u00c0 coup s\u00fbr, la m\u00e9moire de Fleur Arends continuera d&rsquo;alimenter un volet tragique de l&rsquo;histoire de ce lieu enchanteur.<\/p>\n\n\n<p>Pour rester inform\u00e9 sur cette trag\u00e9die, consultez les articles de r\u00e9f\u00e9rence sur TF1 info <a href=\"https:\/\/www.tf1info.fr\/justice-faits-divers\/savoie-mort-d-une-skieuse-de-21-ans-a-val-thorens-apres-une-chute-sur-une-piste-bleue-2348416.html\" rel=\"nofollow noopener\" target=\"_blank\">ici<\/a> et d&rsquo;autres sources associ\u00e9es.<\/p>\n","protected":false},"excerpt":{"rendered":"<p>La station de ski de Val Thorens est connue pour ses pentes enneig\u00e9es et ses paysages idylliques. Pourtant, derri\u00e8re le charme de ce lieu, se cachent des histoires tragiques. R\u00e9cemment, la mort d&rsquo;une jeune skieuse n\u00e9erlandaise, Fleur Arends, lors de son premier jour de ski, a soulev\u00e9 des questions troublantes sur les circonstances myst\u00e9rieuses entourant&#8230;<\/p>\n","protected":false},"author":1,"featured_media":473,"comment_status":"","ping_status":"","sticky":false,"template":"","format":"standard","meta":{"_kad_post_transparent":"","_kad_post_title":"","_kad_post_layout":"","_kad_post_sidebar_id":"","_kad_post_content_style":"","_kad_post_vertical_padding":"","_kad_post_feature":"","_kad_post_feature_position":"","_kad_post_header":false,"_kad_post_footer":false,"_kad_post_classname":"","iawp_total_views":2,"footnotes":""},"categories":[1],"tags":[],"class_list":["post-472","post","type-post","status-publish","format-standard","has-post-thumbnail","hentry","category-actualites"],"_links":{"self":[{"href":"https:\/\/www.dmoz.fr\/tendances\/wp-json\/wp\/v2\/posts\/472","targetHints":{"allow":["GET"]}}],"collection":[{"href":"https:\/\/www.dmoz.fr\/tendances\/wp-json\/wp\/v2\/posts"}],"about":[{"href":"https:\/\/www.dmoz.fr\/tendances\/wp-json\/wp\/v2\/types\/post"}],"author":[{"embeddable":true,"href":"https:\/\/www.dmoz.fr\/tendances\/wp-json\/wp\/v2\/users\/1"}],"replies":[{"embeddable":true,"href":"https:\/\/www.dmoz.fr\/tendances\/wp-json\/wp\/v2\/comments?post=472"}],"version-history":[{"count":0,"href":"https:\/\/www.dmoz.fr\/tendances\/wp-json\/wp\/v2\/posts\/472\/revisions"}],"wp:featuredmedia":[{"embeddable":true,"href":"https:\/\/www.dmoz.fr\/tendances\/wp-json\/wp\/v2\/media\/473"}],"wp:attachment":[{"href":"https:\/\/www.dmoz.fr\/tendances\/wp-json\/wp\/v2\/media?parent=472"}],"wp:term":[{"taxonomy":"category","embeddable":true,"href":"https:\/\/www.dmoz.fr\/tendances\/wp-json\/wp\/v2\/categories?post=472"},{"taxonomy":"post_tag","embeddable":true,"href":"https:\/\/www.dmoz.fr\/tendances\/wp-json\/wp\/v2\/tags?post=472"}],"curies":[{"name":"wp","href":"https:\/\/api.w.org\/{rel}","templated":true}]}}