{"id":4931,"date":"2025-05-11T11:58:15","date_gmt":"2025-05-11T10:58:15","guid":{"rendered":"https:\/\/www.dmoz.fr\/tendances\/mort-du-pape-jean-paul-2\/"},"modified":"2025-05-11T11:58:15","modified_gmt":"2025-05-11T10:58:15","slug":"mort-du-pape-jean-paul-2","status":"publish","type":"post","link":"https:\/\/www.dmoz.fr\/tendances\/mort-du-pape-jean-paul-2\/","title":{"rendered":"Mort du pape Jean Paul II\u202f: que s\u2019est-il vraiment pass\u00e9 ce jour d\u2019avril 2005\u202f?"},"content":{"rendered":"<p><\/p>\n<div id='video-container' data-video-id='7rWdKD_zU5I' style='width:100%; height:auto; max-width:587px; position: relative;'>\n<div class='image-video-plugin' style='background:url(\"https:\/\/img.youtube.com\/vi\/7rWdKD_zU5I\/0.jpg\") center no-repeat; background-size: cover;'><\/div>\n<p>        <span class='youtube-play-button'><\/span><br \/>\n        <noscript><a href=\"https:\/\/www.youtube.com\/watch?v=7rWdKD_zU5I\" target=\"_blank\" rel=\"noopener\"><\/a><\/noscript>\n    <\/div>\n<p><\/p>\n<h2>Mort du pape jean paul 2 : quand le ciel recrute un influenceur (dernier post en 2005)<\/h2>\n<h3>Un influenceur divin qui a marqu\u00e9 l\u2019algorithme c\u00e9leste<\/h3>\n<p>Quand Jean Paul II a quitt\u00e9 la Terre en 2005, le ciel s\u2019est sans doute dit : *\u00ab Bon, on vient de perdre notre community manager le plus charismatique. Qui pour relancer l\u2019engagement sur les pri\u00e8res en stories ? \u00bb*. Car oui, si le Vatican avait TikTok \u00e0 l\u2019\u00e9poque, le pape aurait fait un carton avec des tutos \u00ab comment b\u00e9nir son pain sans gluten \u00bb ou des lives de processions en direct. Entre ses 104 voyages internationaux, ses discours en 12 langues et son sourire qui aurait fait de l\u2019ombre \u00e0 une panth\u00e8re des neiges, Jean Paul II a boost\u00e9 le SEO du paradis comme personne. <b>Dernier post en 2005<\/b> ? Plut\u00f4t un compte mis en pause pour cause de mission top secr\u00e8te : n\u00e9gocier un partenariat avec les anges gardiens.  <\/p>\n<p>Et parlons de son <b>dernier miracle perso<\/b> : faire pleuvoir des fid\u00e8les sur la place Saint-Pierre pendant ses fun\u00e9railles. Une audience record pour l\u2019\u00e9poque \u2014 4 millions de personnes en pr\u00e9sentiel et des milliards en replay spirituel. M\u00eame les nuages ont tweet\u00e9 : \u00ab #SaintCeption \u00bb. Le tout sans Instagram ni LinkedIn Premium. \u00c7a, c\u2019est de l\u2019influence organique. Pas besoin de filtres quand on a la gr\u00e2ce divine.  <\/p>\n<h3>Le SEO du Vatican : quand le paradis optimise ses keywords<\/h3>\n<p>Si le ciel avait un tableau Trello, la fiche \u00ab Jean Paul II \u00bb serait tagu\u00e9e *\u00ab urgent : \u00e0 canoniser ASAP \u00bb*. Car en 2014, le Vatican a officialis\u00e9 son statut de saint \u2014 soit un d\u00e9lai de traitement plus rapide que le SAV de Free. Pourquoi ? Parce qu\u2019un influenceur de ce calibre m\u00e9rite une v\u00e9rification de compte dor\u00e9e. <b>Deux miracles valid\u00e9s<\/b>, un sourire qui traverse les \u00e9poques, et hop, le voil\u00e0 promu saint patron des r\u00e9seaux sociaux\u2026 avant m\u00eame que Mark Zuckerberg ne lance Facebook en version \u00ab messe dominicale \u00bb.  <\/p>\n<p>Mais que fait-il l\u00e0-haut aujourd\u2019hui ? Selon des sources *tr\u00e8s* bien inform\u00e9es (un pigeon voyageur qui aime les hosties), il aurait lanc\u00e9 une cha\u00eene YouTube : <b>\u00ab 10 astuces pour \u00e9viter les tentations en 3 min chrono \u00bb<\/b>. Au programme : tutos de m\u00e9ditation, r\u00e9actions aux scandales de l\u2019\u00c9glise (\u00ab C\u2019est non. \u00bb), et collaborations avec Mo\u00efse sur le d\u00e9fi \u00ab traversez la mer Rouge en moins de 20 minutes \u00bb. Le ciel a donc trouv\u00e9 son cr\u00e9ateur de contenu ultime \u2014 un peu moins dance challenge, un peu plus chapelet ASMR.  <\/p>\n<p>[aib_post_related url=&rsquo;\/tendances\/spanish-love-quotes-for-him\/&rsquo; title=&rsquo;D\u00e9couvrez les citations d&#039;amour espagnoles qui vont le faire craquer\u202f: lesquelles lui voleront le c\u0153ur\u202f?&rsquo; relatedtext=&rsquo;Vous pourriez \u00e9galement \u00eatre int\u00e9ress\u00e9 par:&rsquo;]<\/p>\n<h3>questions br\u00fblantes (mais spirituelles) sur jean paul II et son ascension virale<\/h3>\n<p><b>Est-ce que Jean Paul II aurait fait un bon youtubeur ?<\/b><br \/>\n\u00c9videmment. Il avait d\u00e9j\u00e0 le public, le storytelling (127 pays visit\u00e9s, c\u2019est pas un podcast voyage !) et le merch officiel (le chapelet, accessoire tendance depuis 1978). Il ne manquait que le intro lourdingue sur fond de musique royalty-free.  <\/p>\n<p><b>Ses miracles comptent-ils comme des \u00ab contenus sponsoris\u00e9s \u00bb ?<\/b><br \/>\n\u00c0 partir du moment o\u00f9 tu gu\u00e9ris un parkinsonien en claquant des doigts, oui. Mais ici, le sponsor s\u2019appelle \u00ab Saint-Esprit &#038; Co \u00bb \u2014 pas de clause de confidentialit\u00e9, juste une aura mystique.  <\/p>\n<p><b>Pourquoi 2005 est-il son dernier post ?<\/b><br \/>\nParce que m\u00eame les l\u00e9gendes doivent faire des pauses. Et entre nous, g\u00e9rer les demandes de miracles en DMs, \u00e7a use. Depuis, il like discr\u00e8tement les tweets du Vatican\u2026 depuis un compte anonyme @JeanP2LeRetour. #HaloVerified.[aib_post_related url=&rsquo;\/tendances\/comment-guerir-de-la-depression\/&rsquo; title=&rsquo;D\u00e9couvrez comment gu\u00e9rir de la d\u00e9pression\u00a0: les m\u00e9thodes efficaces qui redonnent espoir\u00a0!&rsquo; relatedtext=&rsquo;Vous pourriez \u00e9galement \u00eatre int\u00e9ress\u00e9 par:&rsquo;]<\/p>\n<h2>Jean paul 2 et saint pierre : le clash c\u00e9leste du \u00ab\u00a0speed dating\u00a0\u00bb des portes du paradis \u26a1\ud83d\ude07<\/h2>\n<h3>quand le pape voyageur rencontre le gardien des cl\u00e9s \ud83d\udddd\ufe0f\ud83d\udc74<\/h3>\n<p>Imaginez la sc\u00e8ne : saint Pierre, barbe aussi bien rang\u00e9e que son fichier Excel c\u00e9leste, trifouille ses cl\u00e9s devant un Jean Paul II survolt\u00e9, pr\u00eat \u00e0 lui voler son job avec un sourire de communicant n\u00e9. \u00ab *Alors, mon cher Pietro\u2026 Tu g\u00e8res toujours l\u2019entr\u00e9e comme en l\u2019an 33 ? Moi, j\u2019aurais install\u00e9 un portail connect\u00e9. Avec un syst\u00e8me de QR code pour les \u00e2mes en \u00e9tat de gr\u00e2ce. Et un emoji de flamme sacr\u00e9e, tiens* \ud83d\udd25 \u00bb, lance le pape en sortant un iPad version \u00ab divine com\u00e9die \u00bb. Le premier ap\u00f4tre, lui, r\u00e9torque en tapant sur son grand livre poussi\u00e9reux : \u00ab *\u00c9coutez, Wojty\u0142a\u2026 Moi, c\u2019est simple : pas de miracle r\u00e9versible, pas de passage. Et votre histoire de \u00ab\u00a0santo subito\u00a0\u00bb, c\u2019\u00e9tait pas un peu du forcing pour sauter la queue ?* \u00bb \ud83d\ude24.  <\/p>\n<p><b>Le clash se r\u00e9sume en trois points :<\/b>  <\/p>\n<ul>\n<li>Saint Pierre, <b>puriste des protocoles<\/b>, exige un formulaire en triplicata sign\u00e9 par trois archanges.<\/li>\n<li>Jean Paul II, <b>adepte du \u00ab\u00a0drive-in c\u00e9leste\u00a0\u00bb<\/b>, veut lancer un livestream des \u00e2mes entrant au paradis (#BienvenueAuClub).<\/li>\n<li>Le d\u00e9bat sur la d\u00e9finition du \u00ab p\u00e9ch\u00e9 v\u00e9niel \u00bb devient si chaud que les ch\u00e9rubins apportent du pop-corn. \ud83c\udf7f<\/li>\n<\/ul>\n<h3>le verdict du ciel : qui a marqu\u00e9 le plus de points au score divin ? \u2601\ufe0f\ud83c\udfc6<\/h3>\n<p>Faut-il moderniser les portes du paradis ou rester en mode \u00ab vintage divin \u00bb ? Jean Paul II tente un coup de ma\u00eetre en proposant\u2026 <b>un partenariat avec Waze pour \u00e9viter les embouteillages de l\u2019Apocalypse<\/b> \ud83d\ude97\ud83d\udca8. Saint Pierre, lui, sort l\u2019argument massue : \u00ab *Vous avez peut-\u00eatre canonis\u00e9 482 saints, mais moi, j\u2019ai les cl\u00e9s. Et le patron m\u2019a dit : \u00ab\u00a0Tu changes rien, Pete. Les millennials, on les formatera plus tard.\u00a0\u00bb* \u00bb \ud83d\ude07. Pourtant, un compromis \u00e9merge : <b>le samedi soir, DJ Gabriel mixera des hymnes gr\u00e9goriens en remix EDM<\/b>, et les selfies avec les aur\u00e9oles seront autoris\u00e9s (mais sans filtres p\u00e9cheurs).  <\/p>\n<p><b>Les stats du face-\u00e0-face :<\/b>  <\/p>\n<ul>\n<li>\ud83d\udd25 <b>Argument le plus chaud<\/b> : JP2 \u00e9voque ses 104 voyages pour convaincre que \u00ab le paradis est une startup qui scale \u00bb. Pierre roule des yeux en citant Marc 13:32 (\u00ab *Personne conna\u00eet l\u2019heure, pas m\u00eame le Fils\u2026 ni votre appli* \u00bb).<\/li>\n<li>\ud83d\ude07 <b>Le plus spirituel<\/b> : un hug post-conflit si intense que les nuages forment un c\u0153ur. Aucun des deux ne reconna\u00eet avoir tort, mais ils likent mutuellement leurs tweets #SaintSquad.<\/li>\n<\/ul>\n<p>[aib_post_related url=&rsquo;\/tendances\/oze-92-connexion-2\/&rsquo; title=&rsquo;Oze\u00a092\u00a0connexion\u00a0: d\u00e9couvrez le secret pour une connexion ultra-rapide d\u00e9voil\u00e9\u00a0!&rsquo; relatedtext=&rsquo;Vous pourriez \u00e9galement \u00eatre int\u00e9ress\u00e9 par:&rsquo;]<\/p>\n<h3>\u00ab\u202fd\u2019autres \u00e2mes s\u2019interrogent\u2026 et on r\u00e9pond en mode 100\u202f% c\u00e9leste\u202f\u00bb \ud83d\udcab<\/h3>\n<p><b>\u00ab \u00c7a marche comment, le pass VIP pour le paradis ? Y a des r\u00e9ductions pour les franciscains ? \u00bb<\/b><br \/>\n\u2192 Saint Pierre r\u00e2le : \u00ab *C\u2019est pas la Black Friday !* \u00bb Mais JP2 glisse un \u00ab *2 pour 1* \u00bb pendant les JMJ. Compromis : un code promo cach\u00e9 dans les contrition 3.0. \ud83d\ude4f  <\/p>\n<p><b>\u00ab Et si on a \u00e9t\u00e9 sympa mais qu\u2019on adore les m\u00e8mes paresseux, on est dans quelle file ? \u00bb<\/b><br \/>\n\u2192 R\u00e9ponse en ch\u0153ur : \u00ab *File B, mais avec droit \u00e0 un memojetto de la Vierge en cas de p\u00e9nitence express.* \u00bb \ud83d\ude07  <\/p>\n<p><b>\u00ab Qui g\u00e8re le compte Twitter du paradis ? \u00bb<\/b><br \/>\n\u2192 Pierre : \u00ab *Moi.* \u00bb JP2 : \u00ab *Moi.* \u00bb R\u00e9sultat : le compte est v\u00e9rifi\u00e9\u2026 mais tweete en aram\u00e9en 50\u202f% du temps. \ud83d\udd4a\ufe0f<\/p>\n","protected":false},"excerpt":{"rendered":"<p>Mort du pape jean paul 2 : quand le ciel recrute un influenceur (dernier post en 2005) Un influenceur divin qui a marqu\u00e9 l\u2019algorithme c\u00e9leste Quand Jean Paul II a quitt\u00e9 la Terre en 2005, le ciel s\u2019est sans doute dit : *\u00ab Bon, on vient de perdre notre community manager le plus charismatique. Qui&#8230;<\/p>\n","protected":false},"author":1,"featured_media":4932,"comment_status":"","ping_status":"","sticky":false,"template":"","format":"standard","meta":{"_kad_post_transparent":"","_kad_post_title":"","_kad_post_layout":"","_kad_post_sidebar_id":"","_kad_post_content_style":"","_kad_post_vertical_padding":"","_kad_post_feature":"","_kad_post_feature_position":"","_kad_post_header":false,"_kad_post_footer":false,"_kad_post_classname":"","iawp_total_views":0,"footnotes":""},"categories":[30],"tags":[],"class_list":["post-4931","post","type-post","status-publish","format-standard","has-post-thumbnail","hentry","category-divers"],"_links":{"self":[{"href":"https:\/\/www.dmoz.fr\/tendances\/wp-json\/wp\/v2\/posts\/4931","targetHints":{"allow":["GET"]}}],"collection":[{"href":"https:\/\/www.dmoz.fr\/tendances\/wp-json\/wp\/v2\/posts"}],"about":[{"href":"https:\/\/www.dmoz.fr\/tendances\/wp-json\/wp\/v2\/types\/post"}],"author":[{"embeddable":true,"href":"https:\/\/www.dmoz.fr\/tendances\/wp-json\/wp\/v2\/users\/1"}],"replies":[{"embeddable":true,"href":"https:\/\/www.dmoz.fr\/tendances\/wp-json\/wp\/v2\/comments?post=4931"}],"version-history":[{"count":0,"href":"https:\/\/www.dmoz.fr\/tendances\/wp-json\/wp\/v2\/posts\/4931\/revisions"}],"wp:featuredmedia":[{"embeddable":true,"href":"https:\/\/www.dmoz.fr\/tendances\/wp-json\/wp\/v2\/media\/4932"}],"wp:attachment":[{"href":"https:\/\/www.dmoz.fr\/tendances\/wp-json\/wp\/v2\/media?parent=4931"}],"wp:term":[{"taxonomy":"category","embeddable":true,"href":"https:\/\/www.dmoz.fr\/tendances\/wp-json\/wp\/v2\/categories?post=4931"},{"taxonomy":"post_tag","embeddable":true,"href":"https:\/\/www.dmoz.fr\/tendances\/wp-json\/wp\/v2\/tags?post=4931"}],"curies":[{"name":"wp","href":"https:\/\/api.w.org\/{rel}","templated":true}]}}