{"id":502,"date":"2025-02-16T20:46:47","date_gmt":"2025-02-16T19:46:47","guid":{"rendered":"https:\/\/www.dmoz.fr\/tendances\/?p=502"},"modified":"2025-02-16T20:46:47","modified_gmt":"2025-02-16T19:46:47","slug":"obseques-emile","status":"publish","type":"post","link":"https:\/\/www.dmoz.fr\/tendances\/obseques-emile\/","title":{"rendered":"Les obs\u00e8ques d&rsquo;\u00c9mile : un dernier hommage inoubliable \u00e0 un personnage marquant"},"content":{"rendered":"<p>&nbsp;<\/p>\n<div id=\"video-container\" style=\"width: 100%; height: auto; max-width: 587px; position: relative;\" data-video-id=\"kw53Xq-EDhc\">\n<div class=\"image-video-plugin\" style=\"background: url('https:\/\/img.youtube.com\/vi\/kw53Xq-EDhc\/0.jpg') center no-repeat; background-size: cover;\"><\/div>\n<p><noscript><a href=\"https:\/\/www.youtube.com\/watch?v=kw53Xq-EDhc\" target=\"_blank\" rel=\"noopener\">Play on YouTube<\/a><\/noscript><\/p>\n<\/div>\n<p>&nbsp;<\/p>\n<h2>Les obs\u00e8ques d&rsquo;\u00c9mile : un hommage inoubliable<\/h2>\n<p>les obs\u00e8ques d&rsquo;\u00c9mile ont \u00e9t\u00e9 un moment empreint d&rsquo;\u00e9motion, o\u00f9 chaque d\u00e9tail semblait r\u00e9sonner avec la vie qu&rsquo;il a v\u00e9cue. La c\u00e9r\u00e9monie s&rsquo;est tenue dans une salle orn\u00e9e de fleurs blanches, symbole de puret\u00e9 et de respect. Les proches d&rsquo;\u00c9mile, visiblement touch\u00e9s, ont partag\u00e9 des souvenirs, \u00e9voquant ses rires, ses passions et ses r\u00eaves. La musique, soigneusement choisie, a accompagn\u00e9 chaque discours, cr\u00e9ant une atmosph\u00e8re \u00e0 la fois m\u00e9lancolique et r\u00e9confortante. Les larmes et les sourires se m\u00ealaient, illustrant le paradoxe de la perte et de l&rsquo;amour.<\/p>\n<p><b>Les t\u00e9moignages des amis et de la famille<\/b> ont \u00e9t\u00e9 le c\u0153ur battant de cette c\u00e9r\u00e9monie. Chacun a pris la parole pour raconter une anecdote, une rencontre, un moment pr\u00e9cieux partag\u00e9 avec \u00c9mile. Ces r\u00e9cits, pleins de tendresse et d&rsquo;humour, ont permis de revivre des instants uniques, rendant hommage \u00e0 l&rsquo;homme qu&rsquo;il \u00e9tait. La pr\u00e9sence de ceux qui l&rsquo;aimaient le plus a renforc\u00e9 ce sentiment d&rsquo;appartenance, rappelant que m\u00eame dans l&rsquo;absence, l&rsquo;esprit d&rsquo;\u00c9mile continuera \u00e0 vivre \u00e0 travers les histoires racont\u00e9es et les souvenirs ch\u00e9ris. Les rires m\u00eal\u00e9s aux pleurs ont dessin\u00e9 un tableau riche et nuanc\u00e9 de son h\u00e9ritage.<\/p>\n<p>l&rsquo;inhumation a eu lieu dans un cimeti\u00e8re paisible, o\u00f9 \u00c9mile reposera entour\u00e9 de la nature qu&rsquo;il affectionnait tant. Le choix de cet endroit n&rsquo;\u00e9tait pas anodin, car il symbolisait son amour pour la tranquillit\u00e9 et la beaut\u00e9 du monde qui l&rsquo;entoure. Les proches ont d\u00e9pos\u00e9 des fleurs sur sa tombe, chacun ajoutant un mot ou un geste personnel. Cette ultime adieu a \u00e9t\u00e9 marqu\u00e9 par un moment de silence, o\u00f9 chacun a pu r\u00e9fl\u00e9chir \u00e0 la vie d&rsquo;\u00c9mile et \u00e0 l&rsquo;impact qu&rsquo;il a eu sur ceux qui l&rsquo;entouraient. L&rsquo;hommage a \u00e9t\u00e9, sans conteste, un reflet de son esprit vibrant, une c\u00e9l\u00e9bration de la vie plut\u00f4t qu&rsquo;un simple adieu.<\/p>\n<h3>Questions fr\u00e9quentes sur les obs\u00e8ques d&rsquo;\u00c9mile<\/h3>\n<p><b>Quelles \u00e9taient les principales \u00e9motions ressenties lors des obs\u00e8ques ?<\/b><br \/>\nLes \u00e9motions \u00e9taient vari\u00e9es, oscillant entre la tristesse et la joie. Les t\u00e9moignages ont permis de partager des souvenirs heureux, rendant l&rsquo;atmosph\u00e8re plus l\u00e9g\u00e8re malgr\u00e9 la douleur de la perte.<\/p>\n<p><b>Quel r\u00f4le a jou\u00e9 la musique durant la c\u00e9r\u00e9monie ?<\/b><br \/>\nLa musique a servi de fil conducteur, accompagnant les discours et cr\u00e9ant une ambiance propice \u00e0 la r\u00e9flexion et \u00e0 la c\u00e9l\u00e9bration de la vie d&rsquo;\u00c9mile.<\/p>\n<p><b>Pourquoi le choix du cimeti\u00e8re a-t-il \u00e9t\u00e9 significatif ?<\/b><br \/>\nLe cimeti\u00e8re a \u00e9t\u00e9 choisi pour sa beaut\u00e9 naturelle, refl\u00e9tant l&rsquo;amour d&rsquo;\u00c9mile pour la nature et offrant un lieu de repos paisible, en harmonie avec ses valeurs.<\/p>\n<h2>Comment se d\u00e9roulent les obs\u00e8ques d&rsquo;\u00c9mile ?<\/h2>\n<p>les obs\u00e8ques d&rsquo;\u00c9mile sont un moment empreint d&rsquo;\u00e9motion et de respect. Elles commencent g\u00e9n\u00e9ralement par une veill\u00e9e fun\u00e8bre, o\u00f9 les proches se rassemblent pour rendre hommage \u00e0 la vie d&rsquo;\u00c9mile. Cette veill\u00e9e peut se tenir \u00e0 domicile ou dans un salon fun\u00e9raire. Les familles choisissent souvent de personnaliser cet espace avec des photos, des souvenirs et des objets qui \u00e9voquent la personnalit\u00e9 d&rsquo;\u00c9mile. Les discours et les t\u00e9moignages des amis et de la famille ponctuent cette soir\u00e9e, permettant \u00e0 chacun d&rsquo;exprimer son chagrin et de partager des anecdotes. Ce moment de recueillement est fondamental pour le processus de deuil, car il permet \u00e0 tous de se retrouver autour d&rsquo;une m\u00e9moire commune.<\/p>\n<p>le jour des obs\u00e8ques, une c\u00e9r\u00e9monie a lieu dans un lieu de culte ou une salle d\u00e9di\u00e9e. Cette \u00e9tape est marqu\u00e9e par la pr\u00e9sence d&rsquo;un officiant qui guide les participants \u00e0 travers les diff\u00e9rentes \u00e9tapes de la c\u00e9r\u00e9monie. Des chants, des pri\u00e8res et des lectures de textes choisis par la famille viennent ponctuer ce moment solennel. Les proches sont souvent invit\u00e9s \u00e0 participer activement, que ce soit en lisant un po\u00e8me, en partageant un souvenir ou en allumant une bougie en m\u00e9moire d&rsquo;\u00c9mile. Cette implication renforce les liens entre les participants et offre un espace de partage et de soutien mutuel.<\/p>\n<p>la derni\u00e8re \u00e9tape des obs\u00e8ques d&rsquo;\u00c9mile est l&rsquo;inhumation ou la cr\u00e9mation. Si l&rsquo;inhumation est choisie, la famille et les amis se rendent au cimeti\u00e8re pour accompagner \u00c9mile \u00e0 sa derni\u00e8re demeure. Une c\u00e9r\u00e9monie est souvent organis\u00e9e au bord de la tombe, o\u00f9 des fleurs peuvent \u00eatre d\u00e9pos\u00e9es et des mots d\u2019adieu \u00e9chang\u00e9s. Dans le cas d&rsquo;une cr\u00e9mation, les proches peuvent se r\u00e9unir pour une c\u00e9r\u00e9monie au cr\u00e9matorium, suivie de la dispersion des cendres dans un lieu significatif pour \u00c9mile. Ce dernier acte symbolique permet de c\u00e9l\u00e9brer sa vie et d&rsquo;honorer son souvenir d&rsquo;une mani\u00e8re qui lui correspondait.<\/p>\n<h3>Questions qui vous pr\u00e9occupent<\/h3>\n<ul>\n<li><b>Quelle est la dur\u00e9e habituelle des obs\u00e8ques d&rsquo;\u00c9mile ?<\/b> La dur\u00e9e peut varier, mais en g\u00e9n\u00e9ral, la veill\u00e9e dure plusieurs heures, tandis que la c\u00e9r\u00e9monie principale prend environ une heure.<\/li>\n<li><b>Les obs\u00e8ques sont-elles priv\u00e9es ou ouvertes au public ?<\/b> Cela d\u00e9pend des souhaits de la famille. Certaines choisissent d&rsquo;inviter uniquement les proches, tandis que d&rsquo;autres ouvrent la c\u00e9r\u00e9monie \u00e0 un plus large public.<\/li>\n<li><b>Peut-on personnaliser la c\u00e9r\u00e9monie ?<\/b> Absolument, la personnalisation est encourag\u00e9e pour refl\u00e9ter la personnalit\u00e9 et les souhaits d&rsquo;\u00c9mile.<\/li>\n<li><b>Quelles sont les d\u00e9marches administratives \u00e0 effectuer ?<\/b> Il est n\u00e9cessaire de contacter une entreprise de pompes fun\u00e8bres pour s&rsquo;occuper des formalit\u00e9s administratives, y compris l&rsquo;obtention du permis d&rsquo;inhumer ou de cr\u00e9mation.<\/li>\n<\/ul>\n<h2>Les souvenirs partag\u00e9s lors des obs\u00e8ques d&rsquo;\u00c9mile<\/h2>\n<p>Les obs\u00e8ques d&rsquo;\u00c9mile ont \u00e9t\u00e9 un moment empreint d&rsquo;\u00e9motion, o\u00f9 chacun a pu se rem\u00e9morer les instants pass\u00e9s avec lui. Les proches, r\u00e9unis dans une ambiance \u00e0 la fois solennelle et chaleureuse, ont partag\u00e9 des anecdotes touchantes, des rires et des larmes. Parmi les souvenirs \u00e9voqu\u00e9s, certains ont fait sourire les convives, comme cette fois o\u00f9 \u00c9mile avait d\u00e9cid\u00e9 de pr\u00e9parer un d\u00eener surprise pour ses amis, ne ma\u00eetrisant pas vraiment la cuisine. Les plats \u00e9taient un v\u00e9ritable d\u00e9sastre, mais la bonne humeur et l\u2019\u00e9nergie qu&rsquo;il d\u00e9gageait avaient transform\u00e9 cette soir\u00e9e en un souvenir m\u00e9morable. Ces r\u00e9cits, tout en c\u00e9l\u00e9brant sa vie, rappelaient \u00e0 tous la joie qu&rsquo;il apportait autour de lui.<\/p>\n<p>Les t\u00e9moignages ont \u00e9galement mis en lumi\u00e8re la g\u00e9n\u00e9rosit\u00e9 d&rsquo;\u00c9mile. Un ami a \u00e9voqu\u00e9 une randonn\u00e9e qu&rsquo;ils avaient faite ensemble, o\u00f9 \u00c9mile, toujours pr\u00eat \u00e0 aider, avait port\u00e9 le sac de l\u2019un d\u2019eux, bien que celui-ci soit particuli\u00e8rement lourd. Cela a suscit\u00e9 des \u00e9clats de rire, mais aussi une certaine m\u00e9lancolie. Le partage de ces souvenirs a permis de rendre hommage \u00e0 son esprit altruiste et \u00e0 sa capacit\u00e9 \u00e0 rassembler les gens. La salle \u00e9tait remplie de visages souriants, chacun se rem\u00e9morant une facette unique de sa personnalit\u00e9. Les histoires se croisaient, les rires r\u00e9sonnaient, cr\u00e9ant une atmosph\u00e8re \u00e0 la fois nostalgique et chaleureuse.<\/p>\n<p>Un moment fort a \u00e9t\u00e9 celui o\u00f9 la famille d&rsquo;\u00c9mile a pris la parole. Ils ont partag\u00e9 des souvenirs plus intimes, d\u00e9crivant comment \u00c9mile avait su \u00eatre un pilier dans les moments difficiles. La pr\u00e9sence de chacun a permis d&rsquo;\u00e9voquer des souvenirs communs, illustrant l&rsquo;impact qu&rsquo;il avait eu sur tant de vies. Les larmes aux yeux, les convives ont compris que ces souvenirs, bien que teint\u00e9s de tristesse, \u00e9taient \u00e9galement une c\u00e9l\u00e9bration de la vie d&rsquo;\u00c9mile. En se rem\u00e9morant ses passions, ses projets et ses r\u00eaves, chacun a pu ressentir l&rsquo;importance de ch\u00e9rir ces moments, de les garder vivants dans leur c\u0153ur.<\/p>\n<h3>Questions qui vous trottent dans la t\u00eate<\/h3>\n<p><b>Comment se souvenir d&rsquo;\u00c9mile au quotidien ?<\/b><br \/>\nPour garder sa m\u00e9moire vivante, partagez r\u00e9guli\u00e8rement des anecdotes ou des histoires qui vous rappellent les bons moments pass\u00e9s ensemble.<\/p>\n<p><b>Quels rituels mettre en place pour honorer sa m\u00e9moire ?<\/b><br \/>\nOrganiser des rencontres annuelles avec ses proches pour \u00e9voquer ses souvenirs, ou encore cr\u00e9er un album photo collectif peut \u00eatre une belle fa\u00e7on de lui rendre hommage.<\/p>\n<p><b>Est-il appropri\u00e9 de rire lors des obs\u00e8ques ?<\/b><br \/>\nOui, c\u00e9l\u00e9brer la vie d&rsquo;une personne aim\u00e9e, m\u00eame par des rires, fait partie int\u00e9grante du processus de deuil et aide \u00e0 adoucir la douleur de la perte.<\/p>\n","protected":false},"excerpt":{"rendered":"<p>&nbsp; Play on YouTube &nbsp; Les obs\u00e8ques d&rsquo;\u00c9mile : un hommage inoubliable les obs\u00e8ques d&rsquo;\u00c9mile ont \u00e9t\u00e9 un moment empreint d&rsquo;\u00e9motion, o\u00f9 chaque d\u00e9tail semblait r\u00e9sonner avec la vie qu&rsquo;il a v\u00e9cue. La c\u00e9r\u00e9monie s&rsquo;est tenue dans une salle orn\u00e9e de fleurs blanches, symbole de puret\u00e9 et de respect. Les proches d&rsquo;\u00c9mile, visiblement touch\u00e9s, ont&#8230;<\/p>\n","protected":false},"author":1,"featured_media":503,"comment_status":"closed","ping_status":"closed","sticky":false,"template":"","format":"standard","meta":{"_kad_post_transparent":"","_kad_post_title":"","_kad_post_layout":"","_kad_post_sidebar_id":"","_kad_post_content_style":"","_kad_post_vertical_padding":"","_kad_post_feature":"","_kad_post_feature_position":"","_kad_post_header":false,"_kad_post_footer":false,"_kad_post_classname":"","iawp_total_views":1,"footnotes":""},"categories":[1],"tags":[],"class_list":["post-502","post","type-post","status-publish","format-standard","has-post-thumbnail","hentry","category-actualites"],"_links":{"self":[{"href":"https:\/\/www.dmoz.fr\/tendances\/wp-json\/wp\/v2\/posts\/502","targetHints":{"allow":["GET"]}}],"collection":[{"href":"https:\/\/www.dmoz.fr\/tendances\/wp-json\/wp\/v2\/posts"}],"about":[{"href":"https:\/\/www.dmoz.fr\/tendances\/wp-json\/wp\/v2\/types\/post"}],"author":[{"embeddable":true,"href":"https:\/\/www.dmoz.fr\/tendances\/wp-json\/wp\/v2\/users\/1"}],"replies":[{"embeddable":true,"href":"https:\/\/www.dmoz.fr\/tendances\/wp-json\/wp\/v2\/comments?post=502"}],"version-history":[{"count":0,"href":"https:\/\/www.dmoz.fr\/tendances\/wp-json\/wp\/v2\/posts\/502\/revisions"}],"wp:featuredmedia":[{"embeddable":true,"href":"https:\/\/www.dmoz.fr\/tendances\/wp-json\/wp\/v2\/media\/503"}],"wp:attachment":[{"href":"https:\/\/www.dmoz.fr\/tendances\/wp-json\/wp\/v2\/media?parent=502"}],"wp:term":[{"taxonomy":"category","embeddable":true,"href":"https:\/\/www.dmoz.fr\/tendances\/wp-json\/wp\/v2\/categories?post=502"},{"taxonomy":"post_tag","embeddable":true,"href":"https:\/\/www.dmoz.fr\/tendances\/wp-json\/wp\/v2\/tags?post=502"}],"curies":[{"name":"wp","href":"https:\/\/api.w.org\/{rel}","templated":true}]}}