{"id":5141,"date":"2025-05-13T04:43:39","date_gmt":"2025-05-13T03:43:39","guid":{"rendered":"https:\/\/www.dmoz.fr\/tendances\/sagrada-familia-hauteur\/"},"modified":"2025-05-13T04:43:39","modified_gmt":"2025-05-13T03:43:39","slug":"sagrada-familia-hauteur","status":"publish","type":"post","link":"https:\/\/www.dmoz.fr\/tendances\/sagrada-familia-hauteur\/","title":{"rendered":"\u00ab\u00a0Sagrada Fam\u00edlia hauteur : 170 m\u00e8tres \u2192 172 m en 2026 ! Comment D\u00e9passe-T-Elle les Cath\u00e9drales d\u2019Europe ? \ud83c\udfd7\ufe0f\u00a0\u00bb"},"content":{"rendered":"<h2>La sagrada familia hauteur : quand gaud\u00ed se prend pour un g\u00e9ant (ou un grattes-ciel)<\/h2>\n<h3>gaud\u00ed vs gratte-ciel : le duel architectural du si\u00e8cle<\/h3>\n<p>Imaginez un architecte catalan qui, au XIX\u1d49 si\u00e8cle, d\u00e9cide de d\u00e9fier les lois de la gravit\u00e9 avec une \u00e9glise. <b>Antoni Gaud\u00ed<\/b>, tel un enfant jouant aux Lego apr\u00e8s avoir aval\u00e9 trois expressos, s\u2019est dit : *\u00ab Et si on faisait un truc qui touche les nuages ? Mais avec des colonnes en forme de pattes d\u2019\u00e9l\u00e9phant, \u00e7a serait styl\u00e9 \u00bb*. R\u00e9sultat : la Sagrada Fam\u00edlia culmine aujourd\u2019hui \u00e0 <b>174,5 m\u00e8tres<\/b>. \u00c0 c\u00f4t\u00e9, le premier gratte-ciel de Chicago (42 m\u00e8tres en 1885) ressemble \u00e0 un nain de jardin timide. Gaud\u00ed, lui, n\u2019a pas juste construit un \u00e9difice religieux \u2013 il a cr\u00e9\u00e9 un *\u00ab skyline disruptif\u00bb* avant l\u2019heure, sans PowerPoint ni r\u00e9union Zoom.  <\/p>\n<p>Petite anecdote croustillante : saviez-vous que la fl\u00e8che principale d\u00e9passera <b>d\u2019un m\u00e8tre<\/b> la colline de Montju\u00efc \u00e0 Barcelone ? Parce que pour Gaud\u00ed, l\u2019\u0153uvre de Dieu ne pouvait pas \u00eatre \u00e9cras\u00e9e par une butte terreuse. Prenez \u00e7a, M\u00e8re Nature ! Et pendant qu\u2019on y est, rajoutons 18 tours pour chaque ap\u00f4tre, \u00e9vang\u00e9liste et duo J\u00e9sus-Marie \u2013 un d\u00e9lire mystico-math\u00e9matique qui rendrait fou un comptable suisse.  <\/p>\n<h3>174,5 m\u00e8tres : quand la symbolique d\u00e9passe la physique<\/h3>\n<p>Alors oui, techniquement, la hauteur de la Sagrada Fam\u00edlia est <b>inf\u00e9rieure<\/b> \u00e0 celle de la tour Eiffel (324 m). Mais comparer les deux, c\u2019est comme opposer un croissant au beurre \u00e0 un kebab frite-sauce samoura\u00ef : chacun sa cat\u00e9gorie. Gaud\u00ed voulait que son monument soit *\u00ab assez haut pour que les anges puissent lire l\u2019horaire des messes sans lunettes \u00bb*. Les chiffres-cl\u00e9s ?  <\/p>\n<ul>\n<li><b>172,5 m<\/b> : hauteur actuelle (2024) \u2013 soit l\u2019\u00e9quivalent de 60 G\u00e9rard Depardieu empil\u00e9s<\/li>\n<li><b>18 tours<\/b> pr\u00e9vues \u2013 une pour chaque membre du casting biblique<\/li>\n<li><b>144 ans<\/b> de travaux \u2013 dur\u00e9e qui ferait procrastiner m\u00eame un sloth<\/li>\n<\/ul>\n<p>Et si vous pensez que c\u2019est juste une histoire de b\u00e9ton, d\u00e9trompez-vous : chaque centim\u00e8tre est un *pixel* d\u2019un meme th\u00e9ologique. La fl\u00e8che centrale symbolise le Christ, les autres sont ses followers \u2013 le tout dans un feed Instagram #Blessed avant l\u2019heure.  <\/p>\n<h3>Sagrada Fam\u00edlia : vos questions, nos r\u00e9ponses (sans tour de Babel)<\/h3>\n<p><b>Pourquoi cette obsession avec la hauteur ?<\/b><br \/>\nParce que Gaud\u00ed adorait les m\u00e9taphores en 3D. Plus c\u2019est haut, plus on est proche du ciel \u2013 et accessoirement, \u00e7a impressionne les paroissiens qui oublient leur parapluie.  <\/p>\n<p><b>La tour Eiffel est plus grande, non ?<\/b><br \/>\nAh, la baguette vs paella ! La tour Eiffel est une dame de fer sans message cach\u00e9. La Sagrada, c\u2019est le Netflix de l\u2019architecture : chaque d\u00e9tail a sa saison, son spin-off et des easter eggs.  <\/p>\n<p><b>Quand sera-t-elle enfin termin\u00e9e ?<\/b><br \/>\nPr\u00e9vu pour 2026\u2026 soit 100 ans apr\u00e8s la mort de Gaud\u00ed. Les chantiers pharaoniques, c\u2019est comme le fromage \u2013 meilleur avec du temps. Et des grues. Beaucoup de grues.<\/p>\n<h2>sagrada familia hauteur vs tour eiffel : le duel des monuments qui se la racontent<\/h2>\n<p>[aib_post_related url=&rsquo;\/tendances\/restaurant-o-courant-mimizan\/&rsquo; title=&rsquo;Restaurant o courant mimizan\u202f: d\u00e9couvrez la perle culinaire secr\u00e8te qui \u00e9lectrise la C\u00f4te d\u2019Argent\u202f!&rsquo; relatedtext=&rsquo;Vous pourriez \u00e9galement \u00eatre int\u00e9ress\u00e9 par:&rsquo;]<\/p>\n<h3>quand la pierre catalane d\u00e9fie le fer parisien (et \u00e7a chauffe)<\/h3>\n<p>Imaginez deux monuments dans un face-\u00e0-face de k\u00e9k\u00e9 sur un parking de supermarch\u00e9, mais en version culturelle. <b>La Sagrada Fam\u00edlia<\/b>, avec ses fl\u00e8ches qui piquent le ciel comme des cure-dents divins, et <b>la Tour Eiffel<\/b>, ce vieux tas de rivets qui se prend pour une reine de la hauteur depuis 1889. Leur combat ? \u00catre le plus haut, le plus vu, le plus \u00ab regarde-moi-oublier-ton-existence \u00bb dans le paysage. Actuellement, la Tour Eiffel m\u00e8ne avec ses 330 m\u00e8tres (antenne comprise, parce qu\u2019\u00e0 Paris, on triche un peu). Mais Gaudi, depuis l\u2019au-del\u00e0, rigole en silence : sa basilique barcelonaise atteindra 172,5 m\u00e8tres\u2026 une fois termin\u00e9e. En 2026. Enfin, si les Espagnols arr\u00eatent de faire la sieste entre deux pierres.  <\/p>\n<h3>les chiffres qui donnent le vertige (et des crampes au cou)<\/h3>\n<ul>\n<li><b>Tour Eiffel<\/b> : 330 m\u00e8tres, comme 187 baguettes pos\u00e9es en \u00e9quilibre. Elle a perdu son titre de \u00ab plus haute structure du monde \u00bb en 1930, mais elle garde la classe\u2026 et une antenne radio pour \u00e9couter France Inter.<\/li>\n<li><b>Sagrada Fam\u00edlia<\/b> : 172,5 m\u00e8tres aujourd\u2019hui, mais pr\u00e9vue pour 172,5 m\u00e8tres. Oui, c\u2019est la m\u00eame chose. Non, ce n\u2019est pas une blague. La fl\u00e8che centrale, d\u00e9di\u00e9e \u00e0 J\u00e9sus, sera *volontairement* plus basse que la colline de Montju\u00efc \u00e0 Barcelone. Par humilit\u00e9\u2026 ou peur des vents violents.<\/li>\n<\/ul>\n<h3>\u00ab moi je suis une \u0153uvre d\u2019art, pas toi \u00bb : le clash des \u00e9gos<\/h3>\n<p>La Tour Eiffel, <b>star incontest\u00e9e des cartes postales<\/b>, se pavane avec ses 7 millions de visiteurs annuels. Elle lance : \u00ab Tu vois mes pieds en fer ? Ils sont si solides que m\u00eame Zidane ne pourrait pas les plier. \u00bb R\u00e9ponse de la Sagrada Fam\u00edlia, <b>toujours en pyjama d\u2019\u00e9chafaudages<\/b> : \u00ab Au moins, moi, je ne ressemble pas \u00e0 un meccano g\u00e9ant oubli\u00e9 dans un champ. \u00bb Notons que Gaudi a pr\u00e9vu 18 fl\u00e8ches\u2026 soit 12 de plus que le nombre de neurones actifs de Gustave Eiffel lors de la conception des ascenseurs.  <\/p>\n<p>&#8212;<\/p>\n<p>[aib_post_related url=&rsquo;\/tendances\/dordogne-inondations\/&rsquo; title=&rsquo;Dordogne inondations : les cons\u00e9quences d\u00e9vastatrices apr\u00e8s le cataclysme&rsquo; relatedtext=&rsquo;Vous pourriez \u00e9galement \u00eatre int\u00e9ress\u00e9 par:&rsquo;]<\/p>\n<h3>questions qui turlupinent les visiteurs (m\u00eame ceux qui font semblant de savoir)<\/h3>\n<p><b>\u00ab La Sagrada Fam\u00edlia sera-t-elle un jour plus haute que la Tour Eiffel ? \u00bb<\/b><br \/>\nNon, mais elle aura le m\u00e9rite d\u2019\u00eatre\u2026 *inachev\u00e9e* depuis 144 ans. Un record ! La Tour Eiffel, elle, a \u00e9t\u00e9 construite en 2 ans, 2 mois et 5 jours. Les Fran\u00e7ais avaient la motivation (et le vin).  <\/p>\n<p><b>\u00ab Pourquoi la Tour Eiffel a-t-elle une antenne ? C\u2019est pour capter Netflix ? \u00bb<\/b><br \/>\nPresque ! C\u2019est pour diffuser la TNT\u2026 et \u00e9viter que la Dame de Fer ne soit d\u00e9pass\u00e9e par un gratte-ciel random de Dubai. <b>Priorit\u00e9s.<\/b>  <\/p>\n<p><b>\u00ab Qui gagne le duel esth\u00e9tiquement ? \u00bb<\/b><br \/>\nLa Tour Eiffel en robe de lumi\u00e8re la nuit, la Sagrada Fam\u00edlia en dentelle de pierre le jour. Le vrai perdant ? Votre carte m\u00e9moire d\u2019appareil photo.<\/p>\n","protected":false},"excerpt":{"rendered":"<p>La sagrada familia hauteur : quand gaud\u00ed se prend pour un g\u00e9ant (ou un grattes-ciel) gaud\u00ed vs gratte-ciel : le duel architectural du si\u00e8cle Imaginez un architecte catalan qui, au XIX\u1d49 si\u00e8cle, d\u00e9cide de d\u00e9fier les lois de la gravit\u00e9 avec une \u00e9glise. Antoni Gaud\u00ed, tel un enfant jouant aux Lego apr\u00e8s avoir aval\u00e9 trois&#8230;<\/p>\n","protected":false},"author":1,"featured_media":0,"comment_status":"","ping_status":"","sticky":false,"template":"","format":"standard","meta":{"_kad_post_transparent":"","_kad_post_title":"","_kad_post_layout":"","_kad_post_sidebar_id":"","_kad_post_content_style":"","_kad_post_vertical_padding":"","_kad_post_feature":"","_kad_post_feature_position":"","_kad_post_header":false,"_kad_post_footer":false,"_kad_post_classname":"","iawp_total_views":3,"footnotes":""},"categories":[30],"tags":[],"class_list":["post-5141","post","type-post","status-publish","format-standard","hentry","category-divers"],"_links":{"self":[{"href":"https:\/\/www.dmoz.fr\/tendances\/wp-json\/wp\/v2\/posts\/5141","targetHints":{"allow":["GET"]}}],"collection":[{"href":"https:\/\/www.dmoz.fr\/tendances\/wp-json\/wp\/v2\/posts"}],"about":[{"href":"https:\/\/www.dmoz.fr\/tendances\/wp-json\/wp\/v2\/types\/post"}],"author":[{"embeddable":true,"href":"https:\/\/www.dmoz.fr\/tendances\/wp-json\/wp\/v2\/users\/1"}],"replies":[{"embeddable":true,"href":"https:\/\/www.dmoz.fr\/tendances\/wp-json\/wp\/v2\/comments?post=5141"}],"version-history":[{"count":0,"href":"https:\/\/www.dmoz.fr\/tendances\/wp-json\/wp\/v2\/posts\/5141\/revisions"}],"wp:attachment":[{"href":"https:\/\/www.dmoz.fr\/tendances\/wp-json\/wp\/v2\/media?parent=5141"}],"wp:term":[{"taxonomy":"category","embeddable":true,"href":"https:\/\/www.dmoz.fr\/tendances\/wp-json\/wp\/v2\/categories?post=5141"},{"taxonomy":"post_tag","embeddable":true,"href":"https:\/\/www.dmoz.fr\/tendances\/wp-json\/wp\/v2\/tags?post=5141"}],"curies":[{"name":"wp","href":"https:\/\/api.w.org\/{rel}","templated":true}]}}