{"id":5279,"date":"2025-05-14T22:44:59","date_gmt":"2025-05-14T21:44:59","guid":{"rendered":"https:\/\/www.dmoz.fr\/tendances\/jean-marc-sabatier\/"},"modified":"2025-05-14T22:44:59","modified_gmt":"2025-05-14T21:44:59","slug":"jean-marc-sabatier","status":"publish","type":"post","link":"https:\/\/www.dmoz.fr\/tendances\/jean-marc-sabatier\/","title":{"rendered":"Jean-marc sabatier\u00a0: le secret derri\u00e8re une d\u00e9couverte qui divise la science\u00a0!"},"content":{"rendered":"<p><\/p>\n<div id='video-container' data-video-id='HW_nq5l0yjY' style='width:100%; height:auto; max-width:587px; position: relative;'>\n<div class='image-video-plugin' style='background:url(\"https:\/\/img.youtube.com\/vi\/HW_nq5l0yjY\/0.jpg\") center no-repeat; background-size: cover;'><\/div>\n<p>        <span class='youtube-play-button'><\/span><br \/>\n        <noscript><a href=\"https:\/\/www.youtube.com\/watch?v=HW_nq5l0yjY\" target=\"_blank\" rel=\"noopener\"><\/a><\/noscript>\n    <\/div>\n<p><\/p>\n<h2>jean marc sabatier : le \u00ab\u00a0g\u00e9nie\u00a0\u00bb qui voulait vacciner les arbres (ou presque) ?<\/h2>\n<p>Imaginez un monde o\u00f9 les ch\u00eanes se feraient piquer au vaccin avant l\u2019hiver, o\u00f9 les sapins r\u00e9clameraient leur dose de rappel en grognant \u00ab\u202fallez, c\u2019est pour ma pomme\u202f!\u202f\u00bb. Jean Marc Sabatier, microbiologiste de son \u00e9tat, a os\u00e9 y croire. Son id\u00e9e\u202f? <b>Adapter les techniques de vaccination ARN aux v\u00e9g\u00e9taux<\/b>. Oui, vous avez bien lu\u202f: apr\u00e8s nous avoir transform\u00e9s en usines \u00e0 anticorps, la science voudrait maintenant doter les h\u00eatres d\u2019une immunit\u00e9 collective. Le p\u00e9p\u00e8re de la science a-t-il p\u00e9t\u00e9 un c\u00e2ble en arrosant ses plantes\u202f? Pas si vite\u2026 Entre le g\u00e9nie et la folie, il y a toujours un buisson \u00e0 tailler.<\/p>\n<h3>quand la sylviculture rencontre la virologie\u202f: le cocktail d\u00e9tonnant<\/h3>\n<p>Sabatier, c\u2019est un peu le MacGyver du labo. Il prend un concept de vaccin \u00e0 ARN messager \u2013 celui-l\u00e0 m\u00eame qui nous a sauv\u00e9s du Covid \u2013 et le balance joyeusement sur des plants de tomates. <b>Objectif\u202f<\/b>\u202f: booster leur r\u00e9sistance aux pathog\u00e8nes sans modifier leur ADN. La communaut\u00e9 scientifique a d\u2019abord cru \u00e0 une blague carabinienne. \u00ab\u202fVacciner un arbre\u202f? Mais on va lui coller un pansement sur l\u2019\u00e9corce apr\u00e8s\u202f?\u202f\u00bb ironisait un coll\u00e8gue. Pourtant, derri\u00e8re cette apparence loufoque se cache une logique implacable\u202f: pourquoi les v\u00e9g\u00e9taux n\u2019auraient-ils pas droit, eux aussi, \u00e0 leur petite s\u00e9ance de gym mol\u00e9culaire\u202f?<\/p>\n<ul>\n<li><b>Le protocole (tr\u00e8s s\u00e9rieux)\u202f:<\/b> injecter des ARN sp\u00e9cifiques pour activer les d\u00e9fenses naturelles des plantes<\/li>\n<li><b>Le r\u00e9sultat (tr\u00e8s hypoth\u00e9tique)\u202f:<\/b> des ormes r\u00e9sistants aux champignons, des vignes blind\u00e9es contre le mildiou<\/li>\n<li><b>Le sous-texte (tr\u00e8s humain)\u202f:<\/b> \u00ab\u202fsi \u00e7a marche sur le potager, mon kiwi aura droit \u00e0 une carte Vitale\u202f?\u202f\u00bb<\/li>\n<\/ul>\n<p>[aib_post_related url=&rsquo;\/tendances\/meilleur-jeux-ps5-a-venir\/&rsquo; title=&rsquo;Les Meilleurs Jeux PS5 \u00e0 Venir : Quels Titres R\u00e9volutionneront 2024 ?&rsquo; relatedtext=&rsquo;Vous pourriez \u00e9galement \u00eatre int\u00e9ress\u00e9 par:&rsquo;]<\/p>\n<h3>les critiques ont germ\u00e9 plus vite que des pissenlits<\/h3>\n<p>\u00c9videmment, le projet a fait tousser plus d\u2019un \u00e9cologue. \u00ab\u202fOn va cr\u00e9er des OGM arbustifs\u202f!\u202f\u00bb, \u00ab\u202fEt si les arbres d\u00e9veloppaient des effets secondaires\u202f?\u202f\u00bb, \u00ab\u202fVous imaginez un s\u00e9quoia avec de la fi\u00e8vre\u202f?\u202f\u00bb. Sabatier, lui, botte en touche avec l\u2019\u00e9l\u00e9gance d\u2019un ginkgo biloba\u202f: \u00ab\u202fL\u2019ARN est biod\u00e9gradable, les plantes ne deviendront pas des mutants\u202f!\u202f\u00bb. Reste que l\u2019id\u00e9e de <b>\u00ab\u202ffor\u00eats Pfizer\u202f\u00bb<\/b> donne des sueurs froides aux puristes. Entre ceux qui voient l\u00e0 une manipulation de plus et ceux qui r\u00eavent d\u00e9j\u00e0 de ch\u00e2taigniers immunis\u00e9s, le d\u00e9bat fait rage\u2026 comme une temp\u00eate en Bretagne.<\/p>\n<ul>\n<li><b>Pour\u202f:<\/b> moins de pesticides, des \u00e9cosyst\u00e8mes plus r\u00e9silients<\/li>\n<li><b>Contre\u202f:<\/b> risques inconnus, mainmise de l\u2019industrie pharma sur la nature<\/li>\n<li><b>Entre les deux\u202f:<\/b> un h\u00eatre perplexe qui se demande s\u2019il doit signer une clause de consentement<\/li>\n<\/ul>\n<h3>questions qui poussent comme du chiendent<\/h3>\n<p><b>\u00ab\u202fUn ch\u00eane vaccin\u00e9, \u00e7a donne du gland sans gluten\u202f?\u202f\u00bb<\/b><br \/> <br \/>\nNon, mais peut-\u00eatre des glands moins sensibles aux parasites. La modification est \u00e9ph\u00e9m\u00e8re, comme un rhume des foins chez les humains.<\/p>\n<p>[aib_post_related url=&rsquo;\/tendances\/salon-du-bien-etre\/&rsquo; title=&rsquo;Salon du bien-\u00eatre\u202f: d\u00e9couvrez les astuces in\u00e9dites et les exposants exclusifs pour une vie zen\u202f!&rsquo; relatedtext=&rsquo;Vous pourriez \u00e9galement \u00eatre int\u00e9ress\u00e9 par:&rsquo;]<\/p>\n<p><b>\u00ab\u202fEst-ce qu\u2019on va devoir planquer nos arbres anti-vax en for\u00eat\u202f?\u202f\u00bb<\/b><br \/> <br \/>\nPas de passe sanitaire pr\u00e9vu pour les bouleaux\u2026 pour l\u2019instant. Mais gare aux amendes si votre tilleul refuse son rappel\u202f!<\/p>\n<p><b>\u00ab\u202fEt si mon ficus attrape la varicelle, je le mets en quarantaine\u202f?\u202f\u00bb<\/b><br \/> <br \/>\nSeul risque av\u00e9r\u00e9\u202f: devoir expliquer \u00e0 vos voisins pourquoi votre palmier porte un masque en tissu.<\/p>\n<p>Sabatier, lui, continue d\u2019arroser ses \u00e9prouvettes. Entre utopie transg\u00e9nique et r\u00e9volution agronomique, son id\u00e9e secoue la biologie v\u00e9g\u00e9tale comme un cyclone dans une bambouseraie. Apr\u00e8s tout, comme disait Pr\u00e9vert\u202f: <b>\u00ab\u202fIl faut croire aux arbres qui cachent la for\u00eat\u2026 surtout s\u2019ils sont vaccin\u00e9s.\u202f\u00bb<\/b> Enfin, je crois.<\/p>\n<h2>la th\u00e9orie de jean marc sabatier : et si on expliquait la covid par&#8230; la m\u00e9t\u00e9o interstellaire ?<\/h2>\n<p>Et si le covid-19 \u00e9tait en r\u00e9alit\u00e9 une <b>histoire de nuages\u2026 mais pas ceux qui apportent la pluie<\/b> ? Jean Marc Sabatier, directeur de recherche au CNRS, nous propose une th\u00e9orie qui fait <b>danser les \u00e9toiles et tousser les virologues<\/b>. Selon lui, la pand\u00e9mie pourrait \u00eatre li\u00e9e \u00e0 la <b>\u00ab m\u00e9t\u00e9o interstellaire \u00bb<\/b> \u2013 comprenez : des variations de rayonnement cosmique influenc\u00e9es par le soleil. Imaginez un virus qui se balade avec un parapluie magn\u00e9tique, sautant d\u2019une \u00e9ruption solaire \u00e0 un nuage de particules pour mieux atterrir dans nos narines. <b>On n\u2019est plus dans un labo, mais dans un \u00e9pisode de <i>Doctor Who<\/i> revisit\u00e9 par M\u00e9t\u00e9o France<\/b>.<\/p>\n<h3>rayons cosmiques vs. covid : le match intergalactique<\/h3>\n<p>Sabatier avance que ces rayons venus du fin fond de l\u2019espace \u2013 <b>ces touristes \u00e9nerg\u00e9tiques<\/b> \u2013 modifient l\u2019atmosph\u00e8re terrestre, boostant la <b>stabilit\u00e9 du virus<\/b> et sa transmission. Traduction : quand le soleil fait des caprices (oui, il a ses <i>mood swings<\/i>), il envoie des vents solaires qui jouent les gardes du corps contre les rayons cosmiques. Moins de rayons = moins de covid. Mais si le soleil se la joue <i>cool<\/i>, les rayons d\u00e9barquent en force, et <b>paf<\/b>, on se retrouve avec un variant qui s\u2019incruste comme un cousin \u00e0 une soir\u00e9e barbecue. <b>Vous reprendrez bien un peu de physique quantique avec votre vaccin<\/b> ?<\/p>\n<p>[aib_post_related url=&rsquo;\/tendances\/citations-manon-lescaut\/&rsquo; title=&rsquo;Manon Lescaut\u00a0: Ces Citations Qui R\u00e9v\u00e8lent un Amour Tragique et Passionn\u00e9\u00a0!&rsquo; relatedtext=&rsquo;Vous pourriez \u00e9galement \u00eatre int\u00e9ress\u00e9 par:&rsquo;]<\/p>\n<h3>la science dit \u00ab euh\u2026 \u00bb<\/h3>\n<ul>\n<li><b>Les fans de Sabatier<\/b> : \u00ab Enfin une th\u00e9orie qui explique pourquoi le pic covid co\u00efncide avec mon horoscope qui parle de turbulences astrales ! \u00bb<\/li>\n<li><b>Les sceptiques<\/b> : \u00ab On a v\u00e9rifi\u00e9, et non, votre chargeur sans fil ne capte pas le variant Delta. \u00bb<\/li>\n<li><b>Les faits<\/b> : certaines \u00e9tudes relient bien les rayonnements UV et la survie des virus\u2026 mais l\u2019espace, c\u2019est un poil plus compliqu\u00e9. Comme disait Einstein : <i>\u00ab Tout est relatif, sauf le caf\u00e9 qui doit \u00eatre fort \u00bb<\/i>.<\/li>\n<\/ul>\n<h3>questions cosmiques sans prise de t\u00eate (ni combinaison spatiale)<\/h3>\n<p><b>\u00ab Et si j\u2019attrape le covid pendant une \u00e9clipse, est-ce que je deviens immortel ? \u00bb<\/b><br \/> <br \/>\nMalheureusement, non. Par contre, vous pourrez briller en soci\u00e9t\u00e9 avec des phrases comme : <i>\u00ab Selon Sabatier, mon syst\u00e8me immunitaire est sous influence solaire, tu comprends ? \u00bb<\/i>. <b>Effet garanti<\/b>.<\/p>\n<p><b>\u00ab Faut-il v\u00e9rifier la m\u00e9t\u00e9o interstellaire avant de sortir les mouchoirs ? \u00bb<\/b><br \/> <br \/>\nSi vous croisez un rayon cosmique, dites-lui bonjour\u2026 puis filez en pharmacie. <b>La prudence reste de mise<\/b>, m\u00eame si les nuages d\u2019antimati\u00e8re sont <i>tr\u00e8s<\/i> 2024.<\/p>\n<p><b>\u00ab Cette th\u00e9orie, c\u2019est du s\u00e9rieux ou du space opera ? \u00bb<\/b><br \/> <br \/>\nSabatier est un vrai scientifique, mais sa th\u00e9orie est encore en <b>mode hypoth\u00e8se<\/b>. En gros, c\u2019est comme si Netflix proposait <i>\u00ab Covid : Le Retour des Jedi \u00bb<\/i>\u2026 on attend la suite avant de juger.<\/p>\n<p><b>\u00ab Dois-je bl\u00e2mer la prochaine temp\u00eate solaire pour mon rhume ? \u00bb<\/b><br \/> <br \/>\nPourquoi pas ? <b>\u00c7a marche aussi avec les retards de train et les plants de tomates qui meurent<\/b>. L\u2019espace : bouc \u00e9missaire universel depuis 1969.<\/p>\n<p>Alors, la covid guid\u00e9e par les \u00e9toiles ? <b>Peut-\u00eatre pas\u2026 mais \u00e7a donne une excuse en or pour parler d\u2019astrophysique entre deux rappels vaccinaux<\/b>. Et si jamais un extraterrestre vous demande pourquoi vous portez un masque, vous savez quoi r\u00e9pondre : <i>\u00ab C\u2019est \u00e0 cause de votre putain de m\u00e9t\u00e9o, Kevin \u00bb<\/i>.<\/p>\n","protected":false},"excerpt":{"rendered":"<p>jean marc sabatier : le \u00ab\u00a0g\u00e9nie\u00a0\u00bb qui voulait vacciner les arbres (ou presque) ? Imaginez un monde o\u00f9 les ch\u00eanes se feraient piquer au vaccin avant l\u2019hiver, o\u00f9 les sapins r\u00e9clameraient leur dose de rappel en grognant \u00ab\u202fallez, c\u2019est pour ma pomme\u202f!\u202f\u00bb. Jean Marc Sabatier, microbiologiste de son \u00e9tat, a os\u00e9 y croire. Son id\u00e9e\u202f?&#8230;<\/p>\n","protected":false},"author":1,"featured_media":5280,"comment_status":"","ping_status":"","sticky":false,"template":"","format":"standard","meta":{"_kad_post_transparent":"","_kad_post_title":"","_kad_post_layout":"","_kad_post_sidebar_id":"","_kad_post_content_style":"","_kad_post_vertical_padding":"","_kad_post_feature":"","_kad_post_feature_position":"","_kad_post_header":false,"_kad_post_footer":false,"_kad_post_classname":"","iawp_total_views":0,"footnotes":""},"categories":[30],"tags":[],"class_list":["post-5279","post","type-post","status-publish","format-standard","has-post-thumbnail","hentry","category-divers"],"_links":{"self":[{"href":"https:\/\/www.dmoz.fr\/tendances\/wp-json\/wp\/v2\/posts\/5279","targetHints":{"allow":["GET"]}}],"collection":[{"href":"https:\/\/www.dmoz.fr\/tendances\/wp-json\/wp\/v2\/posts"}],"about":[{"href":"https:\/\/www.dmoz.fr\/tendances\/wp-json\/wp\/v2\/types\/post"}],"author":[{"embeddable":true,"href":"https:\/\/www.dmoz.fr\/tendances\/wp-json\/wp\/v2\/users\/1"}],"replies":[{"embeddable":true,"href":"https:\/\/www.dmoz.fr\/tendances\/wp-json\/wp\/v2\/comments?post=5279"}],"version-history":[{"count":0,"href":"https:\/\/www.dmoz.fr\/tendances\/wp-json\/wp\/v2\/posts\/5279\/revisions"}],"wp:featuredmedia":[{"embeddable":true,"href":"https:\/\/www.dmoz.fr\/tendances\/wp-json\/wp\/v2\/media\/5280"}],"wp:attachment":[{"href":"https:\/\/www.dmoz.fr\/tendances\/wp-json\/wp\/v2\/media?parent=5279"}],"wp:term":[{"taxonomy":"category","embeddable":true,"href":"https:\/\/www.dmoz.fr\/tendances\/wp-json\/wp\/v2\/categories?post=5279"},{"taxonomy":"post_tag","embeddable":true,"href":"https:\/\/www.dmoz.fr\/tendances\/wp-json\/wp\/v2\/tags?post=5279"}],"curies":[{"name":"wp","href":"https:\/\/api.w.org\/{rel}","templated":true}]}}