{"id":5365,"date":"2025-05-15T23:37:41","date_gmt":"2025-05-15T22:37:41","guid":{"rendered":"https:\/\/www.dmoz.fr\/tendances\/barbara-probst\/"},"modified":"2025-05-15T23:37:41","modified_gmt":"2025-05-15T22:37:41","slug":"barbara-probst","status":"publish","type":"post","link":"https:\/\/www.dmoz.fr\/tendances\/barbara-probst\/","title":{"rendered":"D\u00e9couvrez l&rsquo;Univers Unique de Barbara Probst, La Photographe Qui R\u00e9invente l&rsquo;Architecture !"},"content":{"rendered":"<p><\/p>\n<div id='video-container' data-video-id='9ASdbgJbx9Y' style='width:100%; height:auto; max-width:587px; position: relative;'>\n<div class='image-video-plugin' style='background:url(\"https:\/\/img.youtube.com\/vi\/9ASdbgJbx9Y\/0.jpg\") center no-repeat; background-size: cover;'><\/div>\n<p>        <span class='youtube-play-button'><\/span><br \/>\n        <noscript><a href=\"https:\/\/www.youtube.com\/watch?v=9ASdbgJbx9Y\" target=\"_blank\" rel=\"noopener\"><\/a><\/noscript>\n    <\/div>\n<p><\/p>\n<h2>barbara probst, la photographe qui d\u00e9fie la gravit\u00e9 et la logique<\/h2>\n<p>barbara probst, c\u2019est un peu comme si on avait demand\u00e9 \u00e0 un physicien de se lancer en photographie, mais avec beaucoup plus de cr\u00e9ativit\u00e9 et moins de formules compliqu\u00e9es. cette artiste allemande a une vision du monde qui d\u00e9fie carr\u00e9ment les lois de la gravit\u00e9 et de la logique. avec ses s\u00e9ries comme *exposures*, elle nous montre des sc\u00e8nes o\u00f9 tout semble normal\u2026 jusqu\u2019au moment o\u00f9 l\u2019on r\u00e9alise que la perspective est compl\u00e8tement loufoque. imaginez une femme qui se tient debout, mais dont les jambes flottent litt\u00e9ralement dans le vide, ou un homme qui semble marcher sur le mur comme s\u2019il s\u2019agissait du sol. c\u2019est un peu comme si elle avait jou\u00e9 \u00e0 \u00ab le photographe, le sujet et la gravit\u00e9 \u00bb, et que la gravit\u00e9 avait perdu.  <\/p>\n<p>mais barbara probst ne se contente pas de simplement cr\u00e9er des illusions visuelles. non, elle va beaucoup plus loin. elle utilise plusieurs appareils photo synchronis\u00e9s pour capturer une seule sc\u00e8ne sous diff\u00e9rents angles, et le r\u00e9sultat est une s\u00e9rie d\u2019images qui se r\u00e9pondent les unes aux autres. c\u2019est comme si elle prenait le spectateur par la main et le faisait tourner en rond dans un monde o\u00f9 le haut et le bas, l\u2019avant et l\u2019arri\u00e8re n\u2019ont plus aucun sens. et pourtant, malgr\u00e9 cette apparente folie, ses photographies restent incroyablement coh\u00e9rentes. on dirait presque qu\u2019elle a trouv\u00e9 un moyen de photographier les r\u00eaves, ceux o\u00f9 l\u2019on peut voler ou marcher sur les murs, mais avec une pr\u00e9cision et une clart\u00e9 qui font penser \u00e0 la r\u00e9alit\u00e9 la plus ordinaire.  <\/p>\n<h3>une artiste qui joue avec les perspectives<\/h3>\n<p>si vous croyez que la photographie, c\u2019est juste pointer son appareil et appuyer sur le d\u00e9clencheur, alors barbara probst est l\u00e0 pour vous d\u00e9montrer le contraire. ses images sont le fruit d\u2019un travail minutieux, o\u00f9 chaque d\u00e9tail est soigneusement orchestr\u00e9 pour cr\u00e9er cette impression de d\u00e9calage. elle joue avec les angles, les lumi\u00e8res, et m\u00eame les ombres, pour nous faire voir le monde d\u2019une mani\u00e8re que nous n\u2019aurions jamais imagin\u00e9e. et pourtant, malgr\u00e9 cette complexit\u00e9, ses photographies restent accessibles, presque comme si elles nous montraient quelque chose que nous aurions toujours su, mais que nous n\u2019avions jamais remarqu\u00e9.  <\/p>\n<p>et puis, il y a cette chose \u00e9trange qui se passe quand on regarde ses photos : on a envie de les toucher, de les explorer, de comprendre comment elle a fait. c\u2019est comme si chaque image \u00e9tait une invitation \u00e0 r\u00e9fl\u00e9chir, \u00e0 questionner notre perception de la r\u00e9alit\u00e9. et c\u2019est peut-\u00eatre l\u00e0 que r\u00e9side le g\u00e9nie de barbara probst : elle ne se contente pas de cr\u00e9er des images, elle cr\u00e9e des exp\u00e9riences, des moments o\u00f9 l\u2019on se sent un peu plus curieux, un peu plus \u00e9merveill\u00e9 par le monde qui nous entoure.  <\/p>\n<p>[aib_post_related url=&rsquo;\/tendances\/doctolib-mes-rendez-vous-a-venir\/&rsquo; title=&rsquo;Doctolib\u00a0: mes rendez-vous \u00e0 venir \u2013 comment tout organiser en un clic\u00a0?&rsquo; relatedtext=&rsquo;Vous pourriez \u00e9galement \u00eatre int\u00e9ress\u00e9 par:&rsquo;]<\/p>\n<h3>une \u0153uvre qui interroge et inspire<\/h3>\n<p>mais barbara probst ne s\u2019arr\u00eate pas l\u00e0. ses photographies sont aussi une r\u00e9flexion sur la mani\u00e8re dont nous percevons les choses. en montrant des sc\u00e8nes qui d\u00e9fient la logique, elle nous oblige \u00e0 nous questionner sur ce que nous consid\u00e9rons comme \u00ab normal \u00bb. est-ce que la gravit\u00e9 est vraiment une loi incontournable, ou est-ce juste une convention que nous avons accept\u00e9e ? ses images nous poussent \u00e0 sortir de notre zone de confort, \u00e0 imaginer un monde o\u00f9 les r\u00e8gles ne sont pas aussi rigid[aib_post_related url=&rsquo;\/tendances\/le-pape-francois-a-t-il-des-enfants\/&rsquo; title=&rsquo;Le pape Fran\u00e7ois a-t-il des enfants\u202f? La r\u00e9ponse \u00e9tonnante qui divise les croyants et intrigue le monde&rsquo; relatedtext=&rsquo;Vous pourriez \u00e9galement \u00eatre int\u00e9ress\u00e9 par:&rsquo;]<\/p>\n<h2>pourquoi les photos de barbara probst vous font rire et r\u00e9fl\u00e9chir en m\u00eame temps<\/h2>\n<p>Les photos de Barbara Probst sont un v\u00e9ritable coup de g\u00e9nie visuel. Elles ont ce pouvoir magique de vous faire rire aux larmes tout en vous plantant une petite graine de r\u00e9flexion dans le cerveau. C\u2019est comme si elle prenait votre cerveau, le secouait doucement, et lui disait : \u00ab H\u00e9, regarde \u00e7a, mais surtout, ne t\u2019endors pas ! \u00bb.<\/p>\n<h3>elles vous font rire avec leur humour d\u00e9cal\u00e9<\/h3>\n<p>Imaginez-vous en train de contempler une photo qui, au premier regard, semble tout \u00e0 fait banale. Puis, soudain, vous r\u00e9alisez que le personnage \u00e0 l\u2019arri\u00e8re-plan porte un costume de poulet, ou que l\u2019objet en premier plan ressemble \u00e9trangement une sculpture moderne. C\u2019est l\u00e0 que le rire arrive, par surprise, comme un coup de poing dans le ventre, mais sans la douleur, heureusement. Barbara Probst a ce don de transformer l\u2019ordinaire en extraordinaire, et c\u2019est dans ce d\u00e9calage que r\u00e9side son humour. Elle joue avec les codes de la photographie, les d\u00e9tourne, et nous fait rire de notre propre perception des choses.<\/p>\n<h3>elles vous font r\u00e9fl\u00e9chir avec leur profondeur insidieuse<\/h3>\n<p>Mais ne vous laissez pas tromper par l\u2019humour : derri\u00e8re le rire, il y a une r\u00e9flexion profonde. Les photos de Barbara Probst sont comme des miroirs qui nous renvoient notre propre image, mais avec un filtre d\u00e9cal\u00e9. Elles nous obligent \u00e0 questionner notre vision du monde, \u00e0 nous demander si ce que nous voyons est vraiment ce qui est, ou si c\u2019est juste une interpr\u00e9tation. C\u2019est une invitation \u00e0 sortir de notre zone de confort intellectuel, \u00e0 ne pas prendre les choses pour argent comptant. Et c\u2019est l\u00e0 que la r\u00e9flexion s\u2019installe, doucement, sans nous cogner sur le cr\u00e2ne.<\/p>\n<p>[aib_post_related url=&rsquo;\/tendances\/skyr-valeur-nutritionnelle\/&rsquo; title=&rsquo;Skyr valeur nutritionnelle : d\u00e9couvrez ses secrets sant\u00e9 et son incroyable richesse en prot\u00e9ines\u202f!&rsquo; relatedtext=&rsquo;Vous pourriez \u00e9galement \u00eatre int\u00e9ress\u00e9 par:&rsquo;]<\/p>\n<h3>elles jouent avec nos attentes<\/h3>\n<p>Barbara Probst est une ma\u00eetresse de l\u2019art de d\u00e9jouer nos attentes. Nous pensons savoir ce que nous allons voir, et puis\u2026 surprise ! Le clich\u00e9 est habilement d\u00e9tourn\u00e9, et nous voil\u00e0 plong\u00e9s dans un univers o\u00f9 rien n\u2019est comme il semble. C\u2019est cette tension entre attente et r\u00e9alit\u00e9 qui cr\u00e9e \u00e0 la fois le rire et la r\u00e9flexion. Nous rions parce que nous sommes pris au d\u00e9pourvu, et nous r\u00e9fl\u00e9chissons parce que nous devons comprendre ce qui se passe.<\/p>\n<h3>elles sont une ode \u00e0 la complexit\u00e9 de la vie<\/h3>\n<p>En fin de compte, les photos de Barbara Probst sont une ode \u00e0 la complexit\u00e9 de la vie. Elles nous montrent que rien n\u2019est jamais simple, que derri\u00e8re chaque image, chaque situation, il y a des couches et des couches de significations. Et c\u2019est dans cette complexit\u00e9 que r\u00e9side leur g\u00e9nie : elles nous font rire et r\u00e9fl\u00e9chir en m\u00eame temps, parce que la vie elle-m\u00eame est \u00e0 la fois dr\u00f4le et profonde.<\/p>\n<p>&#8212;<\/p>\n<p><b>Les questions que vous vous posez (mais que vous n\u2019osez pas demander)<\/b><\/p>\n<p>&#8211; <b>Pourquoi les photos de Barbara Probst sont-elles \u00e0 la fois dr\u00f4les et profondes ?<\/b><br \/>\n  Parce qu\u2019elle a compris que le rire est une porte d\u2019entr\u00e9e id\u00e9ale pour faire r\u00e9fl\u00e9chir les gens. En nous faisant rire, elle nous met dans un \u00e9tat de r\u00e9ceptivit\u00e9 parfaite pour recevoir ses messages plus profonds.<\/p>\n<p>&#8211; <b>Est-ce que ces photos sont faites pour tout le monde ?<\/b><br \/>\n  Absolument ! Que vous soyez un amateur d\u2019art \u00e9clair\u00e9 ou simplement quelqu\u2019un qui aime rigoler, les photos de Barbara Probst ont quelque chose pour tout le monde. C\u2019est une question de regard, et de courage pour voir au-del\u00e0 de la surface.<\/p>\n<p>&#8211; <b>Voir ces photos peut-il nous rendre meilleur ?<\/b><br \/>\n  Pourquoi pas ? En nous faisant rire et r\u00e9fl\u00e9chir, elles nous aident \u00e0 voir le monde sous un angle diff\u00e9rent. Et qui sait, peut-\u00eatre que cela nous inspire \u00e0 \u00eatre un peu plus curieux, un peu plus ouverts, et un peu plus dr\u00f4les nous-m\u00eames.<\/p>\n","protected":false},"excerpt":{"rendered":"<p>barbara probst, la photographe qui d\u00e9fie la gravit\u00e9 et la logique barbara probst, c\u2019est un peu comme si on avait demand\u00e9 \u00e0 un physicien de se lancer en photographie, mais avec beaucoup plus de cr\u00e9ativit\u00e9 et moins de formules compliqu\u00e9es. cette artiste allemande a une vision du monde qui d\u00e9fie carr\u00e9ment les lois de la&#8230;<\/p>\n","protected":false},"author":1,"featured_media":5366,"comment_status":"","ping_status":"","sticky":false,"template":"","format":"standard","meta":{"_kad_post_transparent":"","_kad_post_title":"","_kad_post_layout":"","_kad_post_sidebar_id":"","_kad_post_content_style":"","_kad_post_vertical_padding":"","_kad_post_feature":"","_kad_post_feature_position":"","_kad_post_header":false,"_kad_post_footer":false,"_kad_post_classname":"","iawp_total_views":5,"footnotes":""},"categories":[30],"tags":[],"class_list":["post-5365","post","type-post","status-publish","format-standard","has-post-thumbnail","hentry","category-divers"],"_links":{"self":[{"href":"https:\/\/www.dmoz.fr\/tendances\/wp-json\/wp\/v2\/posts\/5365","targetHints":{"allow":["GET"]}}],"collection":[{"href":"https:\/\/www.dmoz.fr\/tendances\/wp-json\/wp\/v2\/posts"}],"about":[{"href":"https:\/\/www.dmoz.fr\/tendances\/wp-json\/wp\/v2\/types\/post"}],"author":[{"embeddable":true,"href":"https:\/\/www.dmoz.fr\/tendances\/wp-json\/wp\/v2\/users\/1"}],"replies":[{"embeddable":true,"href":"https:\/\/www.dmoz.fr\/tendances\/wp-json\/wp\/v2\/comments?post=5365"}],"version-history":[{"count":0,"href":"https:\/\/www.dmoz.fr\/tendances\/wp-json\/wp\/v2\/posts\/5365\/revisions"}],"wp:featuredmedia":[{"embeddable":true,"href":"https:\/\/www.dmoz.fr\/tendances\/wp-json\/wp\/v2\/media\/5366"}],"wp:attachment":[{"href":"https:\/\/www.dmoz.fr\/tendances\/wp-json\/wp\/v2\/media?parent=5365"}],"wp:term":[{"taxonomy":"category","embeddable":true,"href":"https:\/\/www.dmoz.fr\/tendances\/wp-json\/wp\/v2\/categories?post=5365"},{"taxonomy":"post_tag","embeddable":true,"href":"https:\/\/www.dmoz.fr\/tendances\/wp-json\/wp\/v2\/tags?post=5365"}],"curies":[{"name":"wp","href":"https:\/\/api.w.org\/{rel}","templated":true}]}}