{"id":5544,"date":"2025-05-17T11:14:44","date_gmt":"2025-05-17T10:14:44","guid":{"rendered":"https:\/\/www.dmoz.fr\/tendances\/dernier-pape-noir\/"},"modified":"2025-05-17T11:14:44","modified_gmt":"2025-05-17T10:14:44","slug":"dernier-pape-noir","status":"publish","type":"post","link":"https:\/\/www.dmoz.fr\/tendances\/dernier-pape-noir\/","title":{"rendered":"Dernier pape noir\u00a0: l\u2019\u00e9nigme cach\u00e9e de l\u2019\u00c9glise enfin d\u00e9voil\u00e9e\u00a0!"},"content":{"rendered":"<p><\/p>\n<div id='video-container' data-video-id='U8NzoptZjCM' style='width:100%; height:auto; max-width:587px; position: relative;'>\n<div class='image-video-plugin' style='background:url(\"https:\/\/img.youtube.com\/vi\/U8NzoptZjCM\/0.jpg\") center no-repeat; background-size: cover;'><\/div>\n<p>        <span class='youtube-play-button'><\/span><br \/>\n        <noscript><a href=\"https:\/\/www.youtube.com\/watch?v=U8NzoptZjCM\" target=\"_blank\" rel=\"noopener\"><\/a><\/noscript>\n    <\/div>\n<p><\/p>\n<h2>dernier pape noir : la v\u00e9rit\u00e9 qui va faire tousser le vatican (et votre tante marie-jeanne)<\/h2>\n<p>Alors l\u00e0, accrochez-vous \u00e0 votre chapelet, parce que le dernier pape noir, c\u2019est le genre de sujet qui fait passer un pr\u00eache sur la chastet\u00e9 pour un one-man-show de Gad Elmaleh. Selon des rumeurs plus tenaces qu\u2019une tache de vin de messe sur une aube blanche, l\u2019\u00c9glise aurait enfoui un secret gros comme le budget annuel en encens : l\u2019existence (ou pas) d\u2019un pape noir. Pas noir de peau \u2013 quoique \u2013 mais noir de soutane, d\u2019intrigues et de myst\u00e8res fa\u00e7on Da Vinci Code. Le Vatican, lui, toussote en lisant \u00e7a, comme s\u2019il venait d\u2019avaler un ostie de travers. Et votre tante Marie-Jeanne ? Elle est d\u00e9j\u00e0 en train de compiler les th\u00e9ories sur Facebook, entre deux photos de chats et un appel \u00e0 boycotter les caramels mous.  <\/p>\n<p>Parlons s\u00e9rieux (ou presque). L\u2019histoire cite un certain \u00ab pape noir \u00bb au Moyen \u00c2ge, un titulaire suppos\u00e9 des enfers, chef des sorciers et grand patron des complots. Sauf qu\u2019en vrai, la seule chose noire \u00e0 l\u2019\u00e9poque, c\u2019\u00e9tait le dentier de votre a\u00efeule apr\u00e8s 60 ans de caf\u00e9 cors\u00e9. Les papes africains, eux, ont bien exist\u00e9 : Victor I<sup>er<\/sup> au II<sup>e<\/sup> si\u00e8cle, Miltiade au IV<sup>e<\/sup>. Mais un pape \u00ab noir \u00bb au sens \u00e9sot\u00e9rique ? C\u2019est comme dire que le pape Fran\u00e7ois a un compte TikTok d\u00e9di\u00e9 au twerk : \u00e7a fait r\u00eaver, mais faut v\u00e9rifier les sources.  <\/p>\n<h3>Le Vatican, Tante Marie-Jeanne et vous : qui ment, qui croit, qui s\u2019en fout ?<\/h3>\n<p><b>1. Le saviez-vous ?<\/b> En 2023, demander au Vatican de commenter le \u00ab pape noir \u00bb, c\u2019est comme demander \u00e0 un poisson rouge de r\u00e9citer l\u2019Iliade. La r\u00e9ponse officielle ? \u00ab *Circumbobottes* \u00bb, un m\u00e9lange de latin, de syllogismes et de g\u00eane mal dissimul\u00e9e.<br \/>\n<b>2. Tante Marie-Jeanne<\/b>, elle, a d\u00e9j\u00e0 tranch\u00e9 : \u00ab *C\u2019est \u00e0 cause des franc-ma\u00e7ons, des extraterrestres et de ce maudit Nutella sans huile de palme !* \u00bb. Son niveau de certitude ? Aussi solide que son gratin dauphinois.  <\/p>\n<h3>\u00ab Mais\u2026 c\u2019est vrai, oui ou merde ? \u00bb \u2013 La section qui r\u00e9pond (presque) \u00e0 vos questions<\/h3>\n<ul>\n<li><b>Y a-t-il eu un vrai pape noir ?<\/b> Oui, mais non. Disons que si l\u2019habit fait le moine, la rumeur fait le pape. Victor I<sup>er<\/sup> venait d\u2019Afrique\u2026 mais l\u2019Afrique romaine, donc la couleur de sa peau reste un d\u00e9bat aussi anim\u00e9 qu\u2019un repas de No\u00ebl apr\u00e8s trois bouteilles de rouge.<\/li>\n<li><b>Pourquoi le Vatican n\u2019en parle jamais ?<\/b> Parce que entre g\u00e9rer 1,3 milliard de cathos et r\u00e9pondre \u00e0 tonton Jean-Claude qui voit Satan dans sa soupe au potiron, y a un ordre de priorit\u00e9. Et puis, avouer \u00e7a reviendrait \u00e0 lancer un communiqu\u00e9 sur les licornes du 7<sup>e<\/sup> ciel.<\/li>\n<li><b>Tante Marie-Jeanne a-t-elle raison sur tout ?<\/b> Bien s\u00fbr ! Enfin, si on ignore les 99,9 % de ses pr\u00e9dictions (dont la fin du monde pr\u00e9vue 17 fois depuis 2012). Mais pour le pape noir, on lui accorde le b\u00e9n\u00e9fice du doute\u2026 et un troisi\u00e8me verre de ros\u00e9.<\/li>\n<\/ul>\n<p>\u00c9videmment, cette histoire de pape noir, c\u2019est le serpent de mer pr\u00e9f\u00e9r\u00e9 des complotistes, des historiens en manque de notori\u00e9t\u00e9 et des fabricants de bougies \u00ab exorcisme \u00e0 la vanille \u00bb. Mais entre nous, si un jour un pape noir surgit, esp\u00e9rons qu\u2019il ait au moins pens\u00e9 \u00e0 ramener des chaussures qui vont avec la soutane.[aib_post_related url=&rsquo;\/tendances\/vendre-sa-voiture-demarche\/&rsquo; title=&rsquo;Vendre sa voiture\u00a0: d\u00e9couvrez la d\u00e9marche express pour une vente \u00e9clair et sans tracas\u00a0!&rsquo; relatedtext=&rsquo;Vous pourriez \u00e9galement \u00eatre int\u00e9ress\u00e9 par:&rsquo;]<\/p>\n<h2>le dernier pape noir \u00e9tait-il un fan de dark vador ? enqu\u00eate sur une th\u00e9orie plus loufoque qu\u2019un chat dans un conclave<\/h2>\n<h3>quand la soutane rencontre la force (noire)<\/h3>\n<p>Imaginez un instant : un pape en robe noire, myst\u00e9rieux comme un espresso trop serr\u00e9, qui murmure *\u00ab que la Force soit avec toi \u00bb* pendant la messe de minuit. <b>Absurde<\/b> ? Comme un pape qui commanderait son br\u00e9viaire sur Amazon Prime. Pourtant, une th\u00e9orie plus tordue qu\u2019un bretzel alsacien circule : le \u00ab dernier pape noir \u00bb \u2013 comprenez le sup\u00e9rieur g\u00e9n\u00e9ral des j\u00e9suites, Arturo Sosa \u2013 serait un fanboy de Dark Vador. La preuve ? Son titre de \u00ab pape noir \u00bb, son air s\u00e9rieux \u00e0 faire p\u00e2lir un stormtrooper, et cette tendance \u00e0 diriger un ordre religieux avec la rigueur d\u2019un Sith en costard. Co\u00efncidence ? <b>Ou coup de pub du Vatican pour sortir *Star Wars* : \u00c9pisode IX \u2013 Le R\u00e9veil des J\u00e9suites<\/b> ?  <\/p>\n<p>Entre deux ex\u00e9g\u00e8ses bibliques, on a men\u00e9 l\u2019enqu\u00eate. D\u2019abord, <b>le terme \u00ab pape noir \u00bb<\/b> : ni une r\u00e9f\u00e9rence \u00e0 la couleur de la robe de Palpatine, ni un hommage \u00e0 Dark Vador, mais un surnom datant du XVI\u1d49 si\u00e8cle pour le chef des j\u00e9suites. Un peu d\u00e9cevant, comme si Obi-Wan r\u00e9v\u00e9lait que la Force, c\u2019est juste du yoga mal \u00e9clair\u00e9. Ensuite, les similitudes entre Dark Vador et le pape noir :  <\/p>\n<ul>\n<li>Une allure aust\u00e8re, digne d\u2019un m\u00e9chant de film muet.<\/li>\n<li>Une capacit\u00e9 \u00e0 susciter des rumeurs plus folles qu\u2019un concours de limbo lors d\u2019un synode.<\/li>\n<li>Un amour immod\u00e9r\u00e9 pour les capes (bon, l\u00e0, on a peut-\u00eatre un point commun).<\/li>\n<\/ul>\n<p>[aib_post_related url=&rsquo;\/tendances\/jul-instagram\/&rsquo; title=&rsquo;Jul Instagram\u00a0: d\u00e9couvrez les astuces secr\u00e8tes qui boostent sa pr\u00e9sence en ligne\u00a0! \ud83d\ude80&rsquo; relatedtext=&rsquo;Vous pourriez \u00e9galement \u00eatre int\u00e9ress\u00e9 par:&rsquo;]<\/p>\n<h3>dark sosa : la menace fant\u00f4me (de l\u2019humour)<\/h3>\n<p>Restons s\u00e9rieux deux secondes, comme un cat\u00e9chum\u00e8ne qui a oubli\u00e9 son *Notre P\u00e8re*. <b>Arturo Sosa<\/b>, actuel \u00ab pape noir \u00bb, est un v\u00e9n\u00e9zu\u00e9lien qui carbure \u00e0 la th\u00e9ologie, pas aux cristaux kyber. Si on fouille son pass\u00e9, aucune trace d\u2019un stage chez les Sith, ni d\u2019un tweet *\u00ab #DarkSide4Ever \u00bb*. Pire : ses discours parlent de pauvret\u00e9 et de justice sociale, pas de construction de Death Star \u00e9cologique. <b>Un scandale<\/b> ! Comment osent-ils g\u00e2cher une si belle th\u00e9orie conspirationniste avec des faits ?  <\/p>\n<p>Pourtant, les fans de la th\u00e9orie ne l\u00e2chent pas l\u2019affaire. *\u00ab Et la soutane noire, alors ? \u00bb*, clament-ils, oubliant au passage que Dark Vador pr\u00e9f\u00e8re le noir mat, pas le noir *\u201cje dirige une universit\u00e9 pontificale\u201d*. Et que r\u00e9pondre \u00e0 ceux qui voient dans la Compagnie de J\u00e9sus une version light du Premier Ordre ? <b>\u00ab Non mais all\u00f4, quoi \u00bb<\/b>, r\u00e9torquerait n\u2019importe quel j\u00e9suite en sirotant son th\u00e9. Les seules arm\u00e9es qu\u2019ils poss\u00e8dent sont des biblioth\u00e8ques, et leur seule arme secr\u00e8te, c\u2019est\u2026 l\u2019\u00e9ducation. Effrayant, n\u2019est-ce pas ?  <\/p>\n<p>[aib_post_related url=&rsquo;\/tendances\/vieille-ville-geneve\/&rsquo; title=&rsquo;D\u00e9couvrez les Secrets Cach\u00e9s de la Vieille Ville Gen\u00e8ve\u00a0: Charmes Historiques et Surprises Modernes\u00a0!&rsquo; relatedtext=&rsquo;Vous pourriez \u00e9galement \u00eatre int\u00e9ress\u00e9 par:&rsquo;]<\/p>\n<h3>questions qui piquent plus qu\u2019une mitre dans un rayon de soleil<\/h3>\n<p><b>Pourquoi appelle-t-on le sup\u00e9rieur des j\u00e9suites \u00ab pape noir \u00bb ?<\/b><br \/>\nParce que \u00ab pape gris anthracite \u00bb faisait moins vendre de chapelets. Plus s\u00e9rieusement : la robe noire des j\u00e9suites et leur influence historique leur ont valu ce surnom \u2013 bien avant que George Lucas ne conceptualise le c\u00f4t\u00e9 obscur de la Force.  <\/p>\n<p><b>Les j\u00e9suites ont-ils un sabre laser cach\u00e9 dans le Vatican ?<\/b><br \/>\nSi c\u2019est le cas, il est rang\u00e9 entre la pierre philosophale et le troisi\u00e8me secret de Fatima. Mais sur leur site officiel, ils proposent juste des retraites spirituelles, pas des stages de combat contre les Jedi. Dommage.  <\/p>\n<p><b>Dark Vador a-t-il d\u00e9j\u00e0 \u00e9t\u00e9 cit\u00e9 dans une encyclique ?<\/b><br \/>\nNon. Mais en 1977, Paul VI aurait d\u00e9clar\u00e9 : *\u00ab Ce film avec le m\u00e9chant qui respire mal\u2026 Bof. On a d\u00e9j\u00e0 Judas, c\u2019est suffisant. \u00bb* (Source : aucun texte officiel, \u00e9videmment. Mais avouez que \u00e7a aurait de la gueule.)<\/p>\n","protected":false},"excerpt":{"rendered":"<p>dernier pape noir : la v\u00e9rit\u00e9 qui va faire tousser le vatican (et votre tante marie-jeanne) Alors l\u00e0, accrochez-vous \u00e0 votre chapelet, parce que le dernier pape noir, c\u2019est le genre de sujet qui fait passer un pr\u00eache sur la chastet\u00e9 pour un one-man-show de Gad Elmaleh. Selon des rumeurs plus tenaces qu\u2019une tache de&#8230;<\/p>\n","protected":false},"author":1,"featured_media":5545,"comment_status":"","ping_status":"","sticky":false,"template":"","format":"standard","meta":{"_kad_post_transparent":"","_kad_post_title":"","_kad_post_layout":"","_kad_post_sidebar_id":"","_kad_post_content_style":"","_kad_post_vertical_padding":"","_kad_post_feature":"","_kad_post_feature_position":"","_kad_post_header":false,"_kad_post_footer":false,"_kad_post_classname":"","iawp_total_views":0,"footnotes":""},"categories":[30],"tags":[],"class_list":["post-5544","post","type-post","status-publish","format-standard","has-post-thumbnail","hentry","category-divers"],"_links":{"self":[{"href":"https:\/\/www.dmoz.fr\/tendances\/wp-json\/wp\/v2\/posts\/5544","targetHints":{"allow":["GET"]}}],"collection":[{"href":"https:\/\/www.dmoz.fr\/tendances\/wp-json\/wp\/v2\/posts"}],"about":[{"href":"https:\/\/www.dmoz.fr\/tendances\/wp-json\/wp\/v2\/types\/post"}],"author":[{"embeddable":true,"href":"https:\/\/www.dmoz.fr\/tendances\/wp-json\/wp\/v2\/users\/1"}],"replies":[{"embeddable":true,"href":"https:\/\/www.dmoz.fr\/tendances\/wp-json\/wp\/v2\/comments?post=5544"}],"version-history":[{"count":0,"href":"https:\/\/www.dmoz.fr\/tendances\/wp-json\/wp\/v2\/posts\/5544\/revisions"}],"wp:featuredmedia":[{"embeddable":true,"href":"https:\/\/www.dmoz.fr\/tendances\/wp-json\/wp\/v2\/media\/5545"}],"wp:attachment":[{"href":"https:\/\/www.dmoz.fr\/tendances\/wp-json\/wp\/v2\/media?parent=5544"}],"wp:term":[{"taxonomy":"category","embeddable":true,"href":"https:\/\/www.dmoz.fr\/tendances\/wp-json\/wp\/v2\/categories?post=5544"},{"taxonomy":"post_tag","embeddable":true,"href":"https:\/\/www.dmoz.fr\/tendances\/wp-json\/wp\/v2\/tags?post=5544"}],"curies":[{"name":"wp","href":"https:\/\/api.w.org\/{rel}","templated":true}]}}