{"id":5699,"date":"2025-05-21T10:21:45","date_gmt":"2025-05-21T09:21:45","guid":{"rendered":"https:\/\/www.dmoz.fr\/tendances\/laurent-wauquiez-bruno-retailleau\/"},"modified":"2025-05-21T10:21:45","modified_gmt":"2025-05-21T09:21:45","slug":"laurent-wauquiez-bruno-retailleau","status":"publish","type":"post","link":"https:\/\/www.dmoz.fr\/tendances\/laurent-wauquiez-bruno-retailleau\/","title":{"rendered":"Laurent Wauquiez et Bruno Retailleau\u00a0: leur alliance secr\u00e8te d\u00e9voil\u00e9e\u00a0!"},"content":{"rendered":"<p><\/p>\n<div id='video-container' data-video-id='RpKY17U0s5s' style='width:100%; height:auto; max-width:587px; position: relative;'>\n<div class='image-video-plugin' style='background:url(\"https:\/\/img.youtube.com\/vi\/RpKY17U0s5s\/0.jpg\") center no-repeat; background-size: cover;'><\/div>\n<p>        <span class='youtube-play-button'><\/span><br \/>\n        <noscript><a href=\"https:\/\/www.youtube.com\/watch?v=RpKY17U0s5s\" target=\"_blank\" rel=\"noopener\"><\/a><\/noscript>\n    <\/div>\n<p><\/p>\n<h2>Laurent Wauquiez et Bruno Retailleau : le duo improbable qui fait trembler (ou rire) la politique<\/h2>\n<p>Laurent Wauquiez et Bruno Retailleau, voil\u00e0 un duo qui, \u00e0 premi\u00e8re vue, semble sorti d\u2019une com\u00e9die politique. L\u2019un, Wauquiez, le \u00ab bulldozer \u00bb de la droite, connu pour ses phrases chocs et son franc-parler qui fait grincer des dents jusqu\u2019\u00e0 l\u2019\u00c9lys\u00e9e. L\u2019autre, Retailleau, l\u2019aristocrate discret, maniant l\u2019art de la rh\u00e9torique avec une \u00e9l\u00e9gance qui ferait p\u00e2lir un philosophe des Lumi\u00e8res. Ensemble, ils forment un tandem aussi surprenant qu\u2019un mariage entre un punk et un violoniste classique. Pourtant, c\u2019est bien cette alliance improbable qui secoue les couloirs du pouvoir, oscillant entre s\u00e9rieux et second degr\u00e9.  <\/p>\n<p><b>Leur objectif ?<\/b> Redonner du souffle \u00e0 une droite en qu\u00eate de renouveau. Wauquiez, avec son style \u00ab coup de poing \u00bb, et Retailleau, avec sa finesse strat\u00e9gique, semblent compl\u00e9mentaires. Mais attention, derri\u00e8re cette apparente harmonie se cachent des divergences qui pourraient faire exploser le duo \u00e0 tout moment. Car si Wauquiez mise sur le choc des id\u00e9es, Retailleau pr\u00e9f\u00e8re la subtilit\u00e9 du dialogue. R\u00e9sultat : un spectacle politique o\u00f9 l\u2019on ne sait plus s\u2019il faut applaudir ou se tenir les c\u00f4tes.  <\/p>\n<h3>Questions que vous vous posez (et on y r\u00e9pond !)<\/h3>\n<ul>\n<li><b>Pourquoi ce duo fait-il autant parler ?<\/b> Parce qu\u2019ils incarnent deux facettes oppos\u00e9es de la droite, cr\u00e9ant une dynamique \u00e0 la fois intrigante et amusante.<\/li>\n<li><b>Leur alliance est-elle solide ?<\/b> \u00c0 en juger par leurs diff\u00e9rences, on pourrait croire \u00e0 une bombe \u00e0 retardement. Mais c\u2019est peut-\u00eatre justement ce qui les rend si efficaces.<\/li>\n<li><b>Font-ils rire ou trembler la politique ?<\/b> Les deux, mon capitaine ! Leur duo est un savant m\u00e9lange de s\u00e9rieux et d\u2019humour involontaire.<\/li>\n<\/ul>\n<h2>Quand Wauquiez et Retailleau s\u2019allient, est-ce une strat\u00e9gie g\u00e9niale ou une com\u00e9die involontaire ?<\/h2>\n<p>L\u2019alliance entre Laurent Wauquiez et Bruno Retailleau, c\u2019est un peu comme un mariage arrang\u00e9 entre un bulldozer et un philosophe. D\u2019un c\u00f4t\u00e9, Wauquiez, le bulldozer, connu pour son franc-parler et son style \u00ab bulldozer politique \u00bb qui n\u2019h\u00e9site pas \u00e0 \u00e9craser les subtilit\u00e9s. De l\u2019autre, Retailleau, le philosophe, plus mesur\u00e9, plus r\u00e9fl\u00e9chi, mais parfois un peu trop dans les nuages. Ensemble, ils forment un duo qui pourrait soit r\u00e9volutionner la droite fran\u00e7aise, soit donner lieu \u00e0 une com\u00e9die politique digne d\u2019un sketch des *Guignols de l\u2019info*. La question est : est-ce une strat\u00e9gie g\u00e9niale pour s\u00e9duire un \u00e9lectorat large, ou une com\u00e9die involontaire qui finira en fiasco ?  <\/p>\n<p>Certains y voient une alliance de raison, un moyen de rassembler les diff\u00e9rentes sensibilit\u00e9s de la droite. Wauquiez, avec son ancrage local et son pragmatisme, pourrait attirer les \u00e9lecteurs d\u00e9\u00e7us par le macronisme, tandis que Retailleau, avec son discours plus intellectuel, pourrait s\u00e9duire les conservateurs traditionnels. Mais d\u2019autres s\u2019interrogent : ces deux-l\u00e0 sont-ils vraiment sur la m\u00eame longueur d\u2019onde ? Leur collaboration ressemble parfois \u00e0 un tango o\u00f9 l\u2019un danse le paso doble et l\u2019autre la valse. R\u00e9sultat : on se demande s\u2019ils vont finir par se marcher sur les pieds ou s\u2019ils vont r\u00e9ussir \u00e0 cr\u00e9er une chor\u00e9graphie politique in\u00e9dite.  <\/p>\n<p>[aib_post_related url=&rsquo;\/tendances\/1-an-de-mariage\/&rsquo; title=&rsquo;1 an de mariage\u00a0: d\u00e9couvrez les secrets d\u2019une premi\u00e8re ann\u00e9e r\u00e9ussie\u00a0!&rsquo; relatedtext=&rsquo;Vous pourriez \u00e9galement \u00eatre int\u00e9ress\u00e9 par:&rsquo;]<\/p>\n<h3>Wauquiez et Retailleau : questions qui turlupinent<\/h3>\n<ul>\n<li><b>Leur alliance est-elle durable ou juste un mariage de circonstance ?<\/b> On dirait un couple qui se met ensemble pour \u00e9viter de finir c\u00e9libataire, mais est-ce que \u00e7a va tenir sur le long terme ?<\/li>\n<li><b>Qui m\u00e8ne la danse dans ce duo ?<\/b> Wauquiez avec son style direct ou Retailleau avec sa rh\u00e9torique \u00e9labor\u00e9e ? Ou bien personne, et c\u2019est l\u00e0 que \u00e7a devient dr\u00f4le ?<\/li>\n<li><b>Est-ce que cette alliance peut vraiment s\u00e9duire l\u2019\u00e9lectorat ?<\/b> Entre le pragmatisme de l\u2019un et l\u2019id\u00e9alisme de l\u2019autre, y a-t-il vraiment une recette gagnante ?<\/li>\n<\/ul>\n","protected":false},"excerpt":{"rendered":"<p>Laurent Wauquiez et Bruno Retailleau : le duo improbable qui fait trembler (ou rire) la politique Laurent Wauquiez et Bruno Retailleau, voil\u00e0 un duo qui, \u00e0 premi\u00e8re vue, semble sorti d\u2019une com\u00e9die politique. L\u2019un, Wauquiez, le \u00ab bulldozer \u00bb de la droite, connu pour ses phrases chocs et son franc-parler qui fait grincer des dents&#8230;<\/p>\n","protected":false},"author":1,"featured_media":5700,"comment_status":"","ping_status":"","sticky":false,"template":"","format":"standard","meta":{"_kad_post_transparent":"","_kad_post_title":"","_kad_post_layout":"","_kad_post_sidebar_id":"","_kad_post_content_style":"","_kad_post_vertical_padding":"","_kad_post_feature":"","_kad_post_feature_position":"","_kad_post_header":false,"_kad_post_footer":false,"_kad_post_classname":"","iawp_total_views":0,"footnotes":""},"categories":[28],"tags":[],"class_list":["post-5699","post","type-post","status-publish","format-standard","has-post-thumbnail","hentry","category-personnalites"],"_links":{"self":[{"href":"https:\/\/www.dmoz.fr\/tendances\/wp-json\/wp\/v2\/posts\/5699","targetHints":{"allow":["GET"]}}],"collection":[{"href":"https:\/\/www.dmoz.fr\/tendances\/wp-json\/wp\/v2\/posts"}],"about":[{"href":"https:\/\/www.dmoz.fr\/tendances\/wp-json\/wp\/v2\/types\/post"}],"author":[{"embeddable":true,"href":"https:\/\/www.dmoz.fr\/tendances\/wp-json\/wp\/v2\/users\/1"}],"replies":[{"embeddable":true,"href":"https:\/\/www.dmoz.fr\/tendances\/wp-json\/wp\/v2\/comments?post=5699"}],"version-history":[{"count":0,"href":"https:\/\/www.dmoz.fr\/tendances\/wp-json\/wp\/v2\/posts\/5699\/revisions"}],"wp:featuredmedia":[{"embeddable":true,"href":"https:\/\/www.dmoz.fr\/tendances\/wp-json\/wp\/v2\/media\/5700"}],"wp:attachment":[{"href":"https:\/\/www.dmoz.fr\/tendances\/wp-json\/wp\/v2\/media?parent=5699"}],"wp:term":[{"taxonomy":"category","embeddable":true,"href":"https:\/\/www.dmoz.fr\/tendances\/wp-json\/wp\/v2\/categories?post=5699"},{"taxonomy":"post_tag","embeddable":true,"href":"https:\/\/www.dmoz.fr\/tendances\/wp-json\/wp\/v2\/tags?post=5699"}],"curies":[{"name":"wp","href":"https:\/\/api.w.org\/{rel}","templated":true}]}}