{"id":57,"date":"2025-02-09T21:52:42","date_gmt":"2025-02-09T20:52:42","guid":{"rendered":"https:\/\/www.dmoz.fr\/tendances\/laura-bensadoun-portrait-et-actualites-de-la-personnalite\/"},"modified":"2025-02-09T21:52:42","modified_gmt":"2025-02-09T20:52:42","slug":"laura-bensadoun-portrait-et-actualites-de-la-personnalite","status":"publish","type":"post","link":"https:\/\/www.dmoz.fr\/tendances\/laura-bensadoun-portrait-et-actualites-de-la-personnalite\/","title":{"rendered":"Laura Bensadoun : portrait et actualit\u00e9s de la personnalit\u00e9"},"content":{"rendered":"\n<figure class='wp-block-image size-full'>\n<img width=\"1792\" height=\"1024\" src=\"https:\/\/www.dmoz.fr\/tendances\/wp-content\/uploads\/2025\/02\/Laura-Bensadoun-portrait-et-actualites-de-la-personnalite.png\" class=\"attachment-full size-full\" alt=\"d\u00e9couvrez le portrait de laura bensadoun, cette personnalit\u00e9 fascinante, ainsi que les derni\u00e8res actualit\u00e9s la concernant. plongez dans son univers et suivez son parcours inspirant.\" decoding=\"async\" srcset=\"https:\/\/www.dmoz.fr\/tendances\/wp-content\/uploads\/2025\/02\/Laura-Bensadoun-portrait-et-actualites-de-la-personnalite.png 1792w, https:\/\/www.dmoz.fr\/tendances\/wp-content\/uploads\/2025\/02\/Laura-Bensadoun-portrait-et-actualites-de-la-personnalite-300x171.png 300w, https:\/\/www.dmoz.fr\/tendances\/wp-content\/uploads\/2025\/02\/Laura-Bensadoun-portrait-et-actualites-de-la-personnalite-1024x585.png 1024w, https:\/\/www.dmoz.fr\/tendances\/wp-content\/uploads\/2025\/02\/Laura-Bensadoun-portrait-et-actualites-de-la-personnalite-768x439.png 768w, https:\/\/www.dmoz.fr\/tendances\/wp-content\/uploads\/2025\/02\/Laura-Bensadoun-portrait-et-actualites-de-la-personnalite-1536x878.png 1536w\" sizes=\"(max-width: 1792px) 100vw, 1792px\" title=\"\">\n<\/figure>\n\n\n\n<p>Dans le monde effervescent de la mode et de la c\u00e9l\u00e9brit\u00e9, <strong>Laura Bensadoun<\/strong> \u00e9merge comme une figure captivante, alliant son charme \u00e0 une carri\u00e8re grandissante. Connue pour sa relation avec <strong>Alain-Fabien Delon<\/strong>, le fils de la l\u00e9gende du cin\u00e9ma Alain Delon, Laura n&rsquo;est pas qu&rsquo;une simple compagne ; elle incarne \u00e9galement de nombreuses facettes intrigantes. Cet article explore son parcours, son actualit\u00e9 et l&rsquo;impact qu&rsquo;elle a sur la soci\u00e9t\u00e9 contemporaine.<\/p>\n\n\n<h2 class=\"wp-block-heading\">Les d\u00e9buts de Laura Bensadoun<\/h2>\n\n\n<p>N\u00e9e le 19 octobre 1995, <strong>Laura Bensadoun<\/strong> est une mannequin fran\u00e7aise qui ne cesse de faire parler d&rsquo;elle. Dot\u00e9e d&rsquo;un charme ind\u00e9niable, elle a su se frayer un chemin dans un milieu souvent impitoyable. Lauren a d\u00e9j\u00e0 pos\u00e9 pour plusieurs magazines prestigieux et a travaill\u00e9 avec diff\u00e9rentes marques, t\u00e9moignant de son influence croissante dans le monde de la mode. Mais au-del\u00e0 des d\u00e9fil\u00e9s, c&rsquo;est son histoire personnelle qui attire l&rsquo;attention.<\/p>\n\n\n<h2 class=\"wp-block-heading\">Une rencontre propice \u00e0 la lumi\u00e8re<\/h2>\n\n\n<p>Sa relation avec <strong>Alain-Fabien Delon<\/strong> a probablement propuls\u00e9 son nom sur toutes les l\u00e8vres. Le jeune homme a partag\u00e9 leur rencontre dans un entretien, le d\u00e9crivant comme un moment o\u00f9 \u00ab\u00a0on s&rsquo;\u00e9tait crois\u00e9s, perdus de vue, puis recrois\u00e9s\u00a0\u00bb. Cette anecdote embellit encore plus leur histoire d&rsquo;amour, en la m\u00ealant \u00e0 une touche d&rsquo;ironie : qui aurait cru que le fils d&rsquo;un acteur l\u00e9gendaire serait aussi sensible \u00e0 un simple \u00ab\u00a0verre entre amis\u00a0\u00bb ? Pour d\u00e9couvrir plus de d\u00e9tails sur cette rencontre f\u00e9erique, on vous invite \u00e0 lire l&rsquo;article sur <a href=\"https:\/\/madame.lefigaro.fr\/celebrites\/actu-people\/alain-fabien-delon-raconte-sa-rencontre-avec-laura-bensadoun-on-est-alles-boire-un-verre-et-voila-nous-serons-bientot-parents-20250206\" rel=\"nofollow noopener\" target=\"_blank\">Madame Figaro<\/a>.<\/p>\n\n\n<h2 class=\"wp-block-heading\">Attente d&rsquo;un heureux \u00e9v\u00e9nement<\/h2>\n\n\n<p>Le couple a r\u00e9cemment annonc\u00e9 une nouvelle qui a mis le feu aux poudres : ils attendent leur premier enfant. Une nouvelle qui, selon les rumeurs, fait le bonheur du clan Delon et offre \u00e0 Alain-Fabien une nouvelle raison de sourire apr\u00e8s une \u00ab\u00a0p\u00e9riode obscure\u00a0\u00bb de sa vie. Le choix des heureux parents de partager ce moment de vuln\u00e9rabilit\u00e9 avec le monde montre un beau m\u00e9lange d&rsquo;authenticit\u00e9 et de glamour. Parce que finalement, qui n&rsquo;aime pas un bon r\u00e9cit de vie sur fond de paillettes et de larmes ? Plus d&rsquo;informations sur cet \u00e9v\u00e9nement peuvent \u00eatre consult\u00e9es sur <a href=\"https:\/\/www.parismatch.be\/actualites\/people\/2025\/02\/06\/alain-fabien-delon-futur-papa-et-laura-racontent-leur-rencontre-entre-chagrin-et-euphorie-R3SI7NITRNEV7HO2FTM3UQJPC4\/\" rel=\"nofollow noopener\" target=\"_blank\">Paris Match<\/a>.<\/p>\n\n\n<h2 class=\"wp-block-heading\">Laura Bensadoun : entre projet et influence<\/h2>\n\n\n<p>En dehors de sa relation avec Alain-Fabien, Laura Bensadoun a \u00e9galement su tirer profit de sa notori\u00e9t\u00e9. Avec une pr\u00e9sence croissante sur les r\u00e9seaux sociaux, elle partage des moments de sa vie quotidienne, mais \u00e9galement des r\u00e9flexions sur son m\u00e9tier de mannequin. Loin des st\u00e9r\u00e9otypes habituels, elle parvient \u00e0 se forger une identit\u00e9 propre tout en restant fid\u00e8le \u00e0 ses valeurs. Qui aurait pu imaginer qu&rsquo;une jeune femme pouvait red\u00e9finir le terme \u00ab\u00a0influence\u00a0\u00bb avec tant d&rsquo;art ? Les passionn\u00e9s de culture populaire peuvent \u00e9galement se pencher sur des articles publi\u00e9s par <a href=\"https:\/\/www.elle.fr\/People\/La-vie-des-people\/News\/Alain-Fabien-Delon-et-sa-compagne-Laura-Bensadoun-attendent-leur-premier-enfant-4311680\" rel=\"nofollow noopener\" target=\"_blank\">Elle<\/a> pour plus d&rsquo;insights sur sa personnalit\u00e9.<\/p>\n\n\n<h2 class=\"wp-block-heading\">Conclusion : une personnalit\u00e9 \u00e0 suivre<\/h2>\n\n\n<p>Enfin, Laura Bensadoun ne se contente pas d&rsquo;\u00eatre la compagne de l&rsquo;h\u00e9ritier Delon. Elle repr\u00e9sente un m\u00e9lange subtil d&rsquo;ironie, de charme naturel, et de r\u00e9flexion sur la soci\u00e9t\u00e9 actuelle. Alors que son histoire d&rsquo;amour se d\u00e9ploie sous les feux des projecteurs, elle nous rappelle que chaque personnalit\u00e9 publique sait amener son lot d&rsquo;\u00e9motions et de r\u00e9alisme, m\u00eame dans un monde o\u00f9 l&rsquo;artifice semble souvent tout dominer. Pour des d\u00e9tails suppl\u00e9mentaires, le site <a href=\"https:\/\/www.marieclaire.fr\/l-ame-la-plus-douce-qui-est-laura-bensadoun-a-qui-alain-fabien-delon-a-adresse-une-grande-declaration-d-amour,1483197.asp\" rel=\"nofollow noopener\" target=\"_blank\">Marie Claire<\/a> offre un approfondissement de sa biographie.<\/p>\n","protected":false},"excerpt":{"rendered":"<p>Dans le monde effervescent de la mode et de la c\u00e9l\u00e9brit\u00e9, Laura Bensadoun \u00e9merge comme une figure captivante, alliant son charme \u00e0 une carri\u00e8re grandissante. Connue pour sa relation avec Alain-Fabien Delon, le fils de la l\u00e9gende du cin\u00e9ma Alain Delon, Laura n&rsquo;est pas qu&rsquo;une simple compagne ; elle incarne \u00e9galement de nombreuses facettes intrigantes&#8230;.<\/p>\n","protected":false},"author":1,"featured_media":58,"comment_status":"","ping_status":"","sticky":false,"template":"","format":"standard","meta":{"_kad_post_transparent":"","_kad_post_title":"","_kad_post_layout":"","_kad_post_sidebar_id":"","_kad_post_content_style":"","_kad_post_vertical_padding":"","_kad_post_feature":"","_kad_post_feature_position":"","_kad_post_header":false,"_kad_post_footer":false,"_kad_post_classname":"","iawp_total_views":4,"footnotes":""},"categories":[1],"tags":[],"class_list":["post-57","post","type-post","status-publish","format-standard","has-post-thumbnail","hentry","category-actualites"],"_links":{"self":[{"href":"https:\/\/www.dmoz.fr\/tendances\/wp-json\/wp\/v2\/posts\/57","targetHints":{"allow":["GET"]}}],"collection":[{"href":"https:\/\/www.dmoz.fr\/tendances\/wp-json\/wp\/v2\/posts"}],"about":[{"href":"https:\/\/www.dmoz.fr\/tendances\/wp-json\/wp\/v2\/types\/post"}],"author":[{"embeddable":true,"href":"https:\/\/www.dmoz.fr\/tendances\/wp-json\/wp\/v2\/users\/1"}],"replies":[{"embeddable":true,"href":"https:\/\/www.dmoz.fr\/tendances\/wp-json\/wp\/v2\/comments?post=57"}],"version-history":[{"count":0,"href":"https:\/\/www.dmoz.fr\/tendances\/wp-json\/wp\/v2\/posts\/57\/revisions"}],"wp:featuredmedia":[{"embeddable":true,"href":"https:\/\/www.dmoz.fr\/tendances\/wp-json\/wp\/v2\/media\/58"}],"wp:attachment":[{"href":"https:\/\/www.dmoz.fr\/tendances\/wp-json\/wp\/v2\/media?parent=57"}],"wp:term":[{"taxonomy":"category","embeddable":true,"href":"https:\/\/www.dmoz.fr\/tendances\/wp-json\/wp\/v2\/categories?post=57"},{"taxonomy":"post_tag","embeddable":true,"href":"https:\/\/www.dmoz.fr\/tendances\/wp-json\/wp\/v2\/tags?post=57"}],"curies":[{"name":"wp","href":"https:\/\/api.w.org\/{rel}","templated":true}]}}