{"id":5701,"date":"2025-05-21T10:36:43","date_gmt":"2025-05-21T09:36:43","guid":{"rendered":"https:\/\/www.dmoz.fr\/tendances\/rappeur-werenoi-cause-de-sa-mort\/"},"modified":"2025-05-21T10:36:43","modified_gmt":"2025-05-21T09:36:43","slug":"rappeur-werenoi-cause-de-sa-mort","status":"publish","type":"post","link":"https:\/\/www.dmoz.fr\/tendances\/rappeur-werenoi-cause-de-sa-mort\/","title":{"rendered":"Rappeur Werenoi\u00a0: quelle est la cause de sa mort\u00a0?"},"content":{"rendered":"<p><\/p>\n<div id='video-container' data-video-id='pxSR6ghqcHQ' style='width:100%; height:auto; max-width:587px; position: relative;'>\n<div class='image-video-plugin' style='background:url(\"https:\/\/img.youtube.com\/vi\/pxSR6ghqcHQ\/0.jpg\") center no-repeat; background-size: cover;'><\/div>\n<p>        <span class='youtube-play-button'><\/span><br \/>\n        <noscript><a href=\"https:\/\/www.youtube.com\/watch?v=pxSR6ghqcHQ\" target=\"_blank\" rel=\"noopener\"><\/a><\/noscript>\n    <\/div>\n<p><\/p>\n<h2>werenoi cause de sa mort : une enqu\u00eate qui ne manque pas de rythme<\/h2>\n<p>La mort de Werenoi, ce rappeur au flow aussi percutant qu\u2019un coup de poing dans un mur de briques, a suscit\u00e9 autant de questions qu\u2019un \u00e9pisode de *Columbo* o\u00f9 tout le monde ment. L\u2019enqu\u00eate autour de sa disparition est un v\u00e9ritable thriller, m\u00ealant rumeurs, th\u00e9ories folles et une dose de suspense digne d\u2019un polar fran\u00e7ais des ann\u00e9es 70. Les rues chuchotent, les r\u00e9seaux sociaux s\u2019enflamment, et les enqu\u00eateurs, eux, courent apr\u00e8s des indices comme des chats apr\u00e8s un laser. <b>Une chose est s\u00fbre : cette affaire ne manque pas de rythme, comme un bon beat qui te colle \u00e0 la peau.<\/b>  <\/p>\n<p>Entre les t\u00e9moignages contradictoires et les zones d\u2019ombre plus sombres qu\u2019une cave sans \u00e9lectricit\u00e9, l\u2019affaire Werenoi ressemble \u00e0 un puzzle dont les pi\u00e8ces ont \u00e9t\u00e9 dispers\u00e9es par un vent malicieux. Certains pointent du doigt des rivalit\u00e9s dans le milieu du rap, d\u2019autres \u00e9voquent des histoires personnelles aussi tordues qu\u2019un sc\u00e9nario de s\u00e9rie Netflix. **Et puis, il y a ceux qui croient \u00e0 un coup mont\u00e9, parce que, soyons honn\u00eates, dans ce genre d\u2019affaire, il y a toujours quelqu\u2019un pour crier au complot.** Bref, l\u2019enqu\u00eate avance, mais elle danse sur un fil aussi tendu qu\u2019une corde de guitare apr\u00e8s un concert de m\u00e9tal.  <\/p>\n<h3>Les questions qui br\u00fblent les l\u00e8vres<\/h3>\n<ul>\n<li><b>Werenoi \u00e9tait-il vraiment en conflit avec d\u2019autres artistes ?<\/b> Les rumeurs vont bon train, mais les preuves restent aussi rares qu\u2019un jour sans embouteillages \u00e0 Paris.<\/li>\n<li><b>Y a-t-il eu des menaces avant sa mort ?<\/b> Les enqu\u00eateurs fouillent chaque recoin, mais pour l\u2019instant, c\u2019est le flou artistique qui domine.<\/li>\n<li><b>Pourquoi cette affaire suscite-t-elle autant de passions ?<\/b> Parce que Werenoi, c\u2019\u00e9tait plus qu\u2019un rappeur, c\u2019\u00e9tait une voix, un style, une \u00e9nergie qui r\u00e9sonne encore dans les esprits.<\/li>\n<\/ul>\n<h2>de la sc\u00e8ne au myst\u00e8re : la l\u00e9gende de Werenoi<\/h2>\n<h2>De la sc\u00e8ne au myst\u00e8re : la l\u00e9gende de Werenoi<\/h2>\n<p>Werenoi, de son vrai nom Mathieu Pruski, est bien plus qu\u2019un rappeur : c\u2019est un conteur moderne qui a su tisser une aura de myst\u00e8re autour de son personnage. <b>De la sc\u00e8ne au myst\u00e8re<\/b>, son parcours est une v\u00e9ritable \u00e9nigme \u00e0 d\u00e9chiffrer. Originaire de Lyon, il a su se faire un nom dans le rap fran\u00e7ais en m\u00ealant des textes profonds \u00e0 des m\u00e9lodies hypnotiques. Mais ce qui fascine le plus, c\u2019est sa capacit\u00e9 \u00e0 rester insaisissable. Werenoi ne se d\u00e9voile que par bribes, laissant ses fans sp\u00e9culer sur sa vie, ses influences et ses intentions. <b>Est-il un po\u00e8te maudit des temps modernes ou simplement un g\u00e9nie du marketing ?<\/b> La question reste ouverte.  <\/p>\n<p>Ce qui est s\u00fbr, c\u2019est que Werenoi a su cr\u00e9er une l\u00e9gende autour de son art. Ses clips, souvent sombres et oniriques, ajoutent une couche suppl\u00e9mentaire de myst\u00e8re \u00e0 son univers. <b>Ses paroles, entre introspection et provocation, r\u00e9sonnent comme des \u00e9nigmes \u00e0 r\u00e9soudre.<\/b> Et puis, il y a son flow, \u00e0 la fois fluide et percutant, qui semble d\u00e9fier les codes du rap traditionnel. Werenoi ne se contente pas de rapper, il raconte une histoire, la sienne, mais aussi celle d\u2019une g\u00e9n\u00e9ration en qu\u00eate de sens. <b>Et c\u2019est peut-\u00eatre \u00e7a, le vrai myst\u00e8re : comment un artiste peut-il \u00eatre \u00e0 la fois si proche et si lointain ?<\/b>  <\/p>\n<p>[aib_post_related url=&rsquo;\/tendances\/juan-branco-twitter\/&rsquo; title=&rsquo;Juan Branco sur Twitter\u00a0: d\u00e9couvrez ses prises de position les plus marquantes&rsquo; relatedtext=&rsquo;Vous pourriez \u00e9galement \u00eatre int\u00e9ress\u00e9 par:&rsquo;]<\/p>\n<h3>Werenoi : vos questions, nos r\u00e9ponses<\/h3>\n<ul>\n<li><b>Pourquoi Werenoi est-il si myst\u00e9rieux ?<\/b> Parce qu\u2019il a choisi de laisser son art parler pour lui, pr\u00e9f\u00e9rant l\u2019ambigu\u00eft\u00e9 \u00e0 la transparence.<\/li>\n<li><b>Quel est le secret de son succ\u00e8s ?<\/b> Un m\u00e9lange unique de textes percutants, de m\u00e9lodies envo\u00fbtantes et d\u2019une image soigneusement travaill\u00e9e.<\/li>\n<li><b>Werenoi est-il un po\u00e8te ou un rappeur ?<\/b> Les deux, et c\u2019est ce qui fait de lui un artiste \u00e0 part dans la sc\u00e8ne fran\u00e7aise.<\/li>\n<\/ul>\n","protected":false},"excerpt":{"rendered":"<p>werenoi cause de sa mort : une enqu\u00eate qui ne manque pas de rythme La mort de Werenoi, ce rappeur au flow aussi percutant qu\u2019un coup de poing dans un mur de briques, a suscit\u00e9 autant de questions qu\u2019un \u00e9pisode de *Columbo* o\u00f9 tout le monde ment. L\u2019enqu\u00eate autour de sa disparition est un v\u00e9ritable&#8230;<\/p>\n","protected":false},"author":1,"featured_media":5702,"comment_status":"","ping_status":"","sticky":false,"template":"","format":"standard","meta":{"_kad_post_transparent":"","_kad_post_title":"","_kad_post_layout":"","_kad_post_sidebar_id":"","_kad_post_content_style":"","_kad_post_vertical_padding":"","_kad_post_feature":"","_kad_post_feature_position":"","_kad_post_header":false,"_kad_post_footer":false,"_kad_post_classname":"","iawp_total_views":0,"footnotes":""},"categories":[28],"tags":[],"class_list":["post-5701","post","type-post","status-publish","format-standard","has-post-thumbnail","hentry","category-personnalites"],"_links":{"self":[{"href":"https:\/\/www.dmoz.fr\/tendances\/wp-json\/wp\/v2\/posts\/5701","targetHints":{"allow":["GET"]}}],"collection":[{"href":"https:\/\/www.dmoz.fr\/tendances\/wp-json\/wp\/v2\/posts"}],"about":[{"href":"https:\/\/www.dmoz.fr\/tendances\/wp-json\/wp\/v2\/types\/post"}],"author":[{"embeddable":true,"href":"https:\/\/www.dmoz.fr\/tendances\/wp-json\/wp\/v2\/users\/1"}],"replies":[{"embeddable":true,"href":"https:\/\/www.dmoz.fr\/tendances\/wp-json\/wp\/v2\/comments?post=5701"}],"version-history":[{"count":0,"href":"https:\/\/www.dmoz.fr\/tendances\/wp-json\/wp\/v2\/posts\/5701\/revisions"}],"wp:featuredmedia":[{"embeddable":true,"href":"https:\/\/www.dmoz.fr\/tendances\/wp-json\/wp\/v2\/media\/5702"}],"wp:attachment":[{"href":"https:\/\/www.dmoz.fr\/tendances\/wp-json\/wp\/v2\/media?parent=5701"}],"wp:term":[{"taxonomy":"category","embeddable":true,"href":"https:\/\/www.dmoz.fr\/tendances\/wp-json\/wp\/v2\/categories?post=5701"},{"taxonomy":"post_tag","embeddable":true,"href":"https:\/\/www.dmoz.fr\/tendances\/wp-json\/wp\/v2\/tags?post=5701"}],"curies":[{"name":"wp","href":"https:\/\/api.w.org\/{rel}","templated":true}]}}