{"id":5711,"date":"2025-05-21T11:51:14","date_gmt":"2025-05-21T10:51:14","guid":{"rendered":"https:\/\/www.dmoz.fr\/tendances\/femme-enceinte-mort-cerebrale\/"},"modified":"2025-05-21T11:51:14","modified_gmt":"2025-05-21T10:51:14","slug":"femme-enceinte-mort-cerebrale","status":"publish","type":"post","link":"https:\/\/www.dmoz.fr\/tendances\/femme-enceinte-mort-cerebrale\/","title":{"rendered":"Femme enceinte et mort c\u00e9r\u00e9brale\u00a0: ce qu\u2019il faut savoir pour agir \u00e0 temps"},"content":{"rendered":"<p><\/p>\n<div id='video-container' data-video-id='d7dNeHdAe6M' style='width:100%; height:auto; max-width:587px; position: relative;'>\n<div class='image-video-plugin' style='background:url(\"https:\/\/img.youtube.com\/vi\/d7dNeHdAe6M\/0.jpg\") center no-repeat; background-size: cover;'><\/div>\n<p>        <span class='youtube-play-button'><\/span><br \/>\n        <noscript><a href=\"https:\/\/www.youtube.com\/watch?v=d7dNeHdAe6M\" target=\"_blank\" rel=\"noopener\"><\/a><\/noscript>\n    <\/div>\n<p><\/p>\n<h2>Femme enceinte et mort c\u00e9r\u00e9brale : quand la vie joue les prolongations<\/h2>\n<p>La vie a parfois un sens de l\u2019humour aussi noir qu\u2019un caf\u00e9 serr\u00e9 \u00e0 6 h du matin. Imaginez : une femme enceinte en \u00e9tat de mort c\u00e9r\u00e9brale, mais dont le corps continue \u00e0 \u00ab h\u00e9berger \u00bb un petit \u00eatre en pleine croissance. C\u2019est comme si la nature disait : \u00ab Bon, on fait une pause, mais on n\u2019abandonne pas le projet ! \u00bb Cette situation, aussi rare que surr\u00e9aliste, pose des questions \u00e9thiques, m\u00e9dicales et philosophiques qui font tourner les t\u00eates plus vite qu\u2019un man\u00e8ge de f\u00eate foraine. <b>Faut-il maintenir le corps en vie pour permettre au f\u0153tus de se d\u00e9velopper ?<\/b> Les m\u00e9decins, les familles et les juristes se retrouvent alors dans un d\u00e9bat o\u00f9 chaque d\u00e9cision p\u00e8se plus lourd qu\u2019un \u00e9l\u00e9phant sur une balance.  <\/p>\n<p>Et puis, il y a cette question qui taraude : <b>jusqu\u2019o\u00f9 peut-on aller pour donner une chance \u00e0 la vie ?<\/b> Certains y voient un acte d\u2019amour inconditionnel, d\u2019autres une intervention contre-nature. Le corps de la m\u00e8re devient, malgr\u00e9 elle, une sorte de \u00ab couveuse humaine \u00bb, un pont entre la vie et la mort. Les proches, eux, naviguent entre espoir et deuil, dans une situation o\u00f9 les \u00e9motions sont aussi m\u00e9lang\u00e9es qu\u2019un cocktail pr\u00e9par\u00e9 par un barman d\u00e9butant.  <\/p>\n<h3>Questions qui m\u00e9ritent des r\u00e9ponses (et peut-\u00eatre un verre d\u2019eau)<\/h3>\n<ul>\n<li><b>Qu\u2019est-ce que la mort c\u00e9r\u00e9brale chez une femme enceinte ?<\/b> C\u2019est un \u00e9tat o\u00f9 le cerveau a cess\u00e9 de fonctionner de mani\u00e8re irr\u00e9versible, mais o\u00f9 le corps est maintenu artificiellement en vie pour permettre au f\u0153tus de se d\u00e9velopper.<\/li>\n<li><b>Combien de temps peut-on maintenir ce genre de situation ?<\/b> Tout d\u00e9pend de l\u2019\u00e9tat du f\u0153tus et des capacit\u00e9s m\u00e9dicales, mais cela peut durer plusieurs semaines, voire des mois.<\/li>\n<li><b>Quels sont les enjeux \u00e9thiques ?<\/b> Entre le respect de la volont\u00e9 de la m\u00e8re, les droits du f\u0153tus et les implications m\u00e9dicales, c\u2019est un v\u00e9ritable casse-t\u00eate moral.<\/li>\n<\/ul>\n<h2>Mort c\u00e9r\u00e9brale et grossesse : le combo improbable qui fait r\u00e9fl\u00e9chir<\/h2>\n<p>La mort c\u00e9r\u00e9brale et la grossesse, voil\u00e0 un duo qui, \u00e0 premi\u00e8re vue, semble tout droit sorti d\u2019un sc\u00e9nario de science-fiction. Pourtant, c\u2019est une r\u00e9alit\u00e9 m\u00e9dicale qui soul\u00e8ve des questions \u00e9thiques, philosophiques et juridiques aussi complexes qu\u2019un Rubik\u2019s Cube g\u00e9ant. Imaginez : une femme enceinte d\u00e9clar\u00e9e en mort c\u00e9r\u00e9brale, mais dont le f\u0153tus continue de se d\u00e9velopper gr\u00e2ce \u00e0 des machines. On est loin de la t\u00e9l\u00e9r\u00e9alit\u00e9, mais c\u2019est pourtant un sujet qui fait r\u00e9fl\u00e9chir sur les limites de la vie, de la m\u00e9decine et de la morale.  <\/p>\n<p><b>Comment g\u00e9rer une situation o\u00f9 la m\u00e8re n\u2019est plus, mais o\u00f9 la vie persiste en elle ?<\/b> Les m\u00e9decins se retrouvent alors dans un r\u00f4le de funambules, jonglant entre le respect de la dignit\u00e9 humaine, les souhaits de la famille et les imp\u00e9ratifs m\u00e9dicaux. Et puis, il y a cette question qui tue (sans mauvais jeu de mots) : jusqu\u2019o\u00f9 peut-on aller pour sauver une vie qui n\u2019a pas encore vu le jour ? Un vrai casse-t\u00eate qui donne des sueurs froides m\u00eame aux plus chevronn\u00e9s des \u00e9thiciens.  <\/p>\n<p>[aib_post_related url=&rsquo;\/tendances\/sandale-bebe-garcon\/&rsquo; title=&rsquo;D\u00e9couvrez la sandale b\u00e9b\u00e9 gar\u00e7on id\u00e9ale pour cet \u00e9t\u00e9\u00a0!&rsquo; relatedtext=&rsquo;Vous pourriez \u00e9galement \u00eatre int\u00e9ress\u00e9 par:&rsquo;]<\/p>\n<h3>Questions qui m\u00e9ritent des r\u00e9ponses (et peut-\u00eatre un caf\u00e9 fort)<\/h3>\n<ul>\n<li><b>Une femme en mort c\u00e9r\u00e9brale peut-elle vraiment porter un enfant \u00e0 terme ?<\/b> Oui, mais c\u2019est un processus m\u00e9dical extr\u00eamement complexe qui n\u00e9cessite une surveillance constante et des machines pour maintenir les fonctions vitales.<\/li>\n<li><b>Quels sont les enjeux \u00e9thiques de cette situation ?<\/b> Entre le respect de la vie du f\u0153tus et la dignit\u00e9 de la m\u00e8re, les d\u00e9bats sont aussi chauds qu\u2019un d\u00e9bat politique \u00e0 l\u2019heure du d\u00eener.<\/li>\n<li><b>Comment les familles vivent-elles cette \u00e9preuve ?<\/b> C\u2019est un m\u00e9lange d\u2019espoir, de deuil et de questions sans r\u00e9ponses, un v\u00e9ritable parcours du combattant \u00e9motionnel.<\/li>\n<\/ul>\n<p>Alors, la mort c\u00e9r\u00e9brale et la grossesse, un combo improbable ? Oui, mais surtout un sujet qui nous rappelle que la vie, parfois, est bien plus compliqu\u00e9e qu\u2019un \u00e9pisode de s\u00e9rie m\u00e9dicale. Et \u00e7a, c\u2019est une v\u00e9rit\u00e9 qui fait r\u00e9fl\u00e9chir\u2026 et peut-\u00eatre m\u00eame un peu trembler.<\/p>\n","protected":false},"excerpt":{"rendered":"<p>Femme enceinte et mort c\u00e9r\u00e9brale : quand la vie joue les prolongations La vie a parfois un sens de l\u2019humour aussi noir qu\u2019un caf\u00e9 serr\u00e9 \u00e0 6 h du matin. Imaginez : une femme enceinte en \u00e9tat de mort c\u00e9r\u00e9brale, mais dont le corps continue \u00e0 \u00ab h\u00e9berger \u00bb un petit \u00eatre en pleine croissance&#8230;.<\/p>\n","protected":false},"author":1,"featured_media":5712,"comment_status":"","ping_status":"","sticky":false,"template":"","format":"standard","meta":{"_kad_post_transparent":"","_kad_post_title":"","_kad_post_layout":"","_kad_post_sidebar_id":"","_kad_post_content_style":"","_kad_post_vertical_padding":"","_kad_post_feature":"","_kad_post_feature_position":"","_kad_post_header":false,"_kad_post_footer":false,"_kad_post_classname":"","iawp_total_views":2,"footnotes":""},"categories":[28],"tags":[],"class_list":["post-5711","post","type-post","status-publish","format-standard","has-post-thumbnail","hentry","category-personnalites"],"_links":{"self":[{"href":"https:\/\/www.dmoz.fr\/tendances\/wp-json\/wp\/v2\/posts\/5711","targetHints":{"allow":["GET"]}}],"collection":[{"href":"https:\/\/www.dmoz.fr\/tendances\/wp-json\/wp\/v2\/posts"}],"about":[{"href":"https:\/\/www.dmoz.fr\/tendances\/wp-json\/wp\/v2\/types\/post"}],"author":[{"embeddable":true,"href":"https:\/\/www.dmoz.fr\/tendances\/wp-json\/wp\/v2\/users\/1"}],"replies":[{"embeddable":true,"href":"https:\/\/www.dmoz.fr\/tendances\/wp-json\/wp\/v2\/comments?post=5711"}],"version-history":[{"count":0,"href":"https:\/\/www.dmoz.fr\/tendances\/wp-json\/wp\/v2\/posts\/5711\/revisions"}],"wp:featuredmedia":[{"embeddable":true,"href":"https:\/\/www.dmoz.fr\/tendances\/wp-json\/wp\/v2\/media\/5712"}],"wp:attachment":[{"href":"https:\/\/www.dmoz.fr\/tendances\/wp-json\/wp\/v2\/media?parent=5711"}],"wp:term":[{"taxonomy":"category","embeddable":true,"href":"https:\/\/www.dmoz.fr\/tendances\/wp-json\/wp\/v2\/categories?post=5711"},{"taxonomy":"post_tag","embeddable":true,"href":"https:\/\/www.dmoz.fr\/tendances\/wp-json\/wp\/v2\/tags?post=5711"}],"curies":[{"name":"wp","href":"https:\/\/api.w.org\/{rel}","templated":true}]}}