{"id":5784,"date":"2025-05-22T01:07:57","date_gmt":"2025-05-22T00:07:57","guid":{"rendered":"https:\/\/www.dmoz.fr\/tendances\/laurent-wauquiez-taille\/"},"modified":"2025-05-22T01:07:57","modified_gmt":"2025-05-22T00:07:57","slug":"laurent-wauquiez-taille","status":"publish","type":"post","link":"https:\/\/www.dmoz.fr\/tendances\/laurent-wauquiez-taille\/","title":{"rendered":"Laurent Wauquiez taille\u00a0: d\u00e9couvrez les secrets derri\u00e8re sa stature impressionnante"},"content":{"rendered":"<h2>laurent wauquiez taille : et si on parlait de ses grands projets plut\u00f4t que de sa stature ?<\/h2>\n<p>Laurent Wauquiez, souvent scrut\u00e9 sous tous les angles \u2013 y compris celui de sa taille \u2013 m\u00e9rite qu\u2019on s\u2019int\u00e9resse davantage \u00e0 ses ambitions qu\u2019\u00e0 son m\u00e8tre quatre-vingt. <b>Le pr\u00e9sident de la r\u00e9gion Auvergne-Rh\u00f4ne-Alpes<\/b> ne manque pas de projets qui font parler d\u2019eux, et pas seulement dans les couloirs de la politique locale. Entre d\u00e9veloppement \u00e9conomique, innovation et pr\u00e9servation du patrimoine, Wauquiez a su se positionner comme un acteur cl\u00e9 du renouveau territorial. <b>Ses initiatives, comme le plan \u00ab Ambition R\u00e9gion 2030 \u00bb<\/b>, visent \u00e0 redynamiser les zones rurales et \u00e0 attirer les investissements \u00e9trangers. Alors, plut\u00f4t que de mesurer l\u2019homme, mesurons l\u2019impact de ses id\u00e9es.  <\/p>\n<p>Et parlons-en, de ces id\u00e9es ! <b>Wauquiez a fait de l\u2019\u00e9cologie un pilier de sa politique<\/b>, avec des projets ambitieux pour la transition \u00e9nerg\u00e9tique et la protection des espaces naturels. Il a \u00e9galement mis en avant la culture, en soutenant des \u00e9v\u00e9nements comme la Biennale de Lyon ou en r\u00e9novant des sites historiques. <b>Sa vision pour la r\u00e9gion est claire : allier tradition et modernit\u00e9.<\/b> Alors, oui, on pourrait discuter de sa stature, mais franchement, ses projets ont une envergure bien plus impressionnante.  <\/p>\n<p>[aib_post_related url=&rsquo;\/tendances\/philippine-leroy-beaulieu-mari\/&rsquo; title=&rsquo;Philippine Leroy-Beaulieu mari\u00a0: d\u00e9couvrez les secrets de sa vie amoureuse\u00a0!&rsquo; relatedtext=&rsquo;Vous pourriez \u00e9galement \u00eatre int\u00e9ress\u00e9 par:&rsquo;]<\/p>\n<h3>questions qui d\u00e9passent la taille<\/h3>\n<ul>\n<li><b>Quels sont les projets phares de Laurent Wauquiez pour la r\u00e9gion Auvergne-Rh\u00f4ne-Alpes ?<\/b><br \/>\nLe plan \u00ab Ambition R\u00e9gion 2030 \u00bb et les initiatives pour la transition \u00e9nerg\u00e9tique sont au c\u0153ur de sa politique.<\/li>\n<li><b>Comment Wauquiez int\u00e8gre-t-il l\u2019\u00e9cologie dans ses projets ?<\/b><br \/>\nIl mise sur des actions concr\u00e8tes comme la protection des espaces naturels et le d\u00e9veloppement des \u00e9nergies renouvelables.<\/li>\n<li><b>Quel r\u00f4le joue la culture dans sa vision pour la r\u00e9gion ?<\/b><br \/>\nIl soutient des \u00e9v\u00e9nements culturels majeurs et \u0153uvre \u00e0 la r\u00e9novation du patrimoine historique.<\/li>\n<\/ul>\n<h2>laurent wauquiez taille : un sujet qui fait (d\u00e9)mesure dans le d\u00e9bat politique !<\/h2>\n<p>La taille de Laurent Wauquiez, voil\u00e0 un sujet qui, \u00e0 premi\u00e8re vue, semble aussi futile qu\u2019un d\u00e9bat sur la couleur des chaussettes d\u2019un d\u00e9put\u00e9. Pourtant, dans l\u2019ar\u00e8ne politique fran\u00e7aise, m\u00eame les d\u00e9tails les plus anodins prennent des proportions\u2026 disons, \u00ab monumentales \u00bb. Alors, quand on parle de la stature du pr\u00e9sident de la r\u00e9gion Auvergne-Rh\u00f4ne-Alpes, c\u2019est tout un d\u00e9bat qui s\u2019installe. Certains y voient une m\u00e9taphore de son ambition politique, d\u2019autres une simple anecdote pour alimenter les discussions de comptoir. Mais une chose est s\u00fbre : <b>la taille de Wauquiez, c\u2019est un sujet qui ne passe pas inaper\u00e7u<\/b>.  <\/p>\n<p>Entre ceux qui le d\u00e9crivent comme un \u00ab g\u00e9ant politique \u00bb et ceux qui ironisent sur ses talonnettes suppos\u00e9es, le d\u00e9bat est aussi anim\u00e9 qu\u2019une s\u00e9ance \u00e0 l\u2019Assembl\u00e9e nationale. Pourtant, au-del\u00e0 des blagues et des sp\u00e9culations, cette question r\u00e9v\u00e8le une tendance bien fran\u00e7aise : <b>l\u2019obsession pour l\u2019image des personnalit\u00e9s publiques<\/b>. Que Wauquiez mesure 1,70 m ou 1,80 m, cela change-t-il vraiment quelque chose \u00e0 ses id\u00e9es ou \u00e0 son bilan ? Probablement pas. Mais dans un pays o\u00f9 le style compte autant que le fond, la taille, comme le costume ou la cravate, devient un \u00e9l\u00e9ment de langage politique \u00e0 part enti\u00e8re.  <\/p>\n<p>[aib_post_related url=&rsquo;\/tendances\/camille-lacourt-taille\/&rsquo; title=&rsquo;Camille Lacourt taille\u00a0: d\u00e9couvrez les secrets de son impressionnante stature\u00a0!&rsquo; relatedtext=&rsquo;Vous pourriez \u00e9galement \u00eatre int\u00e9ress\u00e9 par:&rsquo;]<\/p>\n<h3>Questions qui tiennent (d\u00e9)bout : tout savoir sur la taille de Laurent Wauquiez<\/h3>\n<ul>\n<li><b>Combien mesure vraiment Laurent Wauquiez ?<\/b> Les estimations varient, mais on parle g\u00e9n\u00e9ralement d\u2019une taille autour de 1,75 m. Pas de quoi fouetter un chat, mais suffisant pour alimenter les rumeurs.<\/li>\n<li><b>Pourquoi sa taille fait-elle autant parler ?<\/b> Parce qu\u2019en politique, tout est symbole. La taille peut \u00eatre per\u00e7ue comme un signe de force, de leadership\u2026 ou de complexe.<\/li>\n<li><b>Et les talonnettes, alors ?<\/b> Aucune preuve tangible, mais les rumeurs persistent. Apr\u00e8s tout, dans le monde politique, on ne laisse rien au hasard, pas m\u00eame quelques centim\u00e8tres.<\/li>\n<\/ul>\n","protected":false},"excerpt":{"rendered":"<p>laurent wauquiez taille : et si on parlait de ses grands projets plut\u00f4t que de sa stature ? Laurent Wauquiez, souvent scrut\u00e9 sous tous les angles \u2013 y compris celui de sa taille \u2013 m\u00e9rite qu\u2019on s\u2019int\u00e9resse davantage \u00e0 ses ambitions qu\u2019\u00e0 son m\u00e8tre quatre-vingt. Le pr\u00e9sident de la r\u00e9gion Auvergne-Rh\u00f4ne-Alpes ne manque pas de&#8230;<\/p>\n","protected":false},"author":1,"featured_media":0,"comment_status":"","ping_status":"","sticky":false,"template":"","format":"standard","meta":{"_kad_post_transparent":"","_kad_post_title":"","_kad_post_layout":"","_kad_post_sidebar_id":"","_kad_post_content_style":"","_kad_post_vertical_padding":"","_kad_post_feature":"","_kad_post_feature_position":"","_kad_post_header":false,"_kad_post_footer":false,"_kad_post_classname":"","iawp_total_views":2,"footnotes":""},"categories":[28],"tags":[],"class_list":["post-5784","post","type-post","status-publish","format-standard","hentry","category-personnalites"],"_links":{"self":[{"href":"https:\/\/www.dmoz.fr\/tendances\/wp-json\/wp\/v2\/posts\/5784","targetHints":{"allow":["GET"]}}],"collection":[{"href":"https:\/\/www.dmoz.fr\/tendances\/wp-json\/wp\/v2\/posts"}],"about":[{"href":"https:\/\/www.dmoz.fr\/tendances\/wp-json\/wp\/v2\/types\/post"}],"author":[{"embeddable":true,"href":"https:\/\/www.dmoz.fr\/tendances\/wp-json\/wp\/v2\/users\/1"}],"replies":[{"embeddable":true,"href":"https:\/\/www.dmoz.fr\/tendances\/wp-json\/wp\/v2\/comments?post=5784"}],"version-history":[{"count":0,"href":"https:\/\/www.dmoz.fr\/tendances\/wp-json\/wp\/v2\/posts\/5784\/revisions"}],"wp:attachment":[{"href":"https:\/\/www.dmoz.fr\/tendances\/wp-json\/wp\/v2\/media?parent=5784"}],"wp:term":[{"taxonomy":"category","embeddable":true,"href":"https:\/\/www.dmoz.fr\/tendances\/wp-json\/wp\/v2\/categories?post=5784"},{"taxonomy":"post_tag","embeddable":true,"href":"https:\/\/www.dmoz.fr\/tendances\/wp-json\/wp\/v2\/tags?post=5784"}],"curies":[{"name":"wp","href":"https:\/\/api.w.org\/{rel}","templated":true}]}}