{"id":5799,"date":"2025-05-22T06:20:16","date_gmt":"2025-05-22T05:20:16","guid":{"rendered":"https:\/\/www.dmoz.fr\/tendances\/taille-elan-hauteur\/"},"modified":"2025-05-22T06:20:16","modified_gmt":"2025-05-22T05:20:16","slug":"taille-elan-hauteur","status":"publish","type":"post","link":"https:\/\/www.dmoz.fr\/tendances\/taille-elan-hauteur\/","title":{"rendered":"Taille \u00e9lan hauteur\u00a0: d\u00e9couvrez les secrets pour atteindre votre plein potentiel\u00a0!"},"content":{"rendered":"<h2>La taille de l&rsquo;\u00e9lan : une question de hauteur ou de l\u00e9gende urbaine ?<\/h2>\n<p>Ah, l\u2019\u00e9lan ! Ce g\u00e9ant des for\u00eats nordiques qui fait r\u00eaver les amoureux de la nature et paniquer les conducteurs de voitures. Mais parlons s\u00e9rieusement (ou presque) : est-ce que cet animal est vraiment aussi grand qu\u2019on le pr\u00e9tend, ou est-ce juste une l\u00e9gende urbaine qui a pris des proportions\u2026 \u00e9lantesques ? Les chiffres varient, mais en moyenne, un \u00e9lan m\u00e2le peut mesurer jusqu\u2019\u00e0 2,10 m\u00e8tres au garrot. Oui, vous avez bien lu : c\u2019est \u00e0 peu pr\u00e8s la taille de Shaquille O\u2019Neal, mais avec des bois et une allure beaucoup plus majestueuse. Alors, hauteur r\u00e9elle ou exag\u00e9ration ? Disons que la v\u00e9rit\u00e9 est quelque part entre le mythe et la biologie.<\/p>\n<p>Mais attention, ne confondez pas taille et envergure ! Les bois d\u2019un \u00e9lan peuvent s\u2019\u00e9tendre sur 1,80 m\u00e8tre, ce qui donne l\u2019impression qu\u2019il pourrait vous cueillir des pommes sans m\u00eame se mettre sur la pointe des sabots. Et pourtant, malgr\u00e9 ces dimensions impressionnantes, l\u2019\u00e9lan reste un animal agile, capable de se faufiler dans des for\u00eats denses sans se prendre les bois dans les branches. Alors, l\u00e9gende urbaine ? Pas vraiment. Mais disons que la nature a bien fait les choses en lui donnant une carrure qui force le respect\u2026 et un peu de prudence sur les routes.<\/p>\n<h3>\u00c9lan, taille et questions existentielles : on r\u00e9pond \u00e0 tout !<\/h3>\n<ul>\n<li><b>Un \u00e9lan peut-il vraiment d\u00e9passer 2 m\u00e8tres ?<\/b> Oui, mais pas tous. Les m\u00e2les adultes sont les plus grands, avec des records autour de 2,10 m\u00e8tres.<\/li>\n<li><b>Est-ce que les bois ajoutent \u00e0 sa taille ?<\/b> Absolument ! Avec ses bois, un \u00e9lan peut para\u00eetre encore plus imposant, mais ils ne comptent pas dans sa hauteur au garrot.<\/li>\n<li><b>Pourquoi les \u00e9lans semblent-ils si grands ?<\/b> C\u2019est une combinaison de leur taille r\u00e9elle, de leurs bois majestueux et de leur pr\u00e9sence impressionnante dans leur environnement naturel.<\/li>\n<\/ul>\n<h2>Pourquoi l&rsquo;\u00e9lan semble toujours plus grand que votre estime de soi<\/h2>\n<p>[aib_post_related url=&rsquo;\/tendances\/michou-copine\/&rsquo; title=&rsquo;Michou et sa copine\u00a0: d\u00e9couvrez leur histoire secr\u00e8te\u00a0!&rsquo; relatedtext=&rsquo;Vous pourriez \u00e9galement \u00eatre int\u00e9ress\u00e9 par:&rsquo;]<\/p>\n<p>Ah, l\u2019\u00e9lan. Ce petit truc qui vous pousse \u00e0 vous lever un matin en vous disant : \u00ab Aujourd\u2019hui, je vais conqu\u00e9rir le monde ! \u00bb Sauf que, deux heures plus tard, vous \u00eates d\u00e9j\u00e0 en train de vous demander si vous m\u00e9ritez vraiment cette promotion ou si vous n\u2019\u00eates pas juste un imposteur en pyjama. L\u2019\u00e9lan, c\u2019est comme un ami hyperactif qui vous entra\u00eene dans des projets fous, mais votre estime de soi, elle, c\u2019est plut\u00f4t le pote qui vous rappelle que vous avez d\u00e9j\u00e0 du mal \u00e0 g\u00e9rer votre linge. R\u00e9sultat : vous vous retrouvez \u00e0 courir apr\u00e8s des objectifs qui semblent toujours un peu trop gros pour vous, comme si vous tentiez de grimper l\u2019Everest en tongs.<\/p>\n<p>[aib_post_related url=&rsquo;\/tendances\/enfant-de-jul\/&rsquo; title=&rsquo;Enfant de jul\u00a0: d\u00e9couvrez l\u2019histoire fascinante derri\u00e8re ce myst\u00e8re&rsquo; relatedtext=&rsquo;Vous pourriez \u00e9galement \u00eatre int\u00e9ress\u00e9 par:&rsquo;]<\/p>\n<p>Et pourquoi cette impression que l\u2019\u00e9lan est toujours plus costaud que votre estime de soi ? Parce que l\u2019\u00e9lan, lui, il carbure \u00e0 l\u2019enthousiasme, \u00e0 l\u2019adr\u00e9naline, \u00e0 cette petite voix qui vous dit : \u00ab Vas-y, fonce ! \u00bb Alors que votre estime de soi, elle, elle est nourrie par des trucs plus subtils : les compliments, les r\u00e9ussites pass\u00e9es, le sentiment d\u2019\u00eatre \u00e0 sa place. Sauf que, dans notre monde ultra-rapide, on a tendance \u00e0 oublier de se f\u00e9liciter pour les petites victoires. Du coup, l\u2019\u00e9lan prend toute la place, et votre estime de soi se retrouve \u00e0 jouer les figurantes dans le film de votre vie. Pas \u00e9tonnant qu\u2019elle ait du mal \u00e0 suivre !<\/p>\n<p>[aib_post_related url=&rsquo;\/tendances\/famille-bambara\/&rsquo; title=&rsquo;D\u00e9couvrez les secrets fascinants de la famille bambara : traditions et h\u00e9ritage&rsquo; relatedtext=&rsquo;Vous pourriez \u00e9galement \u00eatre int\u00e9ress\u00e9 par:&rsquo;]<\/p>\n<h3>Questions que vous vous posez (et auxquelles on r\u00e9pond sans d\u00e9tour)<\/h3>\n<ul>\n<li><b>Pourquoi je me sens toujours d\u00e9pass\u00e9\u00b7e par mes propres ambitions ?<\/b> Parce que l\u2019\u00e9lan vous fait viser la lune, mais votre estime de soi vous rappelle que vous n\u2019avez pas encore appris \u00e0 marcher. C\u2019est normal, respirez et ajustez vos objectifs.<\/li>\n<li><b>Est-ce que c\u2019est grave si je n\u2019ai pas confiance en moi tout le temps ?<\/b> Non, c\u2019est m\u00eame plut\u00f4t sain. L\u2019estime de soi, c\u2019est comme un muscle : \u00e7a se travaille, mais \u00e7a a aussi besoin de repos.<\/li>\n<li><b>Comment faire pour que mon estime de soi rattrape mon \u00e9lan ?<\/b> Commencez par c\u00e9l\u00e9brer les petites r\u00e9ussites. Parce que, oui, finir cette pile de linge, c\u2019est d\u00e9j\u00e0 une victoire !<\/li>\n<\/ul>\n","protected":false},"excerpt":{"rendered":"<p>La taille de l&rsquo;\u00e9lan : une question de hauteur ou de l\u00e9gende urbaine ? Ah, l\u2019\u00e9lan ! Ce g\u00e9ant des for\u00eats nordiques qui fait r\u00eaver les amoureux de la nature et paniquer les conducteurs de voitures. Mais parlons s\u00e9rieusement (ou presque) : est-ce que cet animal est vraiment aussi grand qu\u2019on le pr\u00e9tend, ou est-ce&#8230;<\/p>\n","protected":false},"author":1,"featured_media":0,"comment_status":"","ping_status":"","sticky":false,"template":"","format":"standard","meta":{"_kad_post_transparent":"","_kad_post_title":"","_kad_post_layout":"","_kad_post_sidebar_id":"","_kad_post_content_style":"","_kad_post_vertical_padding":"","_kad_post_feature":"","_kad_post_feature_position":"","_kad_post_header":false,"_kad_post_footer":false,"_kad_post_classname":"","iawp_total_views":1,"footnotes":""},"categories":[28],"tags":[],"class_list":["post-5799","post","type-post","status-publish","format-standard","hentry","category-personnalites"],"_links":{"self":[{"href":"https:\/\/www.dmoz.fr\/tendances\/wp-json\/wp\/v2\/posts\/5799","targetHints":{"allow":["GET"]}}],"collection":[{"href":"https:\/\/www.dmoz.fr\/tendances\/wp-json\/wp\/v2\/posts"}],"about":[{"href":"https:\/\/www.dmoz.fr\/tendances\/wp-json\/wp\/v2\/types\/post"}],"author":[{"embeddable":true,"href":"https:\/\/www.dmoz.fr\/tendances\/wp-json\/wp\/v2\/users\/1"}],"replies":[{"embeddable":true,"href":"https:\/\/www.dmoz.fr\/tendances\/wp-json\/wp\/v2\/comments?post=5799"}],"version-history":[{"count":0,"href":"https:\/\/www.dmoz.fr\/tendances\/wp-json\/wp\/v2\/posts\/5799\/revisions"}],"wp:attachment":[{"href":"https:\/\/www.dmoz.fr\/tendances\/wp-json\/wp\/v2\/media?parent=5799"}],"wp:term":[{"taxonomy":"category","embeddable":true,"href":"https:\/\/www.dmoz.fr\/tendances\/wp-json\/wp\/v2\/categories?post=5799"},{"taxonomy":"post_tag","embeddable":true,"href":"https:\/\/www.dmoz.fr\/tendances\/wp-json\/wp\/v2\/tags?post=5799"}],"curies":[{"name":"wp","href":"https:\/\/api.w.org\/{rel}","templated":true}]}}