{"id":5854,"date":"2025-05-28T23:58:05","date_gmt":"2025-05-28T22:58:05","guid":{"rendered":"https:\/\/www.dmoz.fr\/tendances\/brigitte-stora-famille\/"},"modified":"2025-05-28T23:58:05","modified_gmt":"2025-05-28T22:58:05","slug":"brigitte-stora-famille","status":"publish","type":"post","link":"https:\/\/www.dmoz.fr\/tendances\/brigitte-stora-famille\/","title":{"rendered":"Brigitte Stora famille : d\u00e9couvrez les secrets m\u00e9connus de son histoire"},"content":{"rendered":"<p><\/p>\n<div id='video-container' data-video-id='DEGOIl0E1jY' style='width:100%; height:auto; max-width:587px; position: relative;'>\n<div class='image-video-plugin' style='background:url(\"https:\/\/img.youtube.com\/vi\/DEGOIl0E1jY\/0.jpg\") center no-repeat; background-size: cover;'><\/div>\n<p>        <span class='youtube-play-button'><\/span><br \/>\n        <noscript><a href=\"https:\/\/www.youtube.com\/watch?v=DEGOIl0E1jY\" target=\"_blank\" rel=\"noopener\"><\/a><\/noscript>\n    <\/div>\n<p><\/p>\n<h2>Brigitte Stora Famille<\/h2>\n<p><h2>Brigitte stora famille<\/h2>\n<p>\nBrigitte Stora, une figure discr\u00e8te mais fascinante, incarne l\u2019\u00e9l\u00e9gance et l\u2019authenticit\u00e9 dans le paysage m\u00e9diatique fran\u00e7ais. <strong>Son parcours familial<\/strong>, bien que moins m\u00e9diatis\u00e9 que celui de son c\u00e9l\u00e8bre \u00e9poux, Jean-Pierre Foucault, m\u00e9rite d\u2019\u00eatre explor\u00e9. Originaire d\u2019une famille modeste, Brigitte a su cultiver des valeurs fortes, qu\u2019elle transmet avec gr\u00e2ce \u00e0 ses proches. <strong>Son r\u00f4le de m\u00e8re et d\u2019\u00e9pouse<\/strong> est marqu\u00e9 par une simplicit\u00e9 rafra\u00eechissante, loin des projecteurs et des mondanit\u00e9s. Elle incarne cette id\u00e9e que la famille reste un pilier essentiel, m\u00eame dans un univers souvent \u00e9clatant comme celui du show-business.<\/p>\n<p>[aib_post_related url=&rsquo;\/tendances\/noce-de-muguet\/&rsquo; title=&rsquo;Noce de muguet : d\u00e9couvrez les secrets romantiques de cette tradition \u00e9tonnante !&rsquo; relatedtext=&rsquo;Vous pourriez \u00e9galement \u00eatre int\u00e9ress\u00e9 par:&rsquo;]<\/p>\n<p>Au fil des ann\u00e9es, Brigitte Stora a su pr\u00e9server l\u2019intimit\u00e9 de sa famille, tout en partageant quelques anecdotes touchantes. <strong>Son attachement \u00e0 ses enfants<\/strong> et \u00e0 son mari est palpable, et elle n\u2019h\u00e9site pas \u00e0 \u00e9voquer les petits bonheurs du quotidien. Loin des clich\u00e9s, elle montre que l\u2019\u00e9quilibre entre vie publique et vie priv\u00e9e est possible, m\u00eame dans un milieu o\u00f9 les cam\u00e9ras sont omnipr\u00e9sentes. <strong>Sa famille<\/strong>, bien que discr\u00e8te, est un v\u00e9ritable refuge pour elle, un havre de paix o\u00f9 l\u2019amour et la complicit\u00e9 r\u00e8gnent en ma\u00eetres.<\/p>\n<p>[aib_post_related url=&rsquo;\/tendances\/palissandre\/&rsquo; title=&rsquo;Palissandre : d\u00e9couvrez ses secrets m\u00e9connus pour sublimer votre int\u00e9rieur\u202f!&rsquo; relatedtext=&rsquo;Vous pourriez \u00e9galement \u00eatre int\u00e9ress\u00e9 par:&rsquo;]<\/p>\n<p><h3>Questions que vous vous posez sur Brigitte stora et sa famille<\/h3>\n<p><\/p>\n<ul><\/p>\n<li><b>Qui sont les enfants de Brigitte stora ?<\/b> Brigitte et Jean-Pierre Foucault ont deux enfants, dont les noms et les parcours restent volontairement \u00e9loign\u00e9s des m\u00e9dias.<\/li>\n<p><\/p>\n<li><b>Comment Brigitte stora g\u00e8re-t-elle sa vie de famille ?<\/b> Elle privil\u00e9gie la discr\u00e9tion et l\u2019authenticit\u00e9, en maintenant un \u00e9quilibre entre son r\u00f4le de m\u00e8re et son soutien \u00e0 son mari.<\/li>\n<p><\/p>\n<li><b>Quel est le secret de leur long\u00e9vit\u00e9 familiale ?<\/b> La communication, le respect mutuel et une bonne dose d\u2019humour semblent \u00eatre les cl\u00e9s de leur harmonie.<\/li>\n<p>\n<\/ul><\/p>\n","protected":false},"excerpt":{"rendered":"<p>Brigitte Stora Famille Brigitte stora famille Brigitte Stora, une figure discr\u00e8te mais fascinante, incarne l\u2019\u00e9l\u00e9gance et l\u2019authenticit\u00e9 dans le paysage m\u00e9diatique fran\u00e7ais. Son parcours familial, bien que moins m\u00e9diatis\u00e9 que celui de son c\u00e9l\u00e8bre \u00e9poux, Jean-Pierre Foucault, m\u00e9rite d\u2019\u00eatre explor\u00e9. Originaire d\u2019une famille modeste, Brigitte a su cultiver des valeurs fortes, qu\u2019elle transmet avec gr\u00e2ce&#8230;<\/p>\n","protected":false},"author":1,"featured_media":5855,"comment_status":"","ping_status":"","sticky":false,"template":"","format":"standard","meta":{"_kad_post_transparent":"","_kad_post_title":"","_kad_post_layout":"","_kad_post_sidebar_id":"","_kad_post_content_style":"","_kad_post_vertical_padding":"","_kad_post_feature":"","_kad_post_feature_position":"","_kad_post_header":false,"_kad_post_footer":false,"_kad_post_classname":"","iawp_total_views":9,"footnotes":""},"categories":[30],"tags":[],"class_list":["post-5854","post","type-post","status-publish","format-standard","has-post-thumbnail","hentry","category-divers"],"_links":{"self":[{"href":"https:\/\/www.dmoz.fr\/tendances\/wp-json\/wp\/v2\/posts\/5854","targetHints":{"allow":["GET"]}}],"collection":[{"href":"https:\/\/www.dmoz.fr\/tendances\/wp-json\/wp\/v2\/posts"}],"about":[{"href":"https:\/\/www.dmoz.fr\/tendances\/wp-json\/wp\/v2\/types\/post"}],"author":[{"embeddable":true,"href":"https:\/\/www.dmoz.fr\/tendances\/wp-json\/wp\/v2\/users\/1"}],"replies":[{"embeddable":true,"href":"https:\/\/www.dmoz.fr\/tendances\/wp-json\/wp\/v2\/comments?post=5854"}],"version-history":[{"count":0,"href":"https:\/\/www.dmoz.fr\/tendances\/wp-json\/wp\/v2\/posts\/5854\/revisions"}],"wp:featuredmedia":[{"embeddable":true,"href":"https:\/\/www.dmoz.fr\/tendances\/wp-json\/wp\/v2\/media\/5855"}],"wp:attachment":[{"href":"https:\/\/www.dmoz.fr\/tendances\/wp-json\/wp\/v2\/media?parent=5854"}],"wp:term":[{"taxonomy":"category","embeddable":true,"href":"https:\/\/www.dmoz.fr\/tendances\/wp-json\/wp\/v2\/categories?post=5854"},{"taxonomy":"post_tag","embeddable":true,"href":"https:\/\/www.dmoz.fr\/tendances\/wp-json\/wp\/v2\/tags?post=5854"}],"curies":[{"name":"wp","href":"https:\/\/api.w.org\/{rel}","templated":true}]}}