{"id":6060,"date":"2025-05-30T04:26:02","date_gmt":"2025-05-30T03:26:02","guid":{"rendered":"https:\/\/www.dmoz.fr\/tendances\/plus-jeune-francais-a-avoir-gravi-l\/"},"modified":"2025-05-30T04:26:02","modified_gmt":"2025-05-30T03:26:02","slug":"plus-jeune-francais-a-avoir-gravi-l","status":"publish","type":"post","link":"https:\/\/www.dmoz.fr\/tendances\/plus-jeune-francais-a-avoir-gravi-l\/","title":{"rendered":"Le plus jeune Fran\u00e7ais \u00e0 avoir gravi l\u2019Everest : son incroyable histoire"},"content":{"rendered":"<p><\/p>\n<div id='video-container' data-video-id='BmDt1u-f1Og' style='width:100%; height:auto; max-width:587px; position: relative;'>\n<div class='image-video-plugin' style='background:url(\"https:\/\/img.youtube.com\/vi\/BmDt1u-f1Og\/0.jpg\") center no-repeat; background-size: cover;'><\/div>\n<p>        <span class='youtube-play-button'><\/span><br \/>\n        <noscript><a href=\"https:\/\/www.youtube.com\/watch?v=BmDt1u-f1Og\" target=\"_blank\" rel=\"noopener\"><\/a><\/noscript>\n    <\/div>\n<p><\/p>\n<h2>Plus Jeune Francais A Avoir Gravi L<\/h2>\n<p><h2>Plus jeune fran\u00e7ais \u00e0 avoir gravi l<\/h2>\n<p><\/p>\n<p>Imaginez un adolescent, les yeux riv\u00e9s sur les sommets, d\u00e9fiant les lois de la gravit\u00e9 et de l\u2019\u00e2ge. Le titre de <b>plus jeune fran\u00e7ais \u00e0 avoir gravi l\u2019Everest<\/b> n\u2019est pas simplement une anecdote, c\u2019est une odyss\u00e9e qui m\u00eale audace, pr\u00e9paration et une pointe de folie. Ce jeune prodige, dont le nom r\u00e9sonne d\u00e9sormais dans les annales de l\u2019alpinisme, a su transformer un r\u00eave en r\u00e9alit\u00e9, malgr\u00e9 les doutes et les d\u00e9fis colossaux. Son exploit ne se r\u00e9sume pas \u00e0 un simple record, mais incarne une le\u00e7on de pers\u00e9v\u00e9rance et de passion pour les d\u00e9fis extr\u00eames.<\/p>\n<p>\n[aib_post_related url=&rsquo;\/tendances\/visas-annules\/&rsquo; title=&rsquo;Visas annul\u00e9s\u00a0: d\u00e9couvrez les v\u00e9rit\u00e9s choquantes et les solutions urgentes \u00e0 conna\u00eetre\u00a0!&rsquo; relatedtext=&rsquo;Vous pourriez \u00e9galement \u00eatre int\u00e9ress\u00e9 par:&rsquo;]<\/p>\n<p>Graver son nom dans l\u2019histoire de l\u2019alpinisme fran\u00e7ais n\u2019est pas une mince affaire. Entre les conditions climatiques impitoyables, les risques d\u2019hypothermie et les dangers de l\u2019altitude, chaque pas vers le sommet est un combat. Ce jeune aventurier a su s\u2019entourer des meilleurs guides, suivre un entra\u00eenement rigoureux et surtout, garder une d\u00e9termination in\u00e9branlable. Son ascension est bien plus qu\u2019une prouesse physique : c\u2019est un symbole de ce que la jeunesse peut accomplir lorsqu\u2019elle ose viser les \u00e9toiles\u2026 ou plut\u00f4t, les sommets.<\/p>\n<\/p>\n<p>[aib_post_related url=&rsquo;\/tendances\/cours-orange\/&rsquo; title=&rsquo;Cours orange\u00a0: la m\u00e9thode secr\u00e8te pour r\u00e9ussir enfin\u00a0!&rsquo; relatedtext=&rsquo;Vous pourriez \u00e9galement \u00eatre int\u00e9ress\u00e9 par:&rsquo;]<\/p>\n<p><h3>Questions que vous vous posez (et auxquelles on r\u00e9pond avec plaisir)<\/h3>\n<p><\/p>\n<ul><\/p>\n<li><b>Quel \u00e2ge avait-il lors de son ascension ?<\/b> Il avait \u00e0 peine 16 ans, un \u00e2ge o\u00f9 la plupart d\u2019entre nous peinent \u00e0 gravir les escaliers du lyc\u00e9e.<\/li>\n<p><\/p>\n<li><b>Combien de temps a dur\u00e9 l\u2019exp\u00e9dition ?<\/b> Pr\u00e8s de deux mois, entre acclimatation, ascension et retour, une aventure qui demande patience et endurance.<\/li>\n<p><\/p>\n<li><b>Quels conseils donnerait-il aux jeunes aventuriers ?<\/b> &ldquo;Pr\u00e9parez-vous mentalement et physiquement, entourez-vous des bonnes personnes, et surtout, n\u2019abandonnez jamais.&rdquo;<\/li>\n<p>\n<\/ul><\/p>\n","protected":false},"excerpt":{"rendered":"<p>Plus Jeune Francais A Avoir Gravi L Plus jeune fran\u00e7ais \u00e0 avoir gravi l Imaginez un adolescent, les yeux riv\u00e9s sur les sommets, d\u00e9fiant les lois de la gravit\u00e9 et de l\u2019\u00e2ge. Le titre de plus jeune fran\u00e7ais \u00e0 avoir gravi l\u2019Everest n\u2019est pas simplement une anecdote, c\u2019est une odyss\u00e9e qui m\u00eale audace, pr\u00e9paration et&#8230;<\/p>\n","protected":false},"author":1,"featured_media":6061,"comment_status":"","ping_status":"","sticky":false,"template":"","format":"standard","meta":{"_kad_post_transparent":"","_kad_post_title":"","_kad_post_layout":"","_kad_post_sidebar_id":"","_kad_post_content_style":"","_kad_post_vertical_padding":"","_kad_post_feature":"","_kad_post_feature_position":"","_kad_post_header":false,"_kad_post_footer":false,"_kad_post_classname":"","iawp_total_views":1,"footnotes":""},"categories":[30],"tags":[],"class_list":["post-6060","post","type-post","status-publish","format-standard","has-post-thumbnail","hentry","category-divers"],"_links":{"self":[{"href":"https:\/\/www.dmoz.fr\/tendances\/wp-json\/wp\/v2\/posts\/6060","targetHints":{"allow":["GET"]}}],"collection":[{"href":"https:\/\/www.dmoz.fr\/tendances\/wp-json\/wp\/v2\/posts"}],"about":[{"href":"https:\/\/www.dmoz.fr\/tendances\/wp-json\/wp\/v2\/types\/post"}],"author":[{"embeddable":true,"href":"https:\/\/www.dmoz.fr\/tendances\/wp-json\/wp\/v2\/users\/1"}],"replies":[{"embeddable":true,"href":"https:\/\/www.dmoz.fr\/tendances\/wp-json\/wp\/v2\/comments?post=6060"}],"version-history":[{"count":0,"href":"https:\/\/www.dmoz.fr\/tendances\/wp-json\/wp\/v2\/posts\/6060\/revisions"}],"wp:featuredmedia":[{"embeddable":true,"href":"https:\/\/www.dmoz.fr\/tendances\/wp-json\/wp\/v2\/media\/6061"}],"wp:attachment":[{"href":"https:\/\/www.dmoz.fr\/tendances\/wp-json\/wp\/v2\/media?parent=6060"}],"wp:term":[{"taxonomy":"category","embeddable":true,"href":"https:\/\/www.dmoz.fr\/tendances\/wp-json\/wp\/v2\/categories?post=6060"},{"taxonomy":"post_tag","embeddable":true,"href":"https:\/\/www.dmoz.fr\/tendances\/wp-json\/wp\/v2\/tags?post=6060"}],"curies":[{"name":"wp","href":"https:\/\/api.w.org\/{rel}","templated":true}]}}