{"id":6173,"date":"2025-06-30T17:58:03","date_gmt":"2025-06-30T16:58:03","guid":{"rendered":"https:\/\/www.dmoz.fr\/tendances\/aime-cesaire\/"},"modified":"2025-06-30T17:58:03","modified_gmt":"2025-06-30T16:58:03","slug":"aime-cesaire","status":"publish","type":"post","link":"https:\/\/www.dmoz.fr\/tendances\/aime-cesaire\/","title":{"rendered":"&ldquo;D\u00e9couvrez l\u2019h\u00e9ritage fascinant d\u2019Aim\u00e9 C\u00e9saire : po\u00e8te, penseur et r\u00e9volutionnaire&rdquo;"},"content":{"rendered":"<p><\/p>\n<div id='video-container' data-video-id='0BQ23TukET0' style='width:100%; height:auto; max-width:587px; position: relative;'>\n<div class='image-video-plugin' style='background:url(\"https:\/\/img.youtube.com\/vi\/0BQ23TukET0\/0.jpg\") center no-repeat; background-size: cover;'><\/div>\n<p>        <span class='youtube-play-button'><\/span><br \/>\n        <noscript><a href=\"https:\/\/www.youtube.com\/watch?v=0BQ23TukET0\" target=\"_blank\" rel=\"noopener\"><\/a><\/noscript>\n    <\/div>\n<p><\/p>\n<p><h2>Aim\u00e9 C\u00e9saire<\/h2>\n<p>\nAim\u00e9 C\u00e9saire, ce g\u00e9ant des lettres et de la pens\u00e9e, est bien plus qu\u2019un simple \u00e9crivain. Po\u00e8te, dramaturge, homme politique et fervent d\u00e9fenseur de la n\u00e9gritude, il a marqu\u00e9 son \u00e9poque avec une plume aussi puissante qu\u2019\u00e9l\u00e9gante. N\u00e9 en 1913 en Martinique, C\u00e9saire a su transformer les mots en armes pour lutter contre le colonialisme et l\u2019oppression. Son \u0153uvre majeure, <em>Cahier d\u2019un retour au pays natal<\/em>, est un chef-d\u2019\u0153uvre qui r\u00e9sonne encore aujourd\u2019hui, m\u00ealant po\u00e9sie et engagement avec une intensit\u00e9 rare. C\u00e9saire, c\u2019est l\u2019art de dire non avec panache et de c\u00e9l\u00e9brer l\u2019identit\u00e9 noire avec fiert\u00e9.<\/p>\n<p>Mais C\u00e9saire n\u2019\u00e9tait pas qu\u2019un homme de lettres. En tant que maire de Fort-de-France pendant pr\u00e8s de 56 ans et d\u00e9put\u00e9 de la Martinique, il a \u00e9galement marqu\u00e9 l\u2019histoire politique de son \u00eele. Son engagement pour l\u2019autonomie et la dignit\u00e9 des peuples colonis\u00e9s a fait de lui une figure incontournable du XXe si\u00e8cle. Avec L\u00e9opold S\u00e9dar Senghor et L\u00e9on-Gontran Damas, il a fond\u00e9 le mouvement de la n\u00e9gritude, un courant litt\u00e9raire et politique qui a red\u00e9fini la place des cultures africaines dans le monde. C\u00e9saire, c\u2019est l\u2019incarnation m\u00eame de la r\u00e9sistance par l\u2019art et l\u2019action.<\/p>\n<p><h3>Questions fr\u00e9quentes sur Aim\u00e9 C\u00e9saire<\/h3>\n<p>\n<b>Qu\u2019est-ce que la n\u00e9gritude selon Aim\u00e9 C\u00e9saire ?<\/b><br \/>\nLa n\u00e9gritude, pour C\u00e9saire, est un mouvement litt\u00e9raire et politique visant \u00e0 c\u00e9l\u00e9brer et \u00e0 revendiquer l\u2019identit\u00e9 et la culture noires, souvent marginalis\u00e9es par le colonialisme.<\/p>\n<p>[aib_post_related url=&rsquo;\/tendances\/enfant-adil-rami\/&rsquo; title=&rsquo;Enfant Adil Rami\u00a0: d\u00e9couvrez l\u2019histoire m\u00e9connue derri\u00e8re le footballeur&rsquo; relatedtext=&rsquo;Vous pourriez \u00e9galement \u00eatre int\u00e9ress\u00e9 par:&rsquo;]<\/p>\n<p><b>Quel est l\u2019ouvrage le plus c\u00e9l\u00e8bre d\u2019Aim\u00e9 C\u00e9saire ?<\/b><br \/>\nSans conteste, <em>Cahier d\u2019un retour au pays natal<\/em> est son \u0153uvre la plus embl\u00e9matique, un po\u00e8me en prose qui explore les th\u00e8mes de l\u2019exil, de l\u2019identit\u00e9 et de la r\u00e9volte.<\/p>\n<p><b>Quel r\u00f4le a jou\u00e9 C\u00e9saire en politique ?<\/b><br \/>\nAim\u00e9 C\u00e9saire a \u00e9t\u00e9 maire de Fort-de-France pendant 56 ans et d\u00e9put\u00e9 de la Martinique, \u0153uvrant sans rel\u00e2che pour l\u2019autonomie et le d\u00e9veloppement de son \u00eele.<\/p>\n<p>[aib_post_related url=&rsquo;\/tendances\/enfant-en-3-lettres\/&rsquo; title=&rsquo;Enfant en 3 lettres\u00a0: d\u00e9couvrez le mot qui r\u00e9sume tout\u00a0!&rsquo; relatedtext=&rsquo;Vous pourriez \u00e9galement \u00eatre int\u00e9ress\u00e9 par:&rsquo;]<\/p>\n<p><b>Pourquoi C\u00e9saire est-il une figure majeure du XXe si\u00e8cle ?<\/b><br \/>\nPar son engagement litt\u00e9raire, politique et culturel, C\u00e9saire a red\u00e9fini la place des peuples noirs dans l\u2019histoire et a inspir\u00e9 des g\u00e9n\u00e9rations enti\u00e8res \u00e0 travers le monde.<\/p>\n","protected":false},"excerpt":{"rendered":"<p>Aim\u00e9 C\u00e9saire Aim\u00e9 C\u00e9saire, ce g\u00e9ant des lettres et de la pens\u00e9e, est bien plus qu\u2019un simple \u00e9crivain. Po\u00e8te, dramaturge, homme politique et fervent d\u00e9fenseur de la n\u00e9gritude, il a marqu\u00e9 son \u00e9poque avec une plume aussi puissante qu\u2019\u00e9l\u00e9gante. N\u00e9 en 1913 en Martinique, C\u00e9saire a su transformer les mots en armes pour lutter contre&#8230;<\/p>\n","protected":false},"author":1,"featured_media":6174,"comment_status":"","ping_status":"","sticky":false,"template":"","format":"standard","meta":{"_kad_post_transparent":"","_kad_post_title":"","_kad_post_layout":"","_kad_post_sidebar_id":"","_kad_post_content_style":"","_kad_post_vertical_padding":"","_kad_post_feature":"","_kad_post_feature_position":"","_kad_post_header":false,"_kad_post_footer":false,"_kad_post_classname":"","iawp_total_views":2,"footnotes":""},"categories":[28],"tags":[],"class_list":["post-6173","post","type-post","status-publish","format-standard","has-post-thumbnail","hentry","category-personnalites"],"_links":{"self":[{"href":"https:\/\/www.dmoz.fr\/tendances\/wp-json\/wp\/v2\/posts\/6173","targetHints":{"allow":["GET"]}}],"collection":[{"href":"https:\/\/www.dmoz.fr\/tendances\/wp-json\/wp\/v2\/posts"}],"about":[{"href":"https:\/\/www.dmoz.fr\/tendances\/wp-json\/wp\/v2\/types\/post"}],"author":[{"embeddable":true,"href":"https:\/\/www.dmoz.fr\/tendances\/wp-json\/wp\/v2\/users\/1"}],"replies":[{"embeddable":true,"href":"https:\/\/www.dmoz.fr\/tendances\/wp-json\/wp\/v2\/comments?post=6173"}],"version-history":[{"count":0,"href":"https:\/\/www.dmoz.fr\/tendances\/wp-json\/wp\/v2\/posts\/6173\/revisions"}],"wp:featuredmedia":[{"embeddable":true,"href":"https:\/\/www.dmoz.fr\/tendances\/wp-json\/wp\/v2\/media\/6174"}],"wp:attachment":[{"href":"https:\/\/www.dmoz.fr\/tendances\/wp-json\/wp\/v2\/media?parent=6173"}],"wp:term":[{"taxonomy":"category","embeddable":true,"href":"https:\/\/www.dmoz.fr\/tendances\/wp-json\/wp\/v2\/categories?post=6173"},{"taxonomy":"post_tag","embeddable":true,"href":"https:\/\/www.dmoz.fr\/tendances\/wp-json\/wp\/v2\/tags?post=6173"}],"curies":[{"name":"wp","href":"https:\/\/api.w.org\/{rel}","templated":true}]}}