{"id":6223,"date":"2025-07-01T07:15:20","date_gmt":"2025-07-01T06:15:20","guid":{"rendered":"https:\/\/www.dmoz.fr\/tendances\/fils-sarkozy\/"},"modified":"2025-07-01T07:15:20","modified_gmt":"2025-07-01T06:15:20","slug":"fils-sarkozy","status":"publish","type":"post","link":"https:\/\/www.dmoz.fr\/tendances\/fils-sarkozy\/","title":{"rendered":"Les secrets m\u00e9connus des fils Sarkozy r\u00e9v\u00e9l\u00e9s"},"content":{"rendered":"<p><\/p>\n<div id='video-container' data-video-id='xptfFJ-50bs' style='width:100%; height:auto; max-width:587px; position: relative;'>\n<div class='image-video-plugin' style='background:url(\"https:\/\/img.youtube.com\/vi\/xptfFJ-50bs\/0.jpg\") center no-repeat; background-size: cover;'><\/div>\n<p>        <span class='youtube-play-button'><\/span><br \/>\n        <noscript><a href=\"https:\/\/www.youtube.com\/watch?v=xptfFJ-50bs\" target=\"_blank\" rel=\"noopener\"><\/a><\/noscript>\n    <\/div>\n<p><\/p>\n<p><h2>Fils Sarkozy<\/h2>\n<p>\nLes fils Sarkozy, Jean et Pierre, sont souvent sous les feux des projecteurs, non seulement pour leur lien familial avec l\u2019ancien pr\u00e9sident Nicolas Sarkozy, mais aussi pour leurs parcours respectifs. Jean Sarkozy, l\u2019a\u00een\u00e9, s\u2019est fait remarquer dans le monde des affaires, notamment dans le secteur de l\u2019assurance et de la finance. Son ascension rapide et son charisme naturel en ont fait une figure m\u00e9diatique, suscitant \u00e0 la fois admiration et controverses. Pierre, quant \u00e0 lui, a choisi une voie plus discr\u00e8te, se concentrant sur des projets personnels et \u00e9vitant soigneusement les tumultes de la vie publique. Leur h\u00e9ritage familial, marqu\u00e9 par la politique et les affaires, continue d\u2019influencer leurs choix et leur image.<\/p>\n<p>Malgr\u00e9 leurs diff\u00e9rences, les deux fr\u00e8res partagent un point commun : une vie scrut\u00e9e \u00e0 la loupe par les m\u00e9dias. Que ce soit pour leurs r\u00e9ussites professionnelles ou leurs d\u00e9cisions personnelles, les fils Sarkozy ne laissent personne indiff\u00e9rent. Leur nom, porteur d\u2019un lourd h\u00e9ritage, est \u00e0 la fois un atout et un d\u00e9fi. Dans un monde o\u00f9 l\u2019on attend d\u2019eux qu\u2019ils suivent les traces de leur p\u00e8re, Jean et Pierre naviguent entre tradition et modernit\u00e9, cherchant \u00e0 \u00e9crire leur propre histoire tout en honorant leur lign\u00e9e.<\/p>\n<p>[aib_post_related url=&rsquo;\/tendances\/chiara-serpaggi\/&rsquo; title=&rsquo;D\u00e9couvrez l\u2019univers fascinant de Chiara Serpaggi : son parcours, ses secrets et son inspiration&rsquo; relatedtext=&rsquo;Vous pourriez \u00e9galement \u00eatre int\u00e9ress\u00e9 par:&rsquo;]<\/p>\n<p><h3>Questions que vous vous posez sur les fils Sarkozy<\/h3>\n<p>\n<b>Quels sont les domaines d\u2019activit\u00e9 de Jean et Pierre Sarkozy ?<\/b><br \/>\nJean s\u2019est illustr\u00e9 dans le secteur de l\u2019assurance et de la finance, tandis que Pierre pr\u00e9f\u00e8re rester en retrait, se consacrant \u00e0 des projets plus personnels.<\/p>\n<p><b>Comment les fils Sarkozy g\u00e8rent-ils leur h\u00e9ritage familial ?<\/b><br \/>\nIls naviguent entre respect pour leur p\u00e8re et d\u00e9sir d\u2019autonomie, cherchant \u00e0 se construire une identit\u00e9 propre tout en assumant leur nom.<\/p>\n<p>[aib_post_related url=&rsquo;\/tendances\/copine-de-werenoi\/&rsquo; title=&rsquo;Qui est la copine de Werenoi\u00a0? D\u00e9couvrez son histoire secr\u00e8te\u00a0!&rsquo; relatedtext=&rsquo;Vous pourriez \u00e9galement \u00eatre int\u00e9ress\u00e9 par:&rsquo;]<\/p>\n<p><b>Les fils Sarkozy sont-ils impliqu\u00e9s en politique ?<\/b><br \/>\nPour l\u2019instant, ni Jean ni Pierre ne se sont engag\u00e9s en politique, pr\u00e9f\u00e9rant se concentrer sur leurs carri\u00e8res respectives.<\/p>\n<p><b>Pourquoi les m\u00e9dias s\u2019int\u00e9ressent-ils autant aux fils Sarkozy ?<\/b><br \/>\nLeur nom, associ\u00e9 \u00e0 l\u2019ancien pr\u00e9sident, ainsi que leurs parcours distincts, en font des sujets d\u2019int\u00e9r\u00eat public, entre h\u00e9ritage et modernit\u00e9.<\/p>\n","protected":false},"excerpt":{"rendered":"<p>Fils Sarkozy Les fils Sarkozy, Jean et Pierre, sont souvent sous les feux des projecteurs, non seulement pour leur lien familial avec l\u2019ancien pr\u00e9sident Nicolas Sarkozy, mais aussi pour leurs parcours respectifs. Jean Sarkozy, l\u2019a\u00een\u00e9, s\u2019est fait remarquer dans le monde des affaires, notamment dans le secteur de l\u2019assurance et de la finance. Son ascension&#8230;<\/p>\n","protected":false},"author":1,"featured_media":6224,"comment_status":"","ping_status":"","sticky":false,"template":"","format":"standard","meta":{"_kad_post_transparent":"","_kad_post_title":"","_kad_post_layout":"","_kad_post_sidebar_id":"","_kad_post_content_style":"","_kad_post_vertical_padding":"","_kad_post_feature":"","_kad_post_feature_position":"","_kad_post_header":false,"_kad_post_footer":false,"_kad_post_classname":"","iawp_total_views":2,"footnotes":""},"categories":[28],"tags":[],"class_list":["post-6223","post","type-post","status-publish","format-standard","has-post-thumbnail","hentry","category-personnalites"],"_links":{"self":[{"href":"https:\/\/www.dmoz.fr\/tendances\/wp-json\/wp\/v2\/posts\/6223","targetHints":{"allow":["GET"]}}],"collection":[{"href":"https:\/\/www.dmoz.fr\/tendances\/wp-json\/wp\/v2\/posts"}],"about":[{"href":"https:\/\/www.dmoz.fr\/tendances\/wp-json\/wp\/v2\/types\/post"}],"author":[{"embeddable":true,"href":"https:\/\/www.dmoz.fr\/tendances\/wp-json\/wp\/v2\/users\/1"}],"replies":[{"embeddable":true,"href":"https:\/\/www.dmoz.fr\/tendances\/wp-json\/wp\/v2\/comments?post=6223"}],"version-history":[{"count":0,"href":"https:\/\/www.dmoz.fr\/tendances\/wp-json\/wp\/v2\/posts\/6223\/revisions"}],"wp:featuredmedia":[{"embeddable":true,"href":"https:\/\/www.dmoz.fr\/tendances\/wp-json\/wp\/v2\/media\/6224"}],"wp:attachment":[{"href":"https:\/\/www.dmoz.fr\/tendances\/wp-json\/wp\/v2\/media?parent=6223"}],"wp:term":[{"taxonomy":"category","embeddable":true,"href":"https:\/\/www.dmoz.fr\/tendances\/wp-json\/wp\/v2\/categories?post=6223"},{"taxonomy":"post_tag","embeddable":true,"href":"https:\/\/www.dmoz.fr\/tendances\/wp-json\/wp\/v2\/tags?post=6223"}],"curies":[{"name":"wp","href":"https:\/\/api.w.org\/{rel}","templated":true}]}}