{"id":6225,"date":"2025-07-01T07:46:14","date_gmt":"2025-07-01T06:46:14","guid":{"rendered":"https:\/\/www.dmoz.fr\/tendances\/flora-ghebali\/"},"modified":"2025-07-01T07:46:14","modified_gmt":"2025-07-01T06:46:14","slug":"flora-ghebali","status":"publish","type":"post","link":"https:\/\/www.dmoz.fr\/tendances\/flora-ghebali\/","title":{"rendered":"D\u00e9couvrez l\u2019univers inspirant de Flora Ghebali : une histoire \u00e0 ne pas manquer"},"content":{"rendered":"<p><\/p>\n<div id='video-container' data-video-id='YWf0vkxjeks' style='width:100%; height:auto; max-width:587px; position: relative;'>\n<div class='image-video-plugin' style='background:url(\"https:\/\/img.youtube.com\/vi\/YWf0vkxjeks\/0.jpg\") center no-repeat; background-size: cover;'><\/div>\n<p>        <span class='youtube-play-button'><\/span><br \/>\n        <noscript><a href=\"https:\/\/www.youtube.com\/watch?v=YWf0vkxjeks\" target=\"_blank\" rel=\"noopener\"><\/a><\/noscript>\n    <\/div>\n<p><\/p>\n<p><h2>Flora Ghebali<\/h2>\n<p>\nFlora Ghebali, cette entrepreneure au charisme d\u00e9tonnant, est bien plus qu\u2019une simple figure du monde des affaires. Avec son parcours atypique et son esprit visionnaire, elle a su se faire une place dans l\u2019univers de l\u2019innovation et de l\u2019impact social. <strong>Fondatrice de The Galion Project<\/strong>, elle a cr\u00e9\u00e9 un espace o\u00f9 les entrepreneurs se rencontrent, \u00e9changent et s\u2019inspirent, prouvant que la collaboration est la cl\u00e9 du succ\u00e8s. Son approche unique, m\u00ealant pragmatisme et id\u00e9alisme, en fait une voix incontournable pour ceux qui cherchent \u00e0 concilier performance \u00e9conomique et responsabilit\u00e9 sociale.<\/p>\n<p>Mais Flora Ghebali ne se contente pas de briller dans les salons feutr\u00e9s des start-ups. <strong>Auteure et conf\u00e9renci\u00e8re<\/strong>, elle partage ses r\u00e9flexions sur l\u2019entrepreneuriat, le leadership et l\u2019innovation avec une authenticit\u00e9 d\u00e9sarmante. Son livre, <em>&ldquo;L\u2019Entreprise du XXIe si\u00e8cle sera politique ou ne sera pas&rdquo;<\/em>, est un manifeste audacieux qui invite \u00e0 repenser le r\u00f4le des entreprises dans la soci\u00e9t\u00e9. Avec elle, l\u2019entrepreneuriat devient une aventure humaine, o\u00f9 l\u2019on apprend autant sur soi que sur le monde qui nous entoure.<\/p>\n<p><h3>Flora Ghebali : vos questions, nos r\u00e9ponses<\/h3>\n<p>\n<b>Quel est le projet phare de Flora Ghebali ?<\/b><br \/>\nThe Galion Project, un r\u00e9seau d\u2019entrepreneurs qui favorise les \u00e9changes et les collaborations pour un impact positif.<\/p>\n<p><b>Quel message porte-t-elle \u00e0 travers ses \u00e9crits ?<\/b><br \/>\nElle d\u00e9fend l\u2019id\u00e9e que les entreprises doivent jouer un r\u00f4le politique et social, au-del\u00e0 de la simple recherche de profit.<\/p>\n<p><b>Pourquoi est-elle une figure inspirante ?<\/b><br \/>\nParce qu\u2019elle allie avec brio ambition, cr\u00e9ativit\u00e9 et engagement, tout en restant accessible et authentique.<\/p>\n<p>[aib_post_related url=&rsquo;\/tendances\/mairie-de-paray-vieille-poste\/&rsquo; title=&rsquo;D\u00e9couvrez les secrets de la mairie de Paray-Vieille-Poste\u00a0: ce qu\u2019il faut savoir\u00a0!&rsquo; relatedtext=&rsquo;Vous pourriez \u00e9galement \u00eatre int\u00e9ress\u00e9 par:&rsquo;]<\/p>\n<p><b>O\u00f9 peut-on suivre ses actualit\u00e9s ?<\/b><br \/>\nSur ses r\u00e9seaux sociaux et \u00e0 travers ses interventions publiques, o\u00f9 elle partage r\u00e9guli\u00e8rement ses r\u00e9flexions et projets.<\/p>\n","protected":false},"excerpt":{"rendered":"<p>Flora Ghebali Flora Ghebali, cette entrepreneure au charisme d\u00e9tonnant, est bien plus qu\u2019une simple figure du monde des affaires. Avec son parcours atypique et son esprit visionnaire, elle a su se faire une place dans l\u2019univers de l\u2019innovation et de l\u2019impact social. Fondatrice de The Galion Project, elle a cr\u00e9\u00e9 un espace o\u00f9 les entrepreneurs&#8230;<\/p>\n","protected":false},"author":1,"featured_media":6226,"comment_status":"","ping_status":"","sticky":false,"template":"","format":"standard","meta":{"_kad_post_transparent":"","_kad_post_title":"","_kad_post_layout":"","_kad_post_sidebar_id":"","_kad_post_content_style":"","_kad_post_vertical_padding":"","_kad_post_feature":"","_kad_post_feature_position":"","_kad_post_header":false,"_kad_post_footer":false,"_kad_post_classname":"","iawp_total_views":2,"footnotes":""},"categories":[28],"tags":[],"class_list":["post-6225","post","type-post","status-publish","format-standard","has-post-thumbnail","hentry","category-personnalites"],"_links":{"self":[{"href":"https:\/\/www.dmoz.fr\/tendances\/wp-json\/wp\/v2\/posts\/6225","targetHints":{"allow":["GET"]}}],"collection":[{"href":"https:\/\/www.dmoz.fr\/tendances\/wp-json\/wp\/v2\/posts"}],"about":[{"href":"https:\/\/www.dmoz.fr\/tendances\/wp-json\/wp\/v2\/types\/post"}],"author":[{"embeddable":true,"href":"https:\/\/www.dmoz.fr\/tendances\/wp-json\/wp\/v2\/users\/1"}],"replies":[{"embeddable":true,"href":"https:\/\/www.dmoz.fr\/tendances\/wp-json\/wp\/v2\/comments?post=6225"}],"version-history":[{"count":0,"href":"https:\/\/www.dmoz.fr\/tendances\/wp-json\/wp\/v2\/posts\/6225\/revisions"}],"wp:featuredmedia":[{"embeddable":true,"href":"https:\/\/www.dmoz.fr\/tendances\/wp-json\/wp\/v2\/media\/6226"}],"wp:attachment":[{"href":"https:\/\/www.dmoz.fr\/tendances\/wp-json\/wp\/v2\/media?parent=6225"}],"wp:term":[{"taxonomy":"category","embeddable":true,"href":"https:\/\/www.dmoz.fr\/tendances\/wp-json\/wp\/v2\/categories?post=6225"},{"taxonomy":"post_tag","embeddable":true,"href":"https:\/\/www.dmoz.fr\/tendances\/wp-json\/wp\/v2\/tags?post=6225"}],"curies":[{"name":"wp","href":"https:\/\/api.w.org\/{rel}","templated":true}]}}