{"id":6234,"date":"2025-07-01T10:19:24","date_gmt":"2025-07-01T09:19:24","guid":{"rendered":"https:\/\/www.dmoz.fr\/tendances\/jacqueline-sauvage\/"},"modified":"2025-07-01T10:19:24","modified_gmt":"2025-07-01T09:19:24","slug":"jacqueline-sauvage","status":"publish","type":"post","link":"https:\/\/www.dmoz.fr\/tendances\/jacqueline-sauvage\/","title":{"rendered":"Jacqueline Sauvage : l\u2019histoire bouleversante d\u2019une femme au c\u0153ur d\u2019un fait divers"},"content":{"rendered":"<p><\/p>\n<div id='video-container' data-video-id='A84rtomp5Ik' style='width:100%; height:auto; max-width:587px; position: relative;'>\n<div class='image-video-plugin' style='background:url(\"https:\/\/img.youtube.com\/vi\/A84rtomp5Ik\/0.jpg\") center no-repeat; background-size: cover;'><\/div>\n<p>        <span class='youtube-play-button'><\/span><br \/>\n        <noscript><a href=\"https:\/\/www.youtube.com\/watch?v=A84rtomp5Ik\" target=\"_blank\" rel=\"noopener\"><\/a><\/noscript>\n    <\/div>\n<p><\/p>\n<p><h2>Jacqueline Sauvage<\/h2>\n<p>\nJacqueline Sauvage, une figure embl\u00e9matique de la lutte contre les violences conjugales, a marqu\u00e9 l\u2019histoire fran\u00e7aise par son combat pour la justice et la dignit\u00e9. Son histoire, \u00e0 la fois tragique et inspirante, a \u00e9mu des milliers de personnes et a soulev\u00e9 des d\u00e9bats passionn\u00e9s sur la l\u00e9gitime d\u00e9fense et les droits des femmes. Apr\u00e8s des ann\u00e9es de violences subies de la part de son mari, Jacqueline a tir\u00e9 sur lui en 2012, un acte qui a d\u00e9clench\u00e9 une vague de soutien public et m\u00e9diatique. Son proc\u00e8s, sa condamnation, puis sa gr\u00e2ce pr\u00e9sidentielle en 2016, ont fait d\u2019elle un symbole de r\u00e9sistance face \u00e0 l\u2019injustice.<\/p>\n<p>Son parcours a \u00e9galement mis en lumi\u00e8re les lacunes du syst\u00e8me judiciaire dans la prise en charge des victimes de violences conjugales. Jacqueline Sauvage est devenue une voix puissante pour celles qui, comme elle, ont longtemps souffert en silence. Son histoire rappelle l\u2019importance de briser le silence et de lutter pour une soci\u00e9t\u00e9 plus juste et protectrice.<\/p>\n<p><h3>Questions fr\u00e9quentes sur Jacqueline Sauvage<\/h3>\n<p>\n<b>Qui est Jacqueline Sauvage et pourquoi est-elle c\u00e9l\u00e8bre ?<\/b><br \/>\nJacqueline Sauvage est une femme fran\u00e7aise devenue c\u00e9l\u00e8bre pour avoir tu\u00e9 son mari apr\u00e8s des ann\u00e9es de violences conjugales. Son cas a suscit\u00e9 un d\u00e9bat national sur la l\u00e9gitime d\u00e9fense et les violences faites aux femmes.<\/p>\n<p><b>Quel a \u00e9t\u00e9 le r\u00f4le de la gr\u00e2ce pr\u00e9sidentielle dans son histoire ?<\/b><br \/>\nEn 2016, Fran\u00e7ois Hollande, alors pr\u00e9sident de la R\u00e9publique, lui a accord\u00e9 une gr\u00e2ce pr\u00e9sidentielle partielle, permettant sa lib\u00e9ration apr\u00e8s quatre ans de prison. Cette d\u00e9cision a \u00e9t\u00e9 salu\u00e9e par de nombreux d\u00e9fenseurs des droits des femmes.<\/p>\n<p>[aib_post_related url=&rsquo;\/tendances\/daniel-bilalian-enfants\/&rsquo; title=&rsquo;Daniel Bilalian et ses enfants\u00a0: d\u00e9couvrez leur vie secr\u00e8te et leurs passions insoup\u00e7onn\u00e9es&rsquo; relatedtext=&rsquo;Vous pourriez \u00e9galement \u00eatre int\u00e9ress\u00e9 par:&rsquo;]<\/p>\n<p><b>Comment son histoire a-t-elle impact\u00e9 la soci\u00e9t\u00e9 fran\u00e7aise ?<\/b><br \/>\nL\u2019affaire Jacqueline Sauvage a mis en lumi\u00e8re les failles du syst\u00e8me judiciaire face aux violences conjugales et a encourag\u00e9 un d\u00e9bat public sur la n\u00e9cessit\u00e9 de mieux prot\u00e9ger les victimes.<\/p>\n<p><b>Quel est le message principal de son combat ?<\/b><br \/>\nSon histoire rappelle l\u2019importance de briser le silence face aux violences conjugales et de lutter pour une justice plus \u00e9quitable et protectrice.<\/p>\n","protected":false},"excerpt":{"rendered":"<p>Jacqueline Sauvage Jacqueline Sauvage, une figure embl\u00e9matique de la lutte contre les violences conjugales, a marqu\u00e9 l\u2019histoire fran\u00e7aise par son combat pour la justice et la dignit\u00e9. Son histoire, \u00e0 la fois tragique et inspirante, a \u00e9mu des milliers de personnes et a soulev\u00e9 des d\u00e9bats passionn\u00e9s sur la l\u00e9gitime d\u00e9fense et les droits des&#8230;<\/p>\n","protected":false},"author":1,"featured_media":6235,"comment_status":"","ping_status":"","sticky":false,"template":"","format":"standard","meta":{"_kad_post_transparent":"","_kad_post_title":"","_kad_post_layout":"","_kad_post_sidebar_id":"","_kad_post_content_style":"","_kad_post_vertical_padding":"","_kad_post_feature":"","_kad_post_feature_position":"","_kad_post_header":false,"_kad_post_footer":false,"_kad_post_classname":"","iawp_total_views":23,"footnotes":""},"categories":[28],"tags":[],"class_list":["post-6234","post","type-post","status-publish","format-standard","has-post-thumbnail","hentry","category-personnalites"],"_links":{"self":[{"href":"https:\/\/www.dmoz.fr\/tendances\/wp-json\/wp\/v2\/posts\/6234","targetHints":{"allow":["GET"]}}],"collection":[{"href":"https:\/\/www.dmoz.fr\/tendances\/wp-json\/wp\/v2\/posts"}],"about":[{"href":"https:\/\/www.dmoz.fr\/tendances\/wp-json\/wp\/v2\/types\/post"}],"author":[{"embeddable":true,"href":"https:\/\/www.dmoz.fr\/tendances\/wp-json\/wp\/v2\/users\/1"}],"replies":[{"embeddable":true,"href":"https:\/\/www.dmoz.fr\/tendances\/wp-json\/wp\/v2\/comments?post=6234"}],"version-history":[{"count":0,"href":"https:\/\/www.dmoz.fr\/tendances\/wp-json\/wp\/v2\/posts\/6234\/revisions"}],"wp:featuredmedia":[{"embeddable":true,"href":"https:\/\/www.dmoz.fr\/tendances\/wp-json\/wp\/v2\/media\/6235"}],"wp:attachment":[{"href":"https:\/\/www.dmoz.fr\/tendances\/wp-json\/wp\/v2\/media?parent=6234"}],"wp:term":[{"taxonomy":"category","embeddable":true,"href":"https:\/\/www.dmoz.fr\/tendances\/wp-json\/wp\/v2\/categories?post=6234"},{"taxonomy":"post_tag","embeddable":true,"href":"https:\/\/www.dmoz.fr\/tendances\/wp-json\/wp\/v2\/tags?post=6234"}],"curies":[{"name":"wp","href":"https:\/\/api.w.org\/{rel}","templated":true}]}}