{"id":6245,"date":"2025-07-01T12:53:42","date_gmt":"2025-07-01T11:53:42","guid":{"rendered":"https:\/\/www.dmoz.fr\/tendances\/khamenei-jeune\/"},"modified":"2025-07-01T12:53:42","modified_gmt":"2025-07-01T11:53:42","slug":"khamenei-jeune","status":"publish","type":"post","link":"https:\/\/www.dmoz.fr\/tendances\/khamenei-jeune\/","title":{"rendered":"Khamenei jeune : d\u00e9couvrez les ann\u00e9es m\u00e9connues du guide supr\u00eame"},"content":{"rendered":"<p><\/p>\n<div id='video-container' data-video-id='XMZjQoqldBI' style='width:100%; height:auto; max-width:587px; position: relative;'>\n<div class='image-video-plugin' style='background:url(\"https:\/\/img.youtube.com\/vi\/XMZjQoqldBI\/0.jpg\") center no-repeat; background-size: cover;'><\/div>\n<p>        <span class='youtube-play-button'><\/span><br \/>\n        <noscript><a href=\"https:\/\/www.youtube.com\/watch?v=XMZjQoqldBI\" target=\"_blank\" rel=\"noopener\"><\/a><\/noscript>\n    <\/div>\n<p><\/p>\n<h2>Khamenei Jeune<\/h2>\n<p><h2>Khamenei jeune<\/h2>\n<p>\nSaviez-vous que l\u2019ayatollah Khamenei, aujourd\u2019hui figure embl\u00e9matique de l\u2019Iran, a eu une jeunesse aussi riche en rebondissements qu\u2019un roman historique ? <b>Khamenei jeune<\/b>, c\u2019est l\u2019histoire d\u2019un gar\u00e7on n\u00e9 en 1939 \u00e0 Mashhad, dans une famille religieuse modeste, qui deviendra l\u2019un des hommes les plus influents du monde. D\u00e8s son plus jeune \u00e2ge, il se distingue par son intelligence et sa soif de connaissance, \u00e9tudiant avec ferveur les textes islamiques et la philosophie. Mais ne vous y trompez pas, derri\u00e8re l\u2019image aust\u00e8re que l\u2019on conna\u00eet aujourd\u2019hui se cache un jeune homme passionn\u00e9 de po\u00e9sie et de litt\u00e9rature, un vrai m\u00e9lomane des mots.<\/p>\n<p>[aib_post_related url=&rsquo;\/tendances\/clara-luciani\/&rsquo; title=&rsquo;Clara Luciani : d\u00e9couvrez les secrets de son ascension fulgurante dans la musique&rsquo; relatedtext=&rsquo;Vous pourriez \u00e9galement \u00eatre int\u00e9ress\u00e9 par:&rsquo;]<\/p>\n<p>Dans les ann\u00e9es 1950, <b>Khamenei jeune<\/b> rejoint les cercles religieux et politiques, o\u00f9 il se forge une r\u00e9putation de penseur engag\u00e9. Il c\u00f4toie des figures comme l\u2019ayatollah Khomeini, dont il deviendra plus tard le prot\u00e9g\u00e9. Sa jeunesse est marqu\u00e9e par des ann\u00e9es de lutte contre le r\u00e9gime du Shah, des arrestations et des exils, qui fa\u00e7onnent son caract\u00e8re et sa vision du monde. Loin d\u2019\u00eatre un simple \u00e9tudiant en th\u00e9ologie, il incarne d\u00e9j\u00e0 une force montante, pr\u00eate \u00e0 transformer l\u2019histoire de son pays.<\/p>\n<p>[aib_post_related url=&rsquo;\/tendances\/poids-gorille\/&rsquo; title=&rsquo;D\u00e9couvrez le poids impressionnant d\u2019un gorille\u00a0: ce qu\u2019il r\u00e9v\u00e8le sur sa force et son mode de vie&rsquo; relatedtext=&rsquo;Vous pourriez \u00e9galement \u00eatre int\u00e9ress\u00e9 par:&rsquo;]<\/p>\n<h3>Khamenei jeune : questions qui piquent la curiosit\u00e9<\/h3>\n<p><\/p>\n<ul><\/p>\n<li><b>Quels \u00e9taient les hobbies de Khamenei jeune ?<\/b> Po\u00e9sie, litt\u00e9rature et discussions philosophiques \u00e9taient ses passions secr\u00e8tes.<\/li>\n<p><\/p>\n<li><b>Comment son \u00e9ducation a-t-elle influenc\u00e9 son parcours ?<\/b> Issu d\u2019un milieu religieux, il a \u00e9t\u00e9 immerg\u00e9 tr\u00e8s t\u00f4t dans les \u00e9tudes islamiques, ce qui a forg\u00e9 sa pens\u00e9e.<\/li>\n<p><\/p>\n<li><b>Quel r\u00f4le a-t-il jou\u00e9 dans la r\u00e9volution iranienne ?<\/b> Actif d\u00e8s les premi\u00e8res heures, il a \u00e9t\u00e9 un pilier de la r\u00e9sistance contre le Shah.<\/li>\n<p>\n<\/ul><\/p>\n","protected":false},"excerpt":{"rendered":"<p>Khamenei Jeune Khamenei jeune Saviez-vous que l\u2019ayatollah Khamenei, aujourd\u2019hui figure embl\u00e9matique de l\u2019Iran, a eu une jeunesse aussi riche en rebondissements qu\u2019un roman historique ? Khamenei jeune, c\u2019est l\u2019histoire d\u2019un gar\u00e7on n\u00e9 en 1939 \u00e0 Mashhad, dans une famille religieuse modeste, qui deviendra l\u2019un des hommes les plus influents du monde. D\u00e8s son plus jeune&#8230;<\/p>\n","protected":false},"author":1,"featured_media":6246,"comment_status":"","ping_status":"","sticky":false,"template":"","format":"standard","meta":{"_kad_post_transparent":"","_kad_post_title":"","_kad_post_layout":"","_kad_post_sidebar_id":"","_kad_post_content_style":"","_kad_post_vertical_padding":"","_kad_post_feature":"","_kad_post_feature_position":"","_kad_post_header":false,"_kad_post_footer":false,"_kad_post_classname":"","iawp_total_views":6,"footnotes":""},"categories":[28],"tags":[],"class_list":["post-6245","post","type-post","status-publish","format-standard","has-post-thumbnail","hentry","category-personnalites"],"_links":{"self":[{"href":"https:\/\/www.dmoz.fr\/tendances\/wp-json\/wp\/v2\/posts\/6245","targetHints":{"allow":["GET"]}}],"collection":[{"href":"https:\/\/www.dmoz.fr\/tendances\/wp-json\/wp\/v2\/posts"}],"about":[{"href":"https:\/\/www.dmoz.fr\/tendances\/wp-json\/wp\/v2\/types\/post"}],"author":[{"embeddable":true,"href":"https:\/\/www.dmoz.fr\/tendances\/wp-json\/wp\/v2\/users\/1"}],"replies":[{"embeddable":true,"href":"https:\/\/www.dmoz.fr\/tendances\/wp-json\/wp\/v2\/comments?post=6245"}],"version-history":[{"count":0,"href":"https:\/\/www.dmoz.fr\/tendances\/wp-json\/wp\/v2\/posts\/6245\/revisions"}],"wp:featuredmedia":[{"embeddable":true,"href":"https:\/\/www.dmoz.fr\/tendances\/wp-json\/wp\/v2\/media\/6246"}],"wp:attachment":[{"href":"https:\/\/www.dmoz.fr\/tendances\/wp-json\/wp\/v2\/media?parent=6245"}],"wp:term":[{"taxonomy":"category","embeddable":true,"href":"https:\/\/www.dmoz.fr\/tendances\/wp-json\/wp\/v2\/categories?post=6245"},{"taxonomy":"post_tag","embeddable":true,"href":"https:\/\/www.dmoz.fr\/tendances\/wp-json\/wp\/v2\/tags?post=6245"}],"curies":[{"name":"wp","href":"https:\/\/api.w.org\/{rel}","templated":true}]}}