{"id":6269,"date":"2025-07-01T19:40:50","date_gmt":"2025-07-01T18:40:50","guid":{"rendered":"https:\/\/www.dmoz.fr\/tendances\/patron-ferrari\/"},"modified":"2025-07-01T19:40:50","modified_gmt":"2025-07-01T18:40:50","slug":"patron-ferrari","status":"publish","type":"post","link":"https:\/\/www.dmoz.fr\/tendances\/patron-ferrari\/","title":{"rendered":"D\u00e9couvrez les secrets du patron Ferrari qui r\u00e9volutionne l\u2019automobile"},"content":{"rendered":"<p><\/p>\n<div id='video-container' data-video-id='EiRm-m9EyrU' style='width:100%; height:auto; max-width:587px; position: relative;'>\n<div class='image-video-plugin' style='background:url(\"https:\/\/img.youtube.com\/vi\/EiRm-m9EyrU\/0.jpg\") center no-repeat; background-size: cover;'><\/div>\n<p>        <span class='youtube-play-button'><\/span><br \/>\n        <noscript><a href=\"https:\/\/www.youtube.com\/watch?v=EiRm-m9EyrU\" target=\"_blank\" rel=\"noopener\"><\/a><\/noscript>\n    <\/div>\n<p><\/p>\n<p><h2>Patron Ferrari<\/h2>\n<p>\n\u00catre le <strong>patron Ferrari<\/strong>, c\u2019est un peu comme diriger un orchestre o\u00f9 chaque instrument est une cylindr\u00e9e de r\u00eave. Ce poste, aussi prestigieux qu\u2019un podium de Formule 1, exige une combinaison unique de vision strat\u00e9gique, de passion automobile et d\u2019un sens aigu des affaires. Depuis Enzo Ferrari, fondateur l\u00e9gendaire de la marque au cheval cabr\u00e9, chaque dirigeant a laiss\u00e9 son empreinte sur cette ic\u00f4ne italienne. Aujourd\u2019hui, le patron Ferrari doit jongler entre innovation technologique, respect de l\u2019h\u00e9ritage et gestion d\u2019une marque qui fait r\u00eaver des millions de passionn\u00e9s \u00e0 travers le monde. Un r\u00f4le qui n\u2019a rien d\u2019une promenade de sant\u00e9, mais plut\u00f4t d\u2019une course contre la montre pour rester en pole position.<\/p>\n<p>Le <strong>patron Ferrari<\/strong> ne se contente pas de superviser la production de bolides ronronnants. Il incarne l\u2019\u00e2me de la marque, naviguant entre les d\u00e9fis du march\u00e9 automobile et les attentes des puristes. Avec des mod\u00e8les comme la SF90 Stradale ou la Roma, il doit constamment r\u00e9inventer l\u2019\u00e9quilibre entre performance et \u00e9l\u00e9gance. Sans oublier la pression de la Formule 1, o\u00f9 chaque victoire renforce le prestige de la marque. \u00catre \u00e0 la t\u00eate de Ferrari, c\u2019est porter le poids d\u2019un h\u00e9ritage centenaire tout en tra\u00e7ant la route vers l\u2019avenir. Un m\u00e9tier o\u00f9 l\u2019on ne roule pas sur des p\u00e9tales de roses, mais sur des pistes enflamm\u00e9es.<\/p>\n<p><h3>Questions fr\u00e9quentes sur le patron Ferrari<\/h3>\n<p>\n<b>Qui est l\u2019actuel patron de Ferrari ?<\/b><br \/>\nActuellement, c\u2019est Benedetto Vigna qui occupe ce poste depuis 2021, apportant son expertise technologique pour guider la marque vers l\u2019\u00e8re \u00e9lectrique.<\/p>\n<p><b>Quel est le r\u00f4le principal du patron Ferrari ?<\/b><br \/>\nIl supervise la strat\u00e9gie globale de la marque, allant de la production de voitures de luxe \u00e0 la gestion de l\u2019\u00e9quipe de Formule 1, tout en veillant \u00e0 pr\u00e9server l\u2019ADN Ferrari.<\/p>\n<p>[aib_post_related url=&rsquo;\/tendances\/qui-est-le-mari-de-nawell-madani\/&rsquo; title=&rsquo;Qui est le mari de Nawell Madani\u00a0? D\u00e9couvrez son histoire secr\u00e8te&rsquo; relatedtext=&rsquo;Vous pourriez \u00e9galement \u00eatre int\u00e9ress\u00e9 par:&rsquo;]<\/p>\n<p><b>Comment devient-on patron Ferrari ?<\/b><br \/>\nCela n\u00e9cessite une combinaison d\u2019exp\u00e9rience dans l\u2019industrie automobile, de leadership visionnaire et d\u2019une passion in\u00e9branlable pour la marque. Un CV qui ne s\u2019improvise pas !<\/p>\n<p><b>Quels sont les d\u00e9fis actuels du patron Ferrari ?<\/b><br \/>\nEntre la transition vers l\u2019\u00e9lectrique, la concurrence mondiale et les attentes des puristes, le patron Ferrari doit constamment innover tout en respectant l\u2019h\u00e9ritage de la marque.<\/p>\n","protected":false},"excerpt":{"rendered":"<p>Patron Ferrari \u00catre le patron Ferrari, c\u2019est un peu comme diriger un orchestre o\u00f9 chaque instrument est une cylindr\u00e9e de r\u00eave. Ce poste, aussi prestigieux qu\u2019un podium de Formule 1, exige une combinaison unique de vision strat\u00e9gique, de passion automobile et d\u2019un sens aigu des affaires. Depuis Enzo Ferrari, fondateur l\u00e9gendaire de la marque au&#8230;<\/p>\n","protected":false},"author":1,"featured_media":6270,"comment_status":"","ping_status":"","sticky":false,"template":"","format":"standard","meta":{"_kad_post_transparent":"","_kad_post_title":"","_kad_post_layout":"","_kad_post_sidebar_id":"","_kad_post_content_style":"","_kad_post_vertical_padding":"","_kad_post_feature":"","_kad_post_feature_position":"","_kad_post_header":false,"_kad_post_footer":false,"_kad_post_classname":"","iawp_total_views":0,"footnotes":""},"categories":[28],"tags":[],"class_list":["post-6269","post","type-post","status-publish","format-standard","has-post-thumbnail","hentry","category-personnalites"],"_links":{"self":[{"href":"https:\/\/www.dmoz.fr\/tendances\/wp-json\/wp\/v2\/posts\/6269","targetHints":{"allow":["GET"]}}],"collection":[{"href":"https:\/\/www.dmoz.fr\/tendances\/wp-json\/wp\/v2\/posts"}],"about":[{"href":"https:\/\/www.dmoz.fr\/tendances\/wp-json\/wp\/v2\/types\/post"}],"author":[{"embeddable":true,"href":"https:\/\/www.dmoz.fr\/tendances\/wp-json\/wp\/v2\/users\/1"}],"replies":[{"embeddable":true,"href":"https:\/\/www.dmoz.fr\/tendances\/wp-json\/wp\/v2\/comments?post=6269"}],"version-history":[{"count":0,"href":"https:\/\/www.dmoz.fr\/tendances\/wp-json\/wp\/v2\/posts\/6269\/revisions"}],"wp:featuredmedia":[{"embeddable":true,"href":"https:\/\/www.dmoz.fr\/tendances\/wp-json\/wp\/v2\/media\/6270"}],"wp:attachment":[{"href":"https:\/\/www.dmoz.fr\/tendances\/wp-json\/wp\/v2\/media?parent=6269"}],"wp:term":[{"taxonomy":"category","embeddable":true,"href":"https:\/\/www.dmoz.fr\/tendances\/wp-json\/wp\/v2\/categories?post=6269"},{"taxonomy":"post_tag","embeddable":true,"href":"https:\/\/www.dmoz.fr\/tendances\/wp-json\/wp\/v2\/tags?post=6269"}],"curies":[{"name":"wp","href":"https:\/\/api.w.org\/{rel}","templated":true}]}}