{"id":6311,"date":"2025-07-02T06:41:18","date_gmt":"2025-07-02T05:41:18","guid":{"rendered":"https:\/\/www.dmoz.fr\/tendances\/camille-combal-taille-2\/"},"modified":"2025-07-02T06:41:18","modified_gmt":"2025-07-02T05:41:18","slug":"camille-combal-taille-2","status":"publish","type":"post","link":"https:\/\/www.dmoz.fr\/tendances\/camille-combal-taille-2\/","title":{"rendered":"Camille combal taille : d\u00e9couvrez les secrets de sa silhouette impressionnante"},"content":{"rendered":"<p><h2>Camille Combal Taille<\/h2>\n<p><\/p>\n<p>Camille Combal, l\u2019animateur pr\u00e9f\u00e9r\u00e9 des Fran\u00e7ais, est connu pour son charisme, son humour et\u2026 sa silhouette \u00e9lanc\u00e9e. Avec une <strong>taille<\/strong> qui avoisine les <strong>1,83 m\u00e8tres<\/strong>, il domine litt\u00e9ralement et figurativement le petit \u00e9cran. Cette stature lui conf\u00e8re une pr\u00e9sence ind\u00e9niable, qu\u2019il s\u2019agisse de pr\u00e9senter &ldquo;Danse avec les stars&rdquo; ou de faire rire les t\u00e9l\u00e9spectateurs dans &ldquo;Touche pas \u00e0 mon poste !&rdquo;. Si certains se demandent comment il parvient \u00e0 rester aussi svelte malgr\u00e9 les longues heures de tournage, c\u2019est probablement gr\u00e2ce \u00e0 une hygi\u00e8ne de vie rigoureuse et une passion pour le sport. Apr\u00e8s tout, entretenir une telle <strong>taille<\/strong> demande un peu d\u2019effort, m\u00eame pour un roi de l\u2019animation !<\/p>\n<\/p>\n<p>[aib_post_related url=&rsquo;\/tendances\/casquette-enfant\/&rsquo; title=&rsquo;D\u00e9couvrez la casquette enfant id\u00e9ale pour un style unique et confortable\u00a0!&rsquo; relatedtext=&rsquo;Vous pourriez \u00e9galement \u00eatre int\u00e9ress\u00e9 par:&rsquo;]<\/p>\n<p>D\u2019ailleurs, la <b>taille<\/b> de Camille Combal n\u2019est pas qu\u2019un d\u00e9tail physique. Elle fait partie int\u00e9grante de son image publique, renfor\u00e7ant son aura de gentleman moderne. Que ce soit sur les r\u00e9seaux sociaux ou lors d\u2019\u00e9v\u00e9nements, il sait tirer parti de cette caract\u00e9ristique pour se d\u00e9marquer. Et soyons honn\u00eates, dans un monde o\u00f9 la premi\u00e8re impression compte, ses <b>1,83 m\u00e8tres<\/b> jouent sans doute en sa faveur. Alors, si vous vous \u00eates d\u00e9j\u00e0 demand\u00e9 pourquoi il semble toujours aussi \u00e0 l\u2019aise devant les cam\u00e9ras, sa <b>taille<\/b> y est peut-\u00eatre pour quelque chose. Une chose est s\u00fbre : Camille Combal continue de grandir dans le c\u0153ur du public, et pas seulement en centim\u00e8tres !<\/p>\n<p>[aib_post_related url=&rsquo;\/tendances\/taille-cr7\/&rsquo; title=&rsquo;D\u00e9couvrez la taille r\u00e9elle de CR7 et ce qu\u2019elle r\u00e9v\u00e8le sur sa carri\u00e8re l\u00e9gendaire&rsquo; relatedtext=&rsquo;Vous pourriez \u00e9galement \u00eatre int\u00e9ress\u00e9 par:&rsquo;]<\/p>\n<p><h3>Camille Combal et sa taille : vos questions, nos r\u00e9ponses<\/h3>\n<p><\/p>\n<ul><\/p>\n<li><b>Combien mesure Camille Combal ?<\/b> Camille Combal mesure environ <strong>1,83 m\u00e8tres<\/strong>, une taille qui lui permet de se d\u00e9marquer sur les plateaux t\u00e9l\u00e9.<\/li>\n<p><\/p>\n<li><b>Comment Camille Combal entretient-il sa silhouette ?<\/b> Entre une alimentation \u00e9quilibr\u00e9e et une pratique r\u00e9guli\u00e8re du sport, il maintient une silhouette \u00e9lanc\u00e9e malgr\u00e9 un emploi du temps charg\u00e9.<\/li>\n<p><\/p>\n<li><b>Sa taille influence-t-elle sa carri\u00e8re ?<\/b> Si sa <strong>taille<\/strong> n\u2019est pas le seul facteur de son succ\u00e8s, elle contribue certainement \u00e0 son charisme et \u00e0 sa pr\u00e9sence \u00e0 l\u2019\u00e9cran.<\/li>\n<p>\n<\/ul><\/p>\n","protected":false},"excerpt":{"rendered":"<p>Camille Combal Taille Camille Combal, l\u2019animateur pr\u00e9f\u00e9r\u00e9 des Fran\u00e7ais, est connu pour son charisme, son humour et\u2026 sa silhouette \u00e9lanc\u00e9e. Avec une taille qui avoisine les 1,83 m\u00e8tres, il domine litt\u00e9ralement et figurativement le petit \u00e9cran. Cette stature lui conf\u00e8re une pr\u00e9sence ind\u00e9niable, qu\u2019il s\u2019agisse de pr\u00e9senter &ldquo;Danse avec les stars&rdquo; ou de faire rire&#8230;<\/p>\n","protected":false},"author":1,"featured_media":0,"comment_status":"","ping_status":"","sticky":false,"template":"","format":"standard","meta":{"_kad_post_transparent":"","_kad_post_title":"","_kad_post_layout":"","_kad_post_sidebar_id":"","_kad_post_content_style":"","_kad_post_vertical_padding":"","_kad_post_feature":"","_kad_post_feature_position":"","_kad_post_header":false,"_kad_post_footer":false,"_kad_post_classname":"","iawp_total_views":0,"footnotes":""},"categories":[28],"tags":[],"class_list":["post-6311","post","type-post","status-publish","format-standard","hentry","category-personnalites"],"_links":{"self":[{"href":"https:\/\/www.dmoz.fr\/tendances\/wp-json\/wp\/v2\/posts\/6311","targetHints":{"allow":["GET"]}}],"collection":[{"href":"https:\/\/www.dmoz.fr\/tendances\/wp-json\/wp\/v2\/posts"}],"about":[{"href":"https:\/\/www.dmoz.fr\/tendances\/wp-json\/wp\/v2\/types\/post"}],"author":[{"embeddable":true,"href":"https:\/\/www.dmoz.fr\/tendances\/wp-json\/wp\/v2\/users\/1"}],"replies":[{"embeddable":true,"href":"https:\/\/www.dmoz.fr\/tendances\/wp-json\/wp\/v2\/comments?post=6311"}],"version-history":[{"count":0,"href":"https:\/\/www.dmoz.fr\/tendances\/wp-json\/wp\/v2\/posts\/6311\/revisions"}],"wp:attachment":[{"href":"https:\/\/www.dmoz.fr\/tendances\/wp-json\/wp\/v2\/media?parent=6311"}],"wp:term":[{"taxonomy":"category","embeddable":true,"href":"https:\/\/www.dmoz.fr\/tendances\/wp-json\/wp\/v2\/categories?post=6311"},{"taxonomy":"post_tag","embeddable":true,"href":"https:\/\/www.dmoz.fr\/tendances\/wp-json\/wp\/v2\/tags?post=6311"}],"curies":[{"name":"wp","href":"https:\/\/api.w.org\/{rel}","templated":true}]}}