{"id":6320,"date":"2025-07-02T09:59:25","date_gmt":"2025-07-02T08:59:25","guid":{"rendered":"https:\/\/www.dmoz.fr\/tendances\/delphine-ernotte-enfants\/"},"modified":"2025-07-02T09:59:25","modified_gmt":"2025-07-02T08:59:25","slug":"delphine-ernotte-enfants","status":"publish","type":"post","link":"https:\/\/www.dmoz.fr\/tendances\/delphine-ernotte-enfants\/","title":{"rendered":"Delphine Ernotte et ses enfants : d\u00e9couvrez l\u2019histoire m\u00e9connue de sa vie de famille"},"content":{"rendered":"<p><\/p>\n<div id='video-container' data-video-id='eDyB6JGLwTM' style='width:100%; height:auto; max-width:587px; position: relative;'>\n<div class='image-video-plugin' style='background:url(\"https:\/\/img.youtube.com\/vi\/eDyB6JGLwTM\/0.jpg\") center no-repeat; background-size: cover;'><\/div>\n<p>        <span class='youtube-play-button'><\/span><br \/>\n        <noscript><a href=\"https:\/\/www.youtube.com\/watch?v=eDyB6JGLwTM\" target=\"_blank\" rel=\"noopener\"><\/a><\/noscript>\n    <\/div>\n<p><\/p>\n<h2>Delphine Ernotte Enfants<\/h2>\n<p><h2>Delphine Ernotte enfants<\/h2>\n<p>\nDelphine Ernotte, pr\u00e9sidente de France T\u00e9l\u00e9visions, est une figure embl\u00e9matique du paysage audiovisuel fran\u00e7ais. Pourtant, lorsqu\u2019il s\u2019agit de ses enfants, elle pr\u00e9f\u00e8re garder une discr\u00e9tion absolue. <strong>Pas de photos, pas d\u2019interviews, pas de d\u00e9tails croustillants<\/strong> \u2013 un v\u00e9ritable exploit \u00e0 l\u2019\u00e8re des r\u00e9seaux sociaux o\u00f9 tout le monde partage jusqu\u2019\u00e0 la couleur des chaussettes de son chat. Cette r\u00e9serve t\u00e9moigne d\u2019un choix assum\u00e9 : prot\u00e9ger l\u2019intimit\u00e9 de sa famille tout en menant une carri\u00e8re publique. Un \u00e9quilibre d\u00e9licat, mais qu\u2019elle semble ma\u00eetriser avec une \u00e9l\u00e9gance digne d\u2019une reine du petit \u00e9cran.<\/p>\n<p>Si Delphine Ernotte est souvent sous les projecteurs pour ses d\u00e9cisions strat\u00e9giques ou ses prises de position, elle reste une m\u00e8re avant tout. <strong>Ses enfants, bien que m\u00e9connus du grand public, sont sans doute au c\u0153ur de ses priorit\u00e9s.<\/strong> Elle incarne ainsi une figure moderne, alliant r\u00e9ussite professionnelle et vie familiale \u00e9quilibr\u00e9e. Une inspiration pour ceux qui cherchent \u00e0 concilier ambition et discr\u00e9tion, sans jamais sacrifier l\u2019essentiel.<\/p>\n<p>[aib_post_related url=&rsquo;\/tendances\/cotillard-canet\/&rsquo; title=&rsquo;Cotillard et canet : leur incroyable histoire d\u2019amour et de cin\u00e9ma r\u00e9v\u00e9l\u00e9e&rsquo; relatedtext=&rsquo;Vous pourriez \u00e9galement \u00eatre int\u00e9ress\u00e9 par:&rsquo;]<\/p>\n<h3>Questions que vous vous posez (et auxquelles on r\u00e9pond avec panache)<\/h3>\n<p><\/p>\n<ul><\/p>\n<li><b>Delphine Ernotte a-t-elle des enfants ?<\/b> Oui, mais elle pr\u00e9f\u00e8re ne pas en parler publiquement. Une d\u00e9cision qui m\u00e9rite respect et admiration.<\/li>\n<p><\/p>\n<li><b>Pourquoi est-elle si discr\u00e8te sur sa vie de famille ?<\/b> Parce que prot\u00e9ger ses proches est une priorit\u00e9, surtout quand on \u00e9volue dans un milieu aussi expos\u00e9 que la t\u00e9l\u00e9vision.<\/li>\n<p><\/p>\n<li><b>Comment g\u00e8re-t-elle sa carri\u00e8re et sa vie de m\u00e8re ?<\/b> Avec une \u00e9l\u00e9gance et une organisation qui font r\u00eaver (ou un peu jaloux, avouons-le).<\/li>\n<p>\n<\/ul><\/p>\n","protected":false},"excerpt":{"rendered":"<p>Delphine Ernotte Enfants Delphine Ernotte enfants Delphine Ernotte, pr\u00e9sidente de France T\u00e9l\u00e9visions, est une figure embl\u00e9matique du paysage audiovisuel fran\u00e7ais. Pourtant, lorsqu\u2019il s\u2019agit de ses enfants, elle pr\u00e9f\u00e8re garder une discr\u00e9tion absolue. Pas de photos, pas d\u2019interviews, pas de d\u00e9tails croustillants \u2013 un v\u00e9ritable exploit \u00e0 l\u2019\u00e8re des r\u00e9seaux sociaux o\u00f9 tout le monde partage&#8230;<\/p>\n","protected":false},"author":1,"featured_media":6321,"comment_status":"","ping_status":"","sticky":false,"template":"","format":"standard","meta":{"_kad_post_transparent":"","_kad_post_title":"","_kad_post_layout":"","_kad_post_sidebar_id":"","_kad_post_content_style":"","_kad_post_vertical_padding":"","_kad_post_feature":"","_kad_post_feature_position":"","_kad_post_header":false,"_kad_post_footer":false,"_kad_post_classname":"","iawp_total_views":7,"footnotes":""},"categories":[28],"tags":[],"class_list":["post-6320","post","type-post","status-publish","format-standard","has-post-thumbnail","hentry","category-personnalites"],"_links":{"self":[{"href":"https:\/\/www.dmoz.fr\/tendances\/wp-json\/wp\/v2\/posts\/6320","targetHints":{"allow":["GET"]}}],"collection":[{"href":"https:\/\/www.dmoz.fr\/tendances\/wp-json\/wp\/v2\/posts"}],"about":[{"href":"https:\/\/www.dmoz.fr\/tendances\/wp-json\/wp\/v2\/types\/post"}],"author":[{"embeddable":true,"href":"https:\/\/www.dmoz.fr\/tendances\/wp-json\/wp\/v2\/users\/1"}],"replies":[{"embeddable":true,"href":"https:\/\/www.dmoz.fr\/tendances\/wp-json\/wp\/v2\/comments?post=6320"}],"version-history":[{"count":0,"href":"https:\/\/www.dmoz.fr\/tendances\/wp-json\/wp\/v2\/posts\/6320\/revisions"}],"wp:featuredmedia":[{"embeddable":true,"href":"https:\/\/www.dmoz.fr\/tendances\/wp-json\/wp\/v2\/media\/6321"}],"wp:attachment":[{"href":"https:\/\/www.dmoz.fr\/tendances\/wp-json\/wp\/v2\/media?parent=6320"}],"wp:term":[{"taxonomy":"category","embeddable":true,"href":"https:\/\/www.dmoz.fr\/tendances\/wp-json\/wp\/v2\/categories?post=6320"},{"taxonomy":"post_tag","embeddable":true,"href":"https:\/\/www.dmoz.fr\/tendances\/wp-json\/wp\/v2\/tags?post=6320"}],"curies":[{"name":"wp","href":"https:\/\/api.w.org\/{rel}","templated":true}]}}