{"id":6322,"date":"2025-07-02T10:29:55","date_gmt":"2025-07-02T09:29:55","guid":{"rendered":"https:\/\/www.dmoz.fr\/tendances\/enfants-marion-cotillard\/"},"modified":"2025-07-02T10:29:55","modified_gmt":"2025-07-02T09:29:55","slug":"enfants-marion-cotillard","status":"publish","type":"post","link":"https:\/\/www.dmoz.fr\/tendances\/enfants-marion-cotillard\/","title":{"rendered":"Enfants marion cotillard : d\u00e9couvrez leur vie secr\u00e8te et leurs passions"},"content":{"rendered":"<p><\/p>\n<div id='video-container' data-video-id='MCc4ygZumpI' style='width:100%; height:auto; max-width:587px; position: relative;'>\n<div class='image-video-plugin' style='background:url(\"https:\/\/img.youtube.com\/vi\/MCc4ygZumpI\/0.jpg\") center no-repeat; background-size: cover;'><\/div>\n<p>        <span class='youtube-play-button'><\/span><br \/>\n        <noscript><a href=\"https:\/\/www.youtube.com\/watch?v=MCc4ygZumpI\" target=\"_blank\" rel=\"noopener\"><\/a><\/noscript>\n    <\/div>\n<p><\/p>\n<p><h2>Enfants Marion Cotillard<\/h2>\n<p>\nMarion Cotillard, l\u2019ic\u00f4ne du cin\u00e9ma fran\u00e7ais, ne brille pas seulement sur les \u00e9crans, mais aussi dans son r\u00f4le de m\u00e8re. Avec son compagnon, Guillaume Canet, elle forme un duo parental aussi glamour qu\u2019attachant. Leur famille compte deux enfants, <strong>Marcel<\/strong> et <strong>Louise<\/strong>, qui grandissent \u00e0 l\u2019abri des projecteurs, loin des frasques m\u00e9diatiques. Marion, connue pour son engagement \u00e9cologique et humanitaire, transmet \u00e0 ses petits des valeurs fortes, comme le respect de la nature et l\u2019importance de la simplicit\u00e9. Une \u00e9ducation loin des clich\u00e9s des enfants de stars, o\u00f9 les balades en for\u00eat et les discussions sur l\u2019environnement prennent le pas sur les mondanit\u00e9s.<\/p>\n<p>Si Marion Cotillard est une actrice prim\u00e9e et une ambassadrice de causes nobles, elle reste avant tout une maman attentive. Elle partage parfois, avec pudeur, des anecdotes sur ses enfants, r\u00e9v\u00e9lant des moments de complicit\u00e9 et de tendresse. <strong>Marcel<\/strong> et <strong>Louise<\/strong> semblent h\u00e9riter de la cr\u00e9ativit\u00e9 de leurs parents, avec un go\u00fbt prononc\u00e9 pour les arts et la musique. Marion, en \u00e9quilibre entre sa carri\u00e8re internationale et sa vie de famille, incarne une parentalit\u00e9 moderne, o\u00f9 l\u2019amour et les valeurs essentielles priment.<\/p>\n<p>[aib_post_related url=&rsquo;\/tendances\/taille-vitinha\/&rsquo; title=&rsquo;D\u00e9couvrez la taille vitinha\u00a0: le secret pour un style unique et \u00e9l\u00e9gant\u00a0!&rsquo; relatedtext=&rsquo;Vous pourriez \u00e9galement \u00eatre int\u00e9ress\u00e9 par:&rsquo;]<\/p>\n<p><h3>Questions fr\u00e9quentes sur les enfants de Marion Cotillard<\/h3>\n<p>\n<b>Comment Marion Cotillard prot\u00e8ge-t-elle la vie priv\u00e9e de ses enfants ?<\/b><br \/>\nMarion et Guillaume veillent \u00e0 pr\u00e9server l\u2019intimit\u00e9 de Marcel et Louise en \u00e9vitant de les exposer sur les r\u00e9seaux sociaux ou lors d\u2019\u00e9v\u00e9nements publics.<\/p>\n<p><b>Quelles valeurs Marion Cotillard transmet-elle \u00e0 ses enfants ?<\/b><br \/>\nElle insiste sur l\u2019\u00e9cologie, la simplicit\u00e9 et l\u2019empathie, des valeurs qu\u2019elle incarne dans sa vie personnelle et professionnelle.<\/p>\n<p>[aib_post_related url=&rsquo;\/tendances\/michel-admette\/&rsquo; title=&rsquo;Michel Admette : d\u00e9couvrez l\u2019histoire fascinante derri\u00e8re ce nom m\u00e9connu&rsquo; relatedtext=&rsquo;Vous pourriez \u00e9galement \u00eatre int\u00e9ress\u00e9 par:&rsquo;]<\/p>\n<p><b>Les enfants de Marion Cotillard sont-ils pr\u00e9sents sur les r\u00e9seaux sociaux ?<\/b><br \/>\nNon, Marion et Guillaume ont choisi de les \u00e9loigner des plateformes num\u00e9riques pour leur offrir une enfance paisible et prot\u00e9g\u00e9e.<\/p>\n","protected":false},"excerpt":{"rendered":"<p>Enfants Marion Cotillard Marion Cotillard, l\u2019ic\u00f4ne du cin\u00e9ma fran\u00e7ais, ne brille pas seulement sur les \u00e9crans, mais aussi dans son r\u00f4le de m\u00e8re. Avec son compagnon, Guillaume Canet, elle forme un duo parental aussi glamour qu\u2019attachant. Leur famille compte deux enfants, Marcel et Louise, qui grandissent \u00e0 l\u2019abri des projecteurs, loin des frasques m\u00e9diatiques. Marion,&#8230;<\/p>\n","protected":false},"author":1,"featured_media":6323,"comment_status":"","ping_status":"","sticky":false,"template":"","format":"standard","meta":{"_kad_post_transparent":"","_kad_post_title":"","_kad_post_layout":"","_kad_post_sidebar_id":"","_kad_post_content_style":"","_kad_post_vertical_padding":"","_kad_post_feature":"","_kad_post_feature_position":"","_kad_post_header":false,"_kad_post_footer":false,"_kad_post_classname":"","iawp_total_views":3,"footnotes":""},"categories":[28],"tags":[],"class_list":["post-6322","post","type-post","status-publish","format-standard","has-post-thumbnail","hentry","category-personnalites"],"_links":{"self":[{"href":"https:\/\/www.dmoz.fr\/tendances\/wp-json\/wp\/v2\/posts\/6322","targetHints":{"allow":["GET"]}}],"collection":[{"href":"https:\/\/www.dmoz.fr\/tendances\/wp-json\/wp\/v2\/posts"}],"about":[{"href":"https:\/\/www.dmoz.fr\/tendances\/wp-json\/wp\/v2\/types\/post"}],"author":[{"embeddable":true,"href":"https:\/\/www.dmoz.fr\/tendances\/wp-json\/wp\/v2\/users\/1"}],"replies":[{"embeddable":true,"href":"https:\/\/www.dmoz.fr\/tendances\/wp-json\/wp\/v2\/comments?post=6322"}],"version-history":[{"count":0,"href":"https:\/\/www.dmoz.fr\/tendances\/wp-json\/wp\/v2\/posts\/6322\/revisions"}],"wp:featuredmedia":[{"embeddable":true,"href":"https:\/\/www.dmoz.fr\/tendances\/wp-json\/wp\/v2\/media\/6323"}],"wp:attachment":[{"href":"https:\/\/www.dmoz.fr\/tendances\/wp-json\/wp\/v2\/media?parent=6322"}],"wp:term":[{"taxonomy":"category","embeddable":true,"href":"https:\/\/www.dmoz.fr\/tendances\/wp-json\/wp\/v2\/categories?post=6322"},{"taxonomy":"post_tag","embeddable":true,"href":"https:\/\/www.dmoz.fr\/tendances\/wp-json\/wp\/v2\/tags?post=6322"}],"curies":[{"name":"wp","href":"https:\/\/api.w.org\/{rel}","templated":true}]}}