{"id":6352,"date":"2025-07-02T18:36:39","date_gmt":"2025-07-02T17:36:39","guid":{"rendered":"https:\/\/www.dmoz.fr\/tendances\/melody-gardot-enfants\/"},"modified":"2025-07-02T18:36:39","modified_gmt":"2025-07-02T17:36:39","slug":"melody-gardot-enfants","status":"publish","type":"post","link":"https:\/\/www.dmoz.fr\/tendances\/melody-gardot-enfants\/","title":{"rendered":"Melody Gardot et son univers intime : ses enfants, une inspiration m\u00e9connue"},"content":{"rendered":"<p><\/p>\n<div id='video-container' data-video-id='Eh72oFH6K9A' style='width:100%; height:auto; max-width:587px; position: relative;'>\n<div class='image-video-plugin' style='background:url(\"https:\/\/img.youtube.com\/vi\/Eh72oFH6K9A\/0.jpg\") center no-repeat; background-size: cover;'><\/div>\n<p>        <span class='youtube-play-button'><\/span><br \/>\n        <noscript><a href=\"https:\/\/www.youtube.com\/watch?v=Eh72oFH6K9A\" target=\"_blank\" rel=\"noopener\"><\/a><\/noscript>\n    <\/div>\n<p><\/p>\n<h2>Melody Gardot Enfants<\/h2>\n<p><h2>Melody gardot enfants<\/h2>\n<p>\nMelody Gardot, cette voix envo\u00fbtante qui berce nos oreilles depuis des ann\u00e9es, est souvent per\u00e7ue comme une artiste profond\u00e9ment intime et myst\u00e9rieuse. Pourtant, lorsqu\u2019il s\u2019agit de sa vie personnelle, elle garde les cartes bien serr\u00e9es contre sa poitrine, comme une m\u00e9lodie inachev\u00e9e. <strong>Les enfants de Melody Gardot ?<\/strong> Un sujet qui intrigue, mais qui reste, pour l\u2019instant, un myst\u00e8re bien gard\u00e9. L\u2019artiste, connue pour son \u00e9l\u00e9gance et sa discr\u00e9tion, n\u2019a jamais \u00e9voqu\u00e9 publiquement la pr\u00e9sence de petits Gardot dans sa vie. Est-ce par choix ? Par protection ? Ou simplement parce que sa musique est d\u00e9j\u00e0 son b\u00e9b\u00e9, nourri avec amour et passion ?<\/p>\n<p>Dans un monde o\u00f9 les c\u00e9l\u00e9brit\u00e9s partagent souvent chaque d\u00e9tail de leur vie, Melody Gardot pr\u00e9f\u00e8re laisser planer le doute. <strong>Ses chansons, empreintes d\u2019\u00e9motions et de vuln\u00e9rabilit\u00e9, pourraient-elles \u00eatre inspir\u00e9es par une maternit\u00e9 secr\u00e8te ?<\/strong> Ou sont-elles simplement le reflet d\u2019une artiste qui vit pleinement son art ? Quoi qu\u2019il en soit, cette \u00e9nigme ajoute une touche de myst\u00e8re \u00e0 son personnage, comme une note suspendue dans une partition. Et si un jour elle d\u00e9cidait de lever le voile, nul doute que cela serait fait avec la m\u00eame gr\u00e2ce et la m\u00eame \u00e9l\u00e9gance qui caract\u00e9risent sa carri\u00e8re.<\/p>\n<p><h3>Melody gardot et les enfants : vos questions, nos r\u00e9ponses<\/h3>\n<p>\n<b>Melody gardot a-t-elle des enfants ?<\/b><br \/>\n\u00c0 ce jour, aucune information officielle ne confirme que Melody Gardot est m\u00e8re. L\u2019artiste pr\u00e9f\u00e8re garder sa vie priv\u00e9e \u00e0 l\u2019abri des projecteurs.<\/p>\n<p><b>Pourquoi Melody gardot ne parle-t-elle pas de sa vie familiale ?<\/b><br \/>\nMelody Gardot est connue pour son extr\u00eame discr\u00e9tion. Elle choisit de prot\u00e9ger son intimit\u00e9, pr\u00e9f\u00e9rant laisser sa musique parler pour elle.<\/p>\n<p><b>Est-ce que ses chansons \u00e9voquent des th\u00e8mes li\u00e9s \u00e0 la maternit\u00e9 ?<\/b><br \/>\nSes textes explorent des \u00e9motions universelles, mais rien ne laisse explicitement penser qu\u2019ils sont inspir\u00e9s par une exp\u00e9rience de maternit\u00e9.<\/p>\n<p>[aib_post_related url=&rsquo;\/tendances\/un-ex-fiance-en-cadeau\/&rsquo; title=&rsquo;Un ex-fianc\u00e9 en cadeau\u00a0: et si c\u2019\u00e9tait la meilleure id\u00e9e\u00a0?&rsquo; relatedtext=&rsquo;Vous pourriez \u00e9galement \u00eatre int\u00e9ress\u00e9 par:&rsquo;]<\/p>\n<p><b>Melody gardot pourrait-elle un jour r\u00e9v\u00e9ler des d\u00e9tails sur sa vie de famille ?<\/b><br \/>\nTout est possible, mais si cela arrive, ce sera sans doute \u00e0 son rythme et avec la m\u00eame \u00e9l\u00e9gance qui la caract\u00e9rise.<\/p>\n","protected":false},"excerpt":{"rendered":"<p>Melody Gardot Enfants Melody gardot enfants Melody Gardot, cette voix envo\u00fbtante qui berce nos oreilles depuis des ann\u00e9es, est souvent per\u00e7ue comme une artiste profond\u00e9ment intime et myst\u00e9rieuse. Pourtant, lorsqu\u2019il s\u2019agit de sa vie personnelle, elle garde les cartes bien serr\u00e9es contre sa poitrine, comme une m\u00e9lodie inachev\u00e9e. Les enfants de Melody Gardot ? Un&#8230;<\/p>\n","protected":false},"author":1,"featured_media":6353,"comment_status":"","ping_status":"","sticky":false,"template":"","format":"standard","meta":{"_kad_post_transparent":"","_kad_post_title":"","_kad_post_layout":"","_kad_post_sidebar_id":"","_kad_post_content_style":"","_kad_post_vertical_padding":"","_kad_post_feature":"","_kad_post_feature_position":"","_kad_post_header":false,"_kad_post_footer":false,"_kad_post_classname":"","iawp_total_views":81,"footnotes":""},"categories":[28],"tags":[],"class_list":["post-6352","post","type-post","status-publish","format-standard","has-post-thumbnail","hentry","category-personnalites"],"_links":{"self":[{"href":"https:\/\/www.dmoz.fr\/tendances\/wp-json\/wp\/v2\/posts\/6352","targetHints":{"allow":["GET"]}}],"collection":[{"href":"https:\/\/www.dmoz.fr\/tendances\/wp-json\/wp\/v2\/posts"}],"about":[{"href":"https:\/\/www.dmoz.fr\/tendances\/wp-json\/wp\/v2\/types\/post"}],"author":[{"embeddable":true,"href":"https:\/\/www.dmoz.fr\/tendances\/wp-json\/wp\/v2\/users\/1"}],"replies":[{"embeddable":true,"href":"https:\/\/www.dmoz.fr\/tendances\/wp-json\/wp\/v2\/comments?post=6352"}],"version-history":[{"count":0,"href":"https:\/\/www.dmoz.fr\/tendances\/wp-json\/wp\/v2\/posts\/6352\/revisions"}],"wp:featuredmedia":[{"embeddable":true,"href":"https:\/\/www.dmoz.fr\/tendances\/wp-json\/wp\/v2\/media\/6353"}],"wp:attachment":[{"href":"https:\/\/www.dmoz.fr\/tendances\/wp-json\/wp\/v2\/media?parent=6352"}],"wp:term":[{"taxonomy":"category","embeddable":true,"href":"https:\/\/www.dmoz.fr\/tendances\/wp-json\/wp\/v2\/categories?post=6352"},{"taxonomy":"post_tag","embeddable":true,"href":"https:\/\/www.dmoz.fr\/tendances\/wp-json\/wp\/v2\/tags?post=6352"}],"curies":[{"name":"wp","href":"https:\/\/api.w.org\/{rel}","templated":true}]}}