{"id":6364,"date":"2025-07-02T21:44:07","date_gmt":"2025-07-02T20:44:07","guid":{"rendered":"https:\/\/www.dmoz.fr\/tendances\/patrick-duffy-notre-belle-famille\/"},"modified":"2025-07-02T21:44:07","modified_gmt":"2025-07-02T20:44:07","slug":"patrick-duffy-notre-belle-famille","status":"publish","type":"post","link":"https:\/\/www.dmoz.fr\/tendances\/patrick-duffy-notre-belle-famille\/","title":{"rendered":"Patrick Duffy : les secrets m\u00e9connus de notre belle famille"},"content":{"rendered":"<p><\/p>\n<div id='video-container' data-video-id='pGlq_jh6S88' style='width:100%; height:auto; max-width:587px; position: relative;'>\n<div class='image-video-plugin' style='background:url(\"https:\/\/img.youtube.com\/vi\/pGlq_jh6S88\/0.jpg\") center no-repeat; background-size: cover;'><\/div>\n<p>        <span class='youtube-play-button'><\/span><br \/>\n        <noscript><a href=\"https:\/\/www.youtube.com\/watch?v=pGlq_jh6S88\" target=\"_blank\" rel=\"noopener\"><\/a><\/noscript>\n    <\/div>\n<p><\/p>\n<p><h2>Patrick Duffy Notre Belle Famille<\/h2>\n<p>\nPatrick Duffy, l\u2019acteur embl\u00e9matique de la s\u00e9rie culte <em>Notre Belle Famille<\/em>, a marqu\u00e9 des g\u00e9n\u00e9rations avec son r\u00f4le de Frank Lambert. Ce personnage, p\u00e8re de famille recompos\u00e9, a su incarner \u00e0 la fois l\u2019autorit\u00e9 bienveillante et l\u2019humour d\u00e9cal\u00e9, faisant de lui une figure incontournable des ann\u00e9es 90. Avec sa moustache l\u00e9gendaire et son charisme ind\u00e9niable, Patrick Duffy a su donner vie \u00e0 un personnage qui, malgr\u00e9 ses imperfections, restait profond\u00e9ment attachant. <em>Notre Belle Famille<\/em> a ainsi permis \u00e0 l\u2019acteur de s\u2019imposer comme un pilier de la com\u00e9die familiale, tout en explorant des th\u00e8mes universels comme l\u2019amour, la tol\u00e9rance et les d\u00e9fis de la vie quotidienne.<\/p>\n<p>[aib_post_related url=&rsquo;\/tendances\/djebril-le-mari-de-nawell-madani\/&rsquo; title=&rsquo;Djebril, le mari de Nawell Madani\u00a0: d\u00e9couvrez leur histoire secr\u00e8te\u00a0!&rsquo; relatedtext=&rsquo;Vous pourriez \u00e9galement \u00eatre int\u00e9ress\u00e9 par:&rsquo;]<\/p>\n<p>Dans <em>Notre Belle Famille<\/em>, Patrick Duffy a su jongler entre moments comiques et sc\u00e8nes \u00e9mouvantes, offrant une performance qui a r\u00e9sist\u00e9 \u00e0 l\u2019\u00e9preuve du temps. Son personnage, Frank Lambert, \u00e9tait un p\u00e8re aimant, parfois maladroit, mais toujours pr\u00eat \u00e0 se battre pour sa famille. La s\u00e9rie, diffus\u00e9e entre 1991 et 1999, a su captiver un large public gr\u00e2ce \u00e0 son m\u00e9lange unique d\u2019humour et de sensibilit\u00e9. Patrick Duffy, avec son talent ind\u00e9niable, a contribu\u00e9 \u00e0 faire de cette s\u00e9rie un v\u00e9ritable ph\u00e9nom\u00e8ne culturel, dont l\u2019h\u00e9ritage continue de r\u00e9sonner aujourd\u2019hui.<\/p>\n<p><h3>Patrick Duffy et <em>Notre Belle Famille<\/em> : vos questions, nos r\u00e9ponses<\/h3>\n<p>\n<b>Quel \u00e9tait le r\u00f4le de Patrick Duffy dans <em>Notre Belle Famille<\/em> ?<\/b><br \/>\nPatrick Duffy incarnait Frank Lambert, un p\u00e8re de famille recompos\u00e9 qui devait g\u00e9rer les d\u00e9fis de la vie quotidienne avec humour et patience.<\/p>\n<p><b>Combien de saisons compte <em>Notre Belle Famille<\/em> ?<\/b><br \/>\nLa s\u00e9rie compte 8 saisons, diffus\u00e9es entre 1991 et 1999, avec un total de 203 \u00e9pisodes.<\/p>\n<p>[aib_post_related url=&rsquo;\/tendances\/famille-bellocq-famille-nombreuse\/&rsquo; title=&rsquo;D\u00e9couvrez les secrets de la famille Bellocq, une famille nombreuse hors du commun&rsquo; relatedtext=&rsquo;Vous pourriez \u00e9galement \u00eatre int\u00e9ress\u00e9 par:&rsquo;]<\/p>\n<p><b>Patrick Duffy a-t-il jou\u00e9 dans d\u2019autres s\u00e9ries c\u00e9l\u00e8bres ?<\/b><br \/>\nOui, il est \u00e9galement connu pour son r\u00f4le de Bobby Ewing dans <em>Dallas<\/em>, une autre s\u00e9rie culte des ann\u00e9es 80.<\/p>\n<p><b>Qu\u2019est-ce qui rend Frank Lambert si m\u00e9morable ?<\/b><br \/>\nSon m\u00e9lange d\u2019autorit\u00e9, d\u2019humour et de vuln\u00e9rabilit\u00e9 en a fait un personnage profond\u00e9ment humain et attachant.<\/p>\n<p><b><em>Notre Belle Famille<\/em> est-elle disponible en streaming ?<\/b><br \/>\nOui, la s\u00e9rie est disponible sur plusieurs plateformes de streaming, permettant aux fans de la red\u00e9couvrir ou de la partager avec les nouvelles g\u00e9n\u00e9rations.<\/p>\n","protected":false},"excerpt":{"rendered":"<p>Patrick Duffy Notre Belle Famille Patrick Duffy, l\u2019acteur embl\u00e9matique de la s\u00e9rie culte Notre Belle Famille, a marqu\u00e9 des g\u00e9n\u00e9rations avec son r\u00f4le de Frank Lambert. Ce personnage, p\u00e8re de famille recompos\u00e9, a su incarner \u00e0 la fois l\u2019autorit\u00e9 bienveillante et l\u2019humour d\u00e9cal\u00e9, faisant de lui une figure incontournable des ann\u00e9es 90. Avec sa moustache&#8230;<\/p>\n","protected":false},"author":1,"featured_media":6365,"comment_status":"","ping_status":"","sticky":false,"template":"","format":"standard","meta":{"_kad_post_transparent":"","_kad_post_title":"","_kad_post_layout":"","_kad_post_sidebar_id":"","_kad_post_content_style":"","_kad_post_vertical_padding":"","_kad_post_feature":"","_kad_post_feature_position":"","_kad_post_header":false,"_kad_post_footer":false,"_kad_post_classname":"","iawp_total_views":0,"footnotes":""},"categories":[28],"tags":[],"class_list":["post-6364","post","type-post","status-publish","format-standard","has-post-thumbnail","hentry","category-personnalites"],"_links":{"self":[{"href":"https:\/\/www.dmoz.fr\/tendances\/wp-json\/wp\/v2\/posts\/6364","targetHints":{"allow":["GET"]}}],"collection":[{"href":"https:\/\/www.dmoz.fr\/tendances\/wp-json\/wp\/v2\/posts"}],"about":[{"href":"https:\/\/www.dmoz.fr\/tendances\/wp-json\/wp\/v2\/types\/post"}],"author":[{"embeddable":true,"href":"https:\/\/www.dmoz.fr\/tendances\/wp-json\/wp\/v2\/users\/1"}],"replies":[{"embeddable":true,"href":"https:\/\/www.dmoz.fr\/tendances\/wp-json\/wp\/v2\/comments?post=6364"}],"version-history":[{"count":0,"href":"https:\/\/www.dmoz.fr\/tendances\/wp-json\/wp\/v2\/posts\/6364\/revisions"}],"wp:featuredmedia":[{"embeddable":true,"href":"https:\/\/www.dmoz.fr\/tendances\/wp-json\/wp\/v2\/media\/6365"}],"wp:attachment":[{"href":"https:\/\/www.dmoz.fr\/tendances\/wp-json\/wp\/v2\/media?parent=6364"}],"wp:term":[{"taxonomy":"category","embeddable":true,"href":"https:\/\/www.dmoz.fr\/tendances\/wp-json\/wp\/v2\/categories?post=6364"},{"taxonomy":"post_tag","embeddable":true,"href":"https:\/\/www.dmoz.fr\/tendances\/wp-json\/wp\/v2\/tags?post=6364"}],"curies":[{"name":"wp","href":"https:\/\/api.w.org\/{rel}","templated":true}]}}