{"id":6390,"date":"2025-07-03T04:27:06","date_gmt":"2025-07-03T03:27:06","guid":{"rendered":"https:\/\/www.dmoz.fr\/tendances\/fils-de-jean-luc-delarue\/"},"modified":"2025-07-03T04:27:06","modified_gmt":"2025-07-03T03:27:06","slug":"fils-de-jean-luc-delarue","status":"publish","type":"post","link":"https:\/\/www.dmoz.fr\/tendances\/fils-de-jean-luc-delarue\/","title":{"rendered":"Le myst\u00e9rieux destin des fils de Jean-Luc Delarue r\u00e9v\u00e9l\u00e9"},"content":{"rendered":"<p><\/p>\n<div id='video-container' data-video-id='zdlMEdp4uJA' style='width:100%; height:auto; max-width:587px; position: relative;'>\n<div class='image-video-plugin' style='background:url(\"https:\/\/img.youtube.com\/vi\/zdlMEdp4uJA\/0.jpg\") center no-repeat; background-size: cover;'><\/div>\n<p>        <span class='youtube-play-button'><\/span><br \/>\n        <noscript><a href=\"https:\/\/www.youtube.com\/watch?v=zdlMEdp4uJA\" target=\"_blank\" rel=\"noopener\"><\/a><\/noscript>\n    <\/div>\n<p><\/p>\n<h2>Fils De Jean Luc Delarue<\/h2>\n<p><h2>Fils de Jean Luc Delarue<\/h2>\n<p>\nJean Luc Delarue, figure embl\u00e9matique de la t\u00e9l\u00e9vision fran\u00e7aise, a marqu\u00e9 les esprits par son charisme et son talent. Mais saviez-vous qu\u2019il a \u00e9galement laiss\u00e9 derri\u00e8re lui un h\u00e9ritage familial ? Son fils, <strong>Joseph Delarue<\/strong>, est aujourd\u2019hui un jeune homme qui \u00e9volue loin des projecteurs, pr\u00e9f\u00e9rant une vie discr\u00e8te et \u00e9loign\u00e9e des m\u00e9dias. Bien que son p\u00e8re ait \u00e9t\u00e9 une personnalit\u00e9 publique, Joseph a choisi de tracer son propre chemin, loin des cam\u00e9ras et des plateaux t\u00e9l\u00e9. Une d\u00e9cision qui t\u00e9moigne d\u2019une maturit\u00e9 et d\u2019un d\u00e9sir de pr\u00e9server son intimit\u00e9, tout en honorant la m\u00e9moire de son p\u00e8re.<\/p>\n<p>[aib_post_related url=&rsquo;\/tendances\/jarry-taille\/&rsquo; title=&rsquo;D\u00e9couvrez la v\u00e9rit\u00e9 surprenante sur la taille de Jarry&rsquo; relatedtext=&rsquo;Vous pourriez \u00e9galement \u00eatre int\u00e9ress\u00e9 par:&rsquo;]<\/p>\n<p>Le parcours de Joseph Delarue reste, pour l\u2019instant, un myst\u00e8re pour le grand public. Cependant, on peut imaginer que l\u2019h\u00e9ritage de Jean Luc Delarue, tant sur le plan humain que professionnel, a d\u00fb influencer son \u00e9ducation et ses choix de vie. <strong>Joseph incarne sans doute une nouvelle g\u00e9n\u00e9ration<\/strong>, qui cherche \u00e0 concilier respect du pass\u00e9 et construction d\u2019un avenir personnel. Une histoire qui rappelle que, derri\u00e8re chaque grande figure publique, il y a une famille, des proches, et des destins qui m\u00e9ritent d\u2019\u00eatre respect\u00e9s.<\/p>\n<p>[aib_post_related url=&rsquo;\/tendances\/david-douillet-taille-poids\/&rsquo; title=&rsquo;David Douillet taille et poids : d\u00e9couvrez les secrets de son physique impressionnant&rsquo; relatedtext=&rsquo;Vous pourriez \u00e9galement \u00eatre int\u00e9ress\u00e9 par:&rsquo;]<\/p>\n<p><h3>Questions que vous vous posez peut-\u00eatre sur Joseph Delarue<\/h3>\n<p><\/p>\n<ul><\/p>\n<li><b>Joseph Delarue suit-il les traces de son p\u00e8re ?<\/b> Pour l\u2019instant, rien n\u2019indique qu\u2019il souhaite embrasser une carri\u00e8re m\u00e9diatique. Il semble privil\u00e9gier une vie loin des projecteurs.<\/li>\n<p><\/p>\n<li><b>Comment Joseph vit-il l\u2019h\u00e9ritage de Jean Luc Delarue ?<\/b> Bien que discret, il est probable qu\u2019il porte en lui les valeurs et les enseignements de son p\u00e8re, tout en forgeant son propre chemin.<\/li>\n<p><\/p>\n<li><b>Est-il actif sur les r\u00e9seaux sociaux ?<\/b> Joseph Delarue pr\u00e9serve son intimit\u00e9 et n\u2019est pas pr\u00e9sent sur les plateformes publiques, un choix qui m\u00e9rite d\u2019\u00eatre respect\u00e9.<\/li>\n<p>\n<\/ul><\/p>\n","protected":false},"excerpt":{"rendered":"<p>Fils De Jean Luc Delarue Fils de Jean Luc Delarue Jean Luc Delarue, figure embl\u00e9matique de la t\u00e9l\u00e9vision fran\u00e7aise, a marqu\u00e9 les esprits par son charisme et son talent. Mais saviez-vous qu\u2019il a \u00e9galement laiss\u00e9 derri\u00e8re lui un h\u00e9ritage familial ? Son fils, Joseph Delarue, est aujourd\u2019hui un jeune homme qui \u00e9volue loin des projecteurs,&#8230;<\/p>\n","protected":false},"author":1,"featured_media":6391,"comment_status":"","ping_status":"","sticky":false,"template":"","format":"standard","meta":{"_kad_post_transparent":"","_kad_post_title":"","_kad_post_layout":"","_kad_post_sidebar_id":"","_kad_post_content_style":"","_kad_post_vertical_padding":"","_kad_post_feature":"","_kad_post_feature_position":"","_kad_post_header":false,"_kad_post_footer":false,"_kad_post_classname":"","iawp_total_views":0,"footnotes":""},"categories":[28],"tags":[],"class_list":["post-6390","post","type-post","status-publish","format-standard","has-post-thumbnail","hentry","category-personnalites"],"_links":{"self":[{"href":"https:\/\/www.dmoz.fr\/tendances\/wp-json\/wp\/v2\/posts\/6390","targetHints":{"allow":["GET"]}}],"collection":[{"href":"https:\/\/www.dmoz.fr\/tendances\/wp-json\/wp\/v2\/posts"}],"about":[{"href":"https:\/\/www.dmoz.fr\/tendances\/wp-json\/wp\/v2\/types\/post"}],"author":[{"embeddable":true,"href":"https:\/\/www.dmoz.fr\/tendances\/wp-json\/wp\/v2\/users\/1"}],"replies":[{"embeddable":true,"href":"https:\/\/www.dmoz.fr\/tendances\/wp-json\/wp\/v2\/comments?post=6390"}],"version-history":[{"count":0,"href":"https:\/\/www.dmoz.fr\/tendances\/wp-json\/wp\/v2\/posts\/6390\/revisions"}],"wp:featuredmedia":[{"embeddable":true,"href":"https:\/\/www.dmoz.fr\/tendances\/wp-json\/wp\/v2\/media\/6391"}],"wp:attachment":[{"href":"https:\/\/www.dmoz.fr\/tendances\/wp-json\/wp\/v2\/media?parent=6390"}],"wp:term":[{"taxonomy":"category","embeddable":true,"href":"https:\/\/www.dmoz.fr\/tendances\/wp-json\/wp\/v2\/categories?post=6390"},{"taxonomy":"post_tag","embeddable":true,"href":"https:\/\/www.dmoz.fr\/tendances\/wp-json\/wp\/v2\/tags?post=6390"}],"curies":[{"name":"wp","href":"https:\/\/api.w.org\/{rel}","templated":true}]}}