{"id":6402,"date":"2025-07-03T07:45:34","date_gmt":"2025-07-03T06:45:34","guid":{"rendered":"https:\/\/www.dmoz.fr\/tendances\/ou-est-ne-cristiano-ronaldo-2\/"},"modified":"2025-07-03T07:45:34","modified_gmt":"2025-07-03T06:45:34","slug":"ou-est-ne-cristiano-ronaldo-2","status":"publish","type":"post","link":"https:\/\/www.dmoz.fr\/tendances\/ou-est-ne-cristiano-ronaldo-2\/","title":{"rendered":"O\u00f9 est n\u00e9 Cristiano Ronaldo : d\u00e9couvrez les origines du l\u00e9gendaire footballeur"},"content":{"rendered":"<p><\/p>\n<div id='video-container' data-video-id='K7CWQHfYvvg' style='width:100%; height:auto; max-width:587px; position: relative;'>\n<div class='image-video-plugin' style='background:url(\"https:\/\/img.youtube.com\/vi\/K7CWQHfYvvg\/0.jpg\") center no-repeat; background-size: cover;'><\/div>\n<p>        <span class='youtube-play-button'><\/span><br \/>\n        <noscript><a href=\"https:\/\/www.youtube.com\/watch?v=K7CWQHfYvvg\" target=\"_blank\" rel=\"noopener\"><\/a><\/noscript>\n    <\/div>\n<p><\/p>\n<h2>O\u00f9 Est N\u00e9 Cristiano Ronaldo<\/h2>\n<p><h2>O\u00f9 est n\u00e9 Cristiano Ronaldo<\/h2>\n<p>\nCristiano Ronaldo, ce ph\u00e9nom\u00e8ne du ballon rond, a vu le jour dans un endroit qui n\u2019a rien d\u2019un palace cinq \u00e9toiles, mais qui a su forger un champion. <strong>Funchal<\/strong>, la capitale de l\u2019\u00eele de <strong>Mad\u00e8re<\/strong>, au Portugal, est le berceau de cette l\u00e9gende vivante. Le 5 f\u00e9vrier 1985, dans le quartier modeste de <strong>Santo Ant\u00f3nio<\/strong>, un petit gar\u00e7on nomm\u00e9 Cristiano Ronaldo dos Santos Aveiro a pouss\u00e9 son premier cri. Loin des projecteurs et des stades bond\u00e9s, c\u2019est ici que tout a commenc\u00e9, entre les ruelles pittoresques et l\u2019air salin de l\u2019oc\u00e9an Atlantique.<\/p>\n<p>Mad\u00e8re, cette \u00eele verdoyante et montagneuse, est souvent surnomm\u00e9e le &ldquo;jardin flottant&rdquo; de l\u2019Atlantique. Mais pour Ronaldo, c\u2019est bien plus qu\u2019un paysage idyllique : c\u2019est le lieu o\u00f9 il a appris \u00e0 dribbler, \u00e0 r\u00eaver et \u00e0 se battre pour atteindre les sommets. <strong>Funchal<\/strong> abrite d\u2019ailleurs le <strong>Mus\u00e9e CR7<\/strong>, un hommage \u00e0 son incroyable parcours, o\u00f9 les fans peuvent retracer les \u00e9tapes de sa vie, de ses d\u00e9buts modestes \u00e0 sa gloire mondiale.<\/p>\n<p>[aib_post_related url=&rsquo;\/tendances\/poids-de-lonce-dor\/&rsquo; title=&rsquo;D\u00e9couvrez le poids de l\u2019once d\u2019or et son impact sur votre portefeuille\u00a0!&rsquo; relatedtext=&rsquo;Vous pourriez \u00e9galement \u00eatre int\u00e9ress\u00e9 par:&rsquo;]<\/p>\n<p><h3>Curieux d\u2019en savoir plus ? Voici vos r\u00e9ponses !<\/h3>\n<p><\/p>\n<ul><\/p>\n<li><b>Quel est le lien entre Ronaldo et Mad\u00e8re ?<\/b> Mad\u00e8re n\u2019est pas seulement son lieu de naissance, c\u2019est aussi une source d\u2019inspiration et de fiert\u00e9 pour Ronaldo, qui y retourne r\u00e9guli\u00e8rement.<\/li>\n<p><\/p>\n<li><b>Peut-on visiter sa maison natale ?<\/b> Oui, la maison o\u00f9 il a grandi est devenue un lieu de p\u00e8lerinage pour les fans, bien que modeste, elle raconte une histoire de d\u00e9termination.<\/li>\n<p><\/p>\n<li><b>Pourquoi Funchal est-elle si importante pour lui ?<\/b> C\u2019est ici qu\u2019il a jou\u00e9 ses premiers matchs et qu\u2019il a \u00e9t\u00e9 rep\u00e9r\u00e9 par le Sporting Lisbonne, lan\u00e7ant ainsi sa carri\u00e8re l\u00e9gendaire.<\/li>\n<p>\n<\/ul><\/p>\n","protected":false},"excerpt":{"rendered":"<p>O\u00f9 Est N\u00e9 Cristiano Ronaldo O\u00f9 est n\u00e9 Cristiano Ronaldo Cristiano Ronaldo, ce ph\u00e9nom\u00e8ne du ballon rond, a vu le jour dans un endroit qui n\u2019a rien d\u2019un palace cinq \u00e9toiles, mais qui a su forger un champion. Funchal, la capitale de l\u2019\u00eele de Mad\u00e8re, au Portugal, est le berceau de cette l\u00e9gende vivante. Le&#8230;<\/p>\n","protected":false},"author":1,"featured_media":6403,"comment_status":"","ping_status":"","sticky":false,"template":"","format":"standard","meta":{"_kad_post_transparent":"","_kad_post_title":"","_kad_post_layout":"","_kad_post_sidebar_id":"","_kad_post_content_style":"","_kad_post_vertical_padding":"","_kad_post_feature":"","_kad_post_feature_position":"","_kad_post_header":false,"_kad_post_footer":false,"_kad_post_classname":"","iawp_total_views":1,"footnotes":""},"categories":[28],"tags":[],"class_list":["post-6402","post","type-post","status-publish","format-standard","has-post-thumbnail","hentry","category-personnalites"],"_links":{"self":[{"href":"https:\/\/www.dmoz.fr\/tendances\/wp-json\/wp\/v2\/posts\/6402","targetHints":{"allow":["GET"]}}],"collection":[{"href":"https:\/\/www.dmoz.fr\/tendances\/wp-json\/wp\/v2\/posts"}],"about":[{"href":"https:\/\/www.dmoz.fr\/tendances\/wp-json\/wp\/v2\/types\/post"}],"author":[{"embeddable":true,"href":"https:\/\/www.dmoz.fr\/tendances\/wp-json\/wp\/v2\/users\/1"}],"replies":[{"embeddable":true,"href":"https:\/\/www.dmoz.fr\/tendances\/wp-json\/wp\/v2\/comments?post=6402"}],"version-history":[{"count":0,"href":"https:\/\/www.dmoz.fr\/tendances\/wp-json\/wp\/v2\/posts\/6402\/revisions"}],"wp:featuredmedia":[{"embeddable":true,"href":"https:\/\/www.dmoz.fr\/tendances\/wp-json\/wp\/v2\/media\/6403"}],"wp:attachment":[{"href":"https:\/\/www.dmoz.fr\/tendances\/wp-json\/wp\/v2\/media?parent=6402"}],"wp:term":[{"taxonomy":"category","embeddable":true,"href":"https:\/\/www.dmoz.fr\/tendances\/wp-json\/wp\/v2\/categories?post=6402"},{"taxonomy":"post_tag","embeddable":true,"href":"https:\/\/www.dmoz.fr\/tendances\/wp-json\/wp\/v2\/tags?post=6402"}],"curies":[{"name":"wp","href":"https:\/\/api.w.org\/{rel}","templated":true}]}}