{"id":6404,"date":"2025-07-03T08:19:16","date_gmt":"2025-07-03T07:19:16","guid":{"rendered":"https:\/\/www.dmoz.fr\/tendances\/ou-est-ne-jeanne-darc\/"},"modified":"2025-07-03T08:19:16","modified_gmt":"2025-07-03T07:19:16","slug":"ou-est-ne-jeanne-darc","status":"publish","type":"post","link":"https:\/\/www.dmoz.fr\/tendances\/ou-est-ne-jeanne-darc\/","title":{"rendered":"O\u00f9 est n\u00e9e Jeanne d\u2019Arc ? D\u00e9couvrez le lieu qui a forg\u00e9 une l\u00e9gende"},"content":{"rendered":"<p><\/p>\n<div id='video-container' data-video-id='YOD6AxgcP4o' style='width:100%; height:auto; max-width:587px; position: relative;'>\n<div class='image-video-plugin' style='background:url(\"https:\/\/img.youtube.com\/vi\/YOD6AxgcP4o\/0.jpg\") center no-repeat; background-size: cover;'><\/div>\n<p>        <span class='youtube-play-button'><\/span><br \/>\n        <noscript><a href=\"https:\/\/www.youtube.com\/watch?v=YOD6AxgcP4o\" target=\"_blank\" rel=\"noopener\"><\/a><\/noscript>\n    <\/div>\n<p><\/p>\n<h2>O\u00f9 Est N\u00e9 Jeanne D&rsquo;arc<\/h2>\n<h2>O\u00f9 est n\u00e9 Jeanne d&rsquo;Arc<\/h2>\n<p>Jeanne d\u2019Arc, cette ic\u00f4ne historique qui a mis le feu aux poudres (litt\u00e9ralement et figurativement) de la guerre de Cent Ans, a vu le jour dans un petit village pittoresque de Lorraine. <strong>Domr\u00e9my<\/strong>, aujourd\u2019hui appel\u00e9 Domr\u00e9my-la-Pucelle en son honneur, est le berceau de cette h\u00e9ro\u00efne l\u00e9gendaire. Imaginez un paysage bucolique, des champs verdoyants, une rivi\u00e8re paisible (la Meuse, pour les amateurs de g\u00e9ographie), et au milieu de tout \u00e7a, une jeune fille qui, un jour, a d\u00e9cid\u00e9 de bousculer le destin de la France. Domr\u00e9my, c\u2019est le genre d\u2019endroit o\u00f9 l\u2019on s\u2019attend \u00e0 croiser des moutons, pas des futures saintes. Et pourtant, c\u2019est bien l\u00e0 que tout a commenc\u00e9.<\/p>\n<p>La maison natale de Jeanne d\u2019Arc, class\u00e9e monument historique, est encore debout aujourd\u2019hui. Elle attire chaque ann\u00e9e des milliers de visiteurs curieux de marcher sur les pas de la Pucelle d\u2019Orl\u00e9ans. Ce n\u2019est pas Versailles, certes, mais cette modeste demeure en pierre a un charme ind\u00e9niable. On y respire l\u2019histoire, et on se prend presque \u00e0 entendre les voix c\u00e9lestes qui ont guid\u00e9 Jeanne vers son destin. Domr\u00e9my, c\u2019est le point de d\u00e9part d\u2019une \u00e9pop\u00e9e qui a chang\u00e9 le cours de l\u2019histoire de France, et \u00e7a, c\u2019est quand m\u00eame plus impressionnant qu\u2019un simple village de carte postale.<\/p>\n<p>[aib_post_related url=&rsquo;\/tendances\/arthur-leclerc-copine\/&rsquo; title=&rsquo;Arthur Leclerc et sa copine\u00a0: d\u00e9couvrez leur histoire secr\u00e8te\u00a0!&rsquo; relatedtext=&rsquo;Vous pourriez \u00e9galement \u00eatre int\u00e9ress\u00e9 par:&rsquo;]<\/p>\n<p><h3>Curieux d\u2019en savoir plus sur Domr\u00e9my et Jeanne d\u2019Arc ?<\/h3>\n<p><\/p>\n<ul><\/p>\n<li><b>Pourquoi Domr\u00e9my est-il devenu Domr\u00e9my-la-Pucelle ?<\/b> Tout simplement pour rendre hommage \u00e0 Jeanne d\u2019Arc, dont le surnom &ldquo;la Pucelle&rdquo; est rest\u00e9 grav\u00e9 dans l\u2019histoire.<\/li>\n<p><\/p>\n<li><b>Peut-on visiter la maison natale de Jeanne d\u2019Arc ?<\/b> Absolument ! La maison est ouverte au public et propose m\u00eame une exposition sur sa vie et son \u00e9poque.<\/li>\n<p><\/p>\n<li><b>Domr\u00e9my est-il un lieu de p\u00e8lerinage ?<\/b> Oui, pour les amateurs d\u2019histoire et les admirateurs de Jeanne, c\u2019est un passage quasi obligatoire.<\/li>\n<p>\n<\/ul><\/p>\n","protected":false},"excerpt":{"rendered":"<p>O\u00f9 Est N\u00e9 Jeanne D&rsquo;arc O\u00f9 est n\u00e9 Jeanne d&rsquo;Arc Jeanne d\u2019Arc, cette ic\u00f4ne historique qui a mis le feu aux poudres (litt\u00e9ralement et figurativement) de la guerre de Cent Ans, a vu le jour dans un petit village pittoresque de Lorraine. Domr\u00e9my, aujourd\u2019hui appel\u00e9 Domr\u00e9my-la-Pucelle en son honneur, est le berceau de cette h\u00e9ro\u00efne&#8230;<\/p>\n","protected":false},"author":1,"featured_media":6405,"comment_status":"","ping_status":"","sticky":false,"template":"","format":"standard","meta":{"_kad_post_transparent":"","_kad_post_title":"","_kad_post_layout":"","_kad_post_sidebar_id":"","_kad_post_content_style":"","_kad_post_vertical_padding":"","_kad_post_feature":"","_kad_post_feature_position":"","_kad_post_header":false,"_kad_post_footer":false,"_kad_post_classname":"","iawp_total_views":5,"footnotes":""},"categories":[28],"tags":[],"class_list":["post-6404","post","type-post","status-publish","format-standard","has-post-thumbnail","hentry","category-personnalites"],"_links":{"self":[{"href":"https:\/\/www.dmoz.fr\/tendances\/wp-json\/wp\/v2\/posts\/6404","targetHints":{"allow":["GET"]}}],"collection":[{"href":"https:\/\/www.dmoz.fr\/tendances\/wp-json\/wp\/v2\/posts"}],"about":[{"href":"https:\/\/www.dmoz.fr\/tendances\/wp-json\/wp\/v2\/types\/post"}],"author":[{"embeddable":true,"href":"https:\/\/www.dmoz.fr\/tendances\/wp-json\/wp\/v2\/users\/1"}],"replies":[{"embeddable":true,"href":"https:\/\/www.dmoz.fr\/tendances\/wp-json\/wp\/v2\/comments?post=6404"}],"version-history":[{"count":0,"href":"https:\/\/www.dmoz.fr\/tendances\/wp-json\/wp\/v2\/posts\/6404\/revisions"}],"wp:featuredmedia":[{"embeddable":true,"href":"https:\/\/www.dmoz.fr\/tendances\/wp-json\/wp\/v2\/media\/6405"}],"wp:attachment":[{"href":"https:\/\/www.dmoz.fr\/tendances\/wp-json\/wp\/v2\/media?parent=6404"}],"wp:term":[{"taxonomy":"category","embeddable":true,"href":"https:\/\/www.dmoz.fr\/tendances\/wp-json\/wp\/v2\/categories?post=6404"},{"taxonomy":"post_tag","embeddable":true,"href":"https:\/\/www.dmoz.fr\/tendances\/wp-json\/wp\/v2\/tags?post=6404"}],"curies":[{"name":"wp","href":"https:\/\/api.w.org\/{rel}","templated":true}]}}